{"id":1377,"date":"2020-07-21T10:55:00","date_gmt":"2020-07-21T08:55:00","guid":{"rendered":"https:\/\/socialwatch.bj\/?p=1377"},"modified":"2020-07-27T11:00:08","modified_gmt":"2020-07-27T09:00:08","slug":"secteur-de-leau-le-consortium-social-watch-benin-alcrer-pne-pour-la-bonne-gouvernance-a-athieme","status":"publish","type":"post","link":"https:\/\/socialwatch.bj\/?p=1377","title":{"rendered":"Secteur de l&#8217;eau: Le Consortium Social Watch-Benin-Alcrer-PNE pour la bonne gouvernance \u00e0 Athi\u00e9m\u00e9"},"content":{"rendered":"\n<p><em>Le conseil communal d\u2019Athi\u00e9m\u00e9 a donn\u00e9 le vendredi 10 Juillet 2020, une s\u00e9ance de reddition \u00e0 sa population\u00a0 dans\u00a0 le secteur de l\u2019eau et d\u2019autres\u00a0 secteurs. A\u00a0\u00a0 Dedekpoe, l\u2019un des arrondissements de la commune, cet exercice\u00a0\u00a0 de redevabilit\u00e9 salu\u00e9 par plus d\u2019un, a re\u00e7u le soutien technique et financier du Consortium Social Watch-Benin- Alcrer-PNE B\u00e9nin. <strong>\u00a0C\u2019est dans le cadre du volet gouvernance du Programme OmiDelta que cette activit\u00e9 a \u00e9t\u00e9 appuy\u00e9e par le consortium. Ceci gr\u00e2ce au financement de l\u2019Ambassade des Pays-Bas \u00e0 travers la SNV.<\/strong>\u00a0 Elle a, une fois encore, fait rappeler aux autorit\u00e9s communales, et \u00e0 la population, le r\u00f4le que chacun d\u2019eux doit jouer pour une bonne gouvernance \u00e0 la t\u00eate de la commune d\u2019Athi\u00e9m\u00e9.<\/em><\/p>\n\n\n\n<p>Grace au Consortium<em> Social Watch-Benin- Alcrer-PNE<\/em>, la population d\u2019Athi\u00e9m\u00e9 plus pr\u00e9cis\u00e9ment de Dedekpoe a b\u00e9n\u00e9fici\u00e9 pour le compte de l\u2019ann\u00e9e 2020, du tout premier exercice de redevabilit\u00e9 offert par le conseil communal d\u2019Athi\u00e9m\u00e9 dans le secteur de l\u2019eau et d\u2019autres secteurs.&nbsp; Cette s\u00e9ance s\u2019est naturellement d\u00e9roul\u00e9e sous l\u2019\u00e9gide du conseil communal \u00e0 sa t\u00eate, la premi\u00e8re autorit\u00e9 communale. Ceci en pr\u00e9sence d\u2019une forte d\u00e9l\u00e9gation&nbsp; de la soci\u00e9t\u00e9 civile. L\u2019on peut citer les membres de la Cellule de Participation Citoyenne (CPC) et d\u2019Association de consommateurs d\u2019Eau Potables (Acep) qui sont impliqu\u00e9s du d\u00e9but au choix des th\u00e9matiques voir m\u00eame dans l\u2019organisation pratique de cette s\u00e9ance. Il s\u2019agit de M. Martin Vihoutou Assogba, Pr\u00e9sident de l\u2019Ong-Alcrer, Mme Aurore Ghislaine Egounlety Biokou du Pne-B\u00e9nin, de Constant Assah et Luc Gandemey.&nbsp; Cette s\u00e9ance&nbsp; a dur\u00e9 des heures. Elle a permis au conseil communal de revenir de long en large sur la gestion qui est faite par les \u00e9lus dans plusieurs domaines avec les sous&nbsp; du contribuable.&nbsp; Le respect strict des mesures barri\u00e8res de pr\u00e9vention contre le nouveau Coronavirus Covid-19,&nbsp; \u00e9tait au rendez-vous.&nbsp; Le&nbsp; port obligatoire&nbsp; de masque par tous les participants, le&nbsp; lavage des mains par le gel hydro alcoolique fournis par Consortium et la distanciation bien remarqu\u00e9e. Toutes les dispositions \u00e9taient prises pour \u00e9viter la contamination de la Covid-19 sur les lieux.&nbsp; Au cours de cet exercice, le maire s\u2019est donn\u00e9 le devoir de pr\u00e9senter les r\u00e9alisations faites par&nbsp; le Conseil Communal en six (06)&nbsp; mois,&nbsp; dans le secteur d\u2019eau, d\u2019 infrastructures routi\u00e8res, et&nbsp; dans la&nbsp; d\u00e9marche pour le renforcement&nbsp; de l\u2019assiette fiscale propre \u00e0 la commune, aussi dans le domaine de&nbsp; construction des maternit\u00e9s isol\u00e9es,&nbsp; logements des sages- femmes, des hangars de vente dans les march\u00e9s avec les maigres ressources propres, Fadec non affect\u00e9s et Fadec fonctionnement mis \u00e0 sa disposition. A l\u2019occasion, il a&nbsp; expliqu\u00e9 ses administr\u00e9s,&nbsp; le mode de gestion&nbsp; et de fonctionnement du Conseil communal qu\u2019il dirige. A l\u2019en croire, tout est bas\u00e9 sur le consensus ou rarement par vote d\u00e9mocratique. Et c\u2019est la raison pour laquelle, la&nbsp; paix r\u00e8gne au sein du Conseil Communal. Donnant les raisons pour lesquelles, certaines r\u00e9alisations sont rest\u00e9es inachev\u00e9es, la premi\u00e8re autorit\u00e9 communal d\u2019Athi\u00e9m\u00e9, a expliqu\u00e9 que le budget de la&nbsp; Commune est un peu au-del\u00e0 de neuf cent quatre millions alors&nbsp; qu\u2019\u00e0&nbsp; jour, seulement deux cents et quelques millions&nbsp; seulement sont mis \u00e0 leurs disposition. A entendre, le maire,&nbsp; un&nbsp; \u00e9tat des lieux dans le secteur de l\u2019eau est fait d\u00e9j\u00e0. Certains ouvrages sont en panne et seront bient\u00f4t r\u00e9par\u00e9s pour fournir une eau de&nbsp; qualit\u00e9 et en qualit\u00e9 \u00e0 toutes les&nbsp; populations. Apr\u00e8s l\u2019expos\u00e9 du maire, il est revenu aux citoyens pr\u00e9sents de faire part de leurs diff\u00e9rentes pr\u00e9occupations au conseil communal.<\/p>\n\n\n\n<p><strong>Populations et \u00e9lus s\u2019engagent pour le d\u00e9veloppement<\/strong><\/p>\n\n\n\n<p>R\u00e9pondant aux diff\u00e9rentes pr\u00e9occupations, le Maire&nbsp; a demand\u00e9 aux populations la patience et les excuses&nbsp; de tout&nbsp; le conseil&nbsp; pour quelques rat\u00e9s constat\u00e9s et qui sont ind\u00e9pendamment de leur volont\u00e9.&nbsp; Il a promis que d\u2019ici la prochaine reddition de compte&nbsp; les fonds Fadec seront en totalit\u00e9 mis \u00e0 leur disposition pour que&nbsp; toutes les r\u00e9alisations (investissements) dont ils r\u00eavent&nbsp; soient r\u00e9alis\u00e9s. \u00ab&nbsp;Que les&nbsp; populations nous&nbsp; aident et nous&nbsp; accompagnent dans&nbsp; la mobilisation des ressources propres en payant et en mobilisant les TDL et autres&nbsp; taxes sur les produits agricoles comme le crin-crin,&nbsp; le choux l\u2019huile&nbsp; rouge \u2026 qu\u2019ach\u00e8tent les clients pour sortir du territoire&nbsp;\u00bb, a demand\u00e9 le Maire qui ajoute que la fuite des taxes cr\u00e9e beaucoup de&nbsp; manque \u00e0 gagner \u00e0 l\u2019assiette propre de la Commune.&nbsp; Cet exercice a \u00e9t\u00e9 salu\u00e9 par la population. Pour les participants, il a donn\u00e9 l\u2019occasion de savoir la gestion faite par les \u00e9lus mais de savoir qu\u2019ils ont aussi un r\u00f4le capital&nbsp; \u00e0 jouer pour la mobilisation des ressources pour&nbsp; le d\u00e9veloppement&nbsp; de la commune.&nbsp; Ils ont souhait\u00e9&nbsp;&nbsp; voir&nbsp; r\u00e9\u00e9diter cette s\u00e9ance&nbsp; pour le bien de la commune.&nbsp;<\/p>\n","protected":false},"excerpt":{"rendered":"<p>Le conseil communal d\u2019Athi\u00e9m\u00e9 a donn\u00e9 le vendredi 10 Juillet 2020, une s\u00e9ance de reddition \u00e0 sa population\u00a0 dans\u00a0 le secteur de l\u2019eau et d\u2019autres\u00a0 secteurs. A\u00a0\u00a0 Dedekpoe, l\u2019un des arrondissements de la commune, cet exercice\u00a0\u00a0 de redevabilit\u00e9 salu\u00e9 par plus d\u2019un, a re\u00e7u le soutien technique et financier du Consortium Social Watch-Benin- Alcrer-PNE B\u00e9nin. [&hellip;]<\/p>\n","protected":false},"author":1,"featured_media":1378,"comment_status":"open","ping_status":"open","sticky":false,"template":"","format":"standard","meta":{"amp_status":"","footnotes":""},"categories":[34,64],"tags":[136,65,135],"class_list":{"0":"post-1377","1":"post","2":"type-post","3":"status-publish","4":"format-standard","5":"has-post-thumbnail","7":"category-activites","8":"category-omidelta","9":"tag-eau","10":"tag-omidelta","11":"tag-reddition-de-compte"},"jetpack_featured_media_url":"https:\/\/socialwatch.bj\/wp-content\/uploads\/2020\/07\/Athi\u00e9m\u00e9.jpg","_links":{"self":[{"href":"https:\/\/socialwatch.bj\/index.php?rest_route=\/wp\/v2\/posts\/1377","targetHints":{"allow":["GET"]}}],"collection":[{"href":"https:\/\/socialwatch.bj\/index.php?rest_route=\/wp\/v2\/posts"}],"about":[{"href":"https:\/\/socialwatch.bj\/index.php?rest_route=\/wp\/v2\/types\/post"}],"author":[{"embeddable":true,"href":"https:\/\/socialwatch.bj\/index.php?rest_route=\/wp\/v2\/users\/1"}],"replies":[{"embeddable":true,"href":"https:\/\/socialwatch.bj\/index.php?rest_route=%2Fwp%2Fv2%2Fcomments&post=1377"}],"version-history":[{"count":1,"href":"https:\/\/socialwatch.bj\/index.php?rest_route=\/wp\/v2\/posts\/1377\/revisions"}],"predecessor-version":[{"id":1379,"href":"https:\/\/socialwatch.bj\/index.php?rest_route=\/wp\/v2\/posts\/1377\/revisions\/1379"}],"wp:featuredmedia":[{"embeddable":true,"href":"https:\/\/socialwatch.bj\/index.php?rest_route=\/wp\/v2\/media\/1378"}],"wp:attachment":[{"href":"https:\/\/socialwatch.bj\/index.php?rest_route=%2Fwp%2Fv2%2Fmedia&parent=1377"}],"wp:term":[{"taxonomy":"category","embeddable":true,"href":"https:\/\/socialwatch.bj\/index.php?rest_route=%2Fwp%2Fv2%2Fcategories&post=1377"},{"taxonomy":"post_tag","embeddable":true,"href":"https:\/\/socialwatch.bj\/index.php?rest_route=%2Fwp%2Fv2%2Ftags&post=1377"}],"curies":[{"name":"wp","href":"https:\/\/api.w.org\/{rel}","templated":true}]}}