{"id":1656,"date":"2020-12-23T18:51:53","date_gmt":"2020-12-23T17:51:53","guid":{"rendered":"https:\/\/socialwatch.bj\/?p=1656"},"modified":"2020-12-23T19:01:40","modified_gmt":"2020-12-23T18:01:40","slug":"mise-en-oeuvre-des-reformes-des-finances-publiques-au-benin-validation-du-rapport-alternatif-de-la-societe-civile-sous-legide-de-social-watch-et-rifonga","status":"publish","type":"post","link":"https:\/\/socialwatch.bj\/?p=1656","title":{"rendered":"Mise en \u0153uvre des r\u00e9formes des finances publiques au B\u00e9nin : Validation du rapport alternatif de la soci\u00e9t\u00e9 civile sous l\u2019\u00e9gide de Social Watch et Rifonga"},"content":{"rendered":"<div class=\"mceTemp\"><\/div>\n<figure id=\"attachment_1663\" aria-describedby=\"caption-attachment-1663\" style=\"width: 300px\" class=\"wp-caption alignnone\"><img loading=\"lazy\" decoding=\"async\" class=\"size-medium wp-image-1663\" src=\"https:\/\/socialwatch.bj\/wp-content\/uploads\/2020\/12\/vlcsnap-2020-12-21-11h51m00s741-300x169.png\" alt=\"\" width=\"300\" height=\"169\" srcset=\"https:\/\/socialwatch.bj\/wp-content\/uploads\/2020\/12\/vlcsnap-2020-12-21-11h51m00s741-300x169.png 300w, https:\/\/socialwatch.bj\/wp-content\/uploads\/2020\/12\/vlcsnap-2020-12-21-11h51m00s741-1024x576.png 1024w, https:\/\/socialwatch.bj\/wp-content\/uploads\/2020\/12\/vlcsnap-2020-12-21-11h51m00s741-768x432.png 768w, https:\/\/socialwatch.bj\/wp-content\/uploads\/2020\/12\/vlcsnap-2020-12-21-11h51m00s741-1536x864.png 1536w, https:\/\/socialwatch.bj\/wp-content\/uploads\/2020\/12\/vlcsnap-2020-12-21-11h51m00s741-696x392.png 696w, https:\/\/socialwatch.bj\/wp-content\/uploads\/2020\/12\/vlcsnap-2020-12-21-11h51m00s741-1068x601.png 1068w, https:\/\/socialwatch.bj\/wp-content\/uploads\/2020\/12\/vlcsnap-2020-12-21-11h51m00s741-747x420.png 747w, https:\/\/socialwatch.bj\/wp-content\/uploads\/2020\/12\/vlcsnap-2020-12-21-11h51m00s741.png 1920w\" sizes=\"auto, (max-width: 300px) 100vw, 300px\" \/><figcaption id=\"caption-attachment-1663\" class=\"wp-caption-text\">Les participants \u00e0 l&#8217;atelier de validation<\/figcaption><\/figure>\n<p>&nbsp;<\/p>\n<p>Dans le cadre de la mise en \u0153uvre du Projet d\u2019appui \u00e0 la participation de la Soci\u00e9t\u00e9 Civile au processus budg\u00e9taire aux niveaux national et sectoriel, le consortium Social Watch B\u00e9nin\/Rifonga B\u00e9nin a organis\u00e9 le lundi 21 juin 2020, dans la salle de conf\u00e9rence de\u00a0\u00a0 l\u2019INFOSEC de Cotonou, un atelier de validation du rapport alternatif de la soci\u00e9t\u00e9 civile sur la mise en \u0153uvre des r\u00e9formes des finances publiques. C\u2019\u00e9tait en pr\u00e9sence des cadres des structures de mise en \u0153uvre des R\u00e9formes des Finances Publiques, des membres des organisations de la soci\u00e9t\u00e9 civile et des cadres de la Commission de l\u2019UEMOA au B\u00e9nin<\/p>\n<figure id=\"attachment_1665\" aria-describedby=\"caption-attachment-1665\" style=\"width: 300px\" class=\"wp-caption alignnone\"><img loading=\"lazy\" decoding=\"async\" class=\"size-medium wp-image-1665\" src=\"https:\/\/socialwatch.bj\/wp-content\/uploads\/2020\/12\/vlcsnap-2020-12-21-11h52m24s240-300x169.png\" alt=\"\" width=\"300\" height=\"169\" srcset=\"https:\/\/socialwatch.bj\/wp-content\/uploads\/2020\/12\/vlcsnap-2020-12-21-11h52m24s240-300x169.png 300w, https:\/\/socialwatch.bj\/wp-content\/uploads\/2020\/12\/vlcsnap-2020-12-21-11h52m24s240-1024x576.png 1024w, https:\/\/socialwatch.bj\/wp-content\/uploads\/2020\/12\/vlcsnap-2020-12-21-11h52m24s240-768x432.png 768w, https:\/\/socialwatch.bj\/wp-content\/uploads\/2020\/12\/vlcsnap-2020-12-21-11h52m24s240-1536x864.png 1536w, https:\/\/socialwatch.bj\/wp-content\/uploads\/2020\/12\/vlcsnap-2020-12-21-11h52m24s240-696x392.png 696w, https:\/\/socialwatch.bj\/wp-content\/uploads\/2020\/12\/vlcsnap-2020-12-21-11h52m24s240-1068x601.png 1068w, https:\/\/socialwatch.bj\/wp-content\/uploads\/2020\/12\/vlcsnap-2020-12-21-11h52m24s240-747x420.png 747w, https:\/\/socialwatch.bj\/wp-content\/uploads\/2020\/12\/vlcsnap-2020-12-21-11h52m24s240.png 1920w\" sizes=\"auto, (max-width: 300px) 100vw, 300px\" \/><figcaption id=\"caption-attachment-1665\" class=\"wp-caption-text\">Blanche SONON, Pr\u00e9sidente du Conseil d&#8217;Administration de Social Watch B\u00e9nin<\/figcaption><\/figure>\n<div class=\"mceTemp\"><\/div>\n<p>La Pr\u00e9sidente du Conseil d\u2019Administration de Social Watch B\u00e9nin Blanche SONON, a indiqu\u00e9 que, depuis 2019, le Consortium Social Watch B\u00e9nin \/RIFONGA-B\u00e9nin organise une revue alternative de la mise en \u0153uvre des engagements du gouvernement relatifs aux r\u00e9formes des finances publiques.\u00a0 Cette revue qui fait suite \u00e0 celle qu\u2019organise annuellement l\u2019UEMOA, permet de proc\u00e9der \u00e0 la validation du rapport alternatif de la soci\u00e9t\u00e9 civile sur la mise en \u0153uvre des r\u00e9formes des finances publiques.<\/p>\n<p>Ce rapport expose les principales r\u00e9formes engag\u00e9es sur les finances publiques en faisant une analyse des niveaux d\u2019ex\u00e9cution ; analyse qui se d\u00e9marque des outils officiels d\u2019\u00e9valuation desdites r\u00e9formes en particulier les \u00e9valuations internes et celles de l\u2019UEMOA. Il d\u00e9bouche sur des recommandations pour une veille citoyenne plus efficace sur les r\u00e9formes en \u00e9tude en vue de garantir pour le B\u00e9nin un des meilleurs syst\u00e8mes de Gestion des Finances Publiques dans l\u2019int\u00e9r\u00eat des citoyens, contribuables et usagers des services publics.<\/p>\n<p><img loading=\"lazy\" decoding=\"async\" class=\"alignnone size-medium wp-image-1664\" src=\"https:\/\/socialwatch.bj\/wp-content\/uploads\/2020\/12\/vlcsnap-2020-12-21-11h51m41s902-300x169.png\" alt=\"\" width=\"300\" height=\"169\" srcset=\"https:\/\/socialwatch.bj\/wp-content\/uploads\/2020\/12\/vlcsnap-2020-12-21-11h51m41s902-300x169.png 300w, https:\/\/socialwatch.bj\/wp-content\/uploads\/2020\/12\/vlcsnap-2020-12-21-11h51m41s902-1024x576.png 1024w, https:\/\/socialwatch.bj\/wp-content\/uploads\/2020\/12\/vlcsnap-2020-12-21-11h51m41s902-768x432.png 768w, https:\/\/socialwatch.bj\/wp-content\/uploads\/2020\/12\/vlcsnap-2020-12-21-11h51m41s902-1536x864.png 1536w, https:\/\/socialwatch.bj\/wp-content\/uploads\/2020\/12\/vlcsnap-2020-12-21-11h51m41s902-696x392.png 696w, https:\/\/socialwatch.bj\/wp-content\/uploads\/2020\/12\/vlcsnap-2020-12-21-11h51m41s902-1068x601.png 1068w, https:\/\/socialwatch.bj\/wp-content\/uploads\/2020\/12\/vlcsnap-2020-12-21-11h51m41s902-747x420.png 747w, https:\/\/socialwatch.bj\/wp-content\/uploads\/2020\/12\/vlcsnap-2020-12-21-11h51m41s902.png 1920w\" sizes=\"auto, (max-width: 300px) 100vw, 300px\" \/><\/p>\n<p>La Pr\u00e9sidente de Social Watch B\u00e9nin, a fait remarquer que, l\u2019\u00e9dition 2020 de la revue alternative de la soci\u00e9t\u00e9 civile sur la mise en \u0153uvre des r\u00e9formes des finances au B\u00e9nin co\u00efncide avec la date butoir des derni\u00e8res \u00e9ch\u00e9ances accord\u00e9es par l\u2019UEMOA pour la mise en \u0153uvre des r\u00e9formes les plus difficiles. Elle a signal\u00e9 que malgr\u00e9 cette \u00e9ch\u00e9ance, de nombreuses dispositions d\u2019application imm\u00e9diate ou celles dont l\u2019\u00e9ch\u00e9ance est pass\u00e9e depuis 2017, sont encore en cours de mise en \u0153uvre sans garantie d\u2019une date certaine de leur ach\u00e8vement. Cette situation concerne aussi des r\u00e9formes contenues dans le Programme d\u2019Action du Gouvernement (PAG) et celles dont la mise en \u0153uvre constitue un engagement du gouvernement envers les partenaires techniques et financiers.<\/p>\n<p>Le Coordonnateur adjoint de la Cellule de Suivi de l\u2019Int\u00e9gration R\u00e9gionale, AMI TOURE Lamine, repr\u00e9sentant le Ministre de l\u2019Economie et des Finances a salu\u00e9 l\u2019initiative du Consortium Social Watch\/Rifonga qui consiste \u00e0 analyser avec ses pairs de la Soci\u00e9t\u00e9 Civile, les notes attribu\u00e9es au B\u00e9nin dans le cadre de la revue annuelle des reformes communautaires de l\u2019UEMOA, notamment celles des finances publiques.<\/p>\n<p>Au cours de l\u2019atelier, les participants ont examin\u00e9 et apport\u00e9 leurs contributions au rapport alternatif de la soci\u00e9t\u00e9 civile sur les reformes des finances publiques au B\u00e9nin avant de le valider \u00e0 l\u2019unanimit\u00e9.<\/p>\n<p>A la cl\u00f4ture de l\u2019atelier, la Pr\u00e9sidente de Social Watch B\u00e9nin a remerci\u00e9 les participants (les OSC et cadres techniques) et le Programme RePaSOC qui a soutenu gr\u00e2ce \u00e0 l\u2019Union Europ\u00e9enne l\u2019organisation de cet atelier. Pour la Pr\u00e9sidente de Social Watch B\u00e9nin, le projet d\u2019appui \u00e0 la participation de la soci\u00e9t\u00e9 civile au processus budg\u00e9taire aux niveaux national et sectoriels a capitalis\u00e9 de tr\u00e8s bonnes pratiques en mati\u00e8re de transparence budg\u00e9taire. Elle a \u00e9galement renouvel\u00e9 l\u2019engagement de la soci\u00e9t\u00e9 civile \u00e0 jouer sa partition dans le processus du suivi de la mise en \u0153uvre des reformes budg\u00e9taires.<\/p>\n<p><img loading=\"lazy\" decoding=\"async\" class=\"alignnone size-medium wp-image-1662\" src=\"https:\/\/socialwatch.bj\/wp-content\/uploads\/2020\/12\/vlcsnap-2020-12-21-11h50m14s321-300x169.png\" alt=\"\" width=\"300\" height=\"169\" srcset=\"https:\/\/socialwatch.bj\/wp-content\/uploads\/2020\/12\/vlcsnap-2020-12-21-11h50m14s321-300x169.png 300w, https:\/\/socialwatch.bj\/wp-content\/uploads\/2020\/12\/vlcsnap-2020-12-21-11h50m14s321-1024x576.png 1024w, https:\/\/socialwatch.bj\/wp-content\/uploads\/2020\/12\/vlcsnap-2020-12-21-11h50m14s321-768x432.png 768w, https:\/\/socialwatch.bj\/wp-content\/uploads\/2020\/12\/vlcsnap-2020-12-21-11h50m14s321-1536x864.png 1536w, https:\/\/socialwatch.bj\/wp-content\/uploads\/2020\/12\/vlcsnap-2020-12-21-11h50m14s321-696x392.png 696w, https:\/\/socialwatch.bj\/wp-content\/uploads\/2020\/12\/vlcsnap-2020-12-21-11h50m14s321-1068x601.png 1068w, https:\/\/socialwatch.bj\/wp-content\/uploads\/2020\/12\/vlcsnap-2020-12-21-11h50m14s321-747x420.png 747w, https:\/\/socialwatch.bj\/wp-content\/uploads\/2020\/12\/vlcsnap-2020-12-21-11h50m14s321.png 1920w\" sizes=\"auto, (max-width: 300px) 100vw, 300px\" \/><\/p>\n<p>Le repr\u00e9sentant de la r\u00e9gie de RePaSOC, Symphorien ODOWOU a not\u00e9 que des progr\u00e8s ont \u00e9t\u00e9 r\u00e9alis\u00e9 dans la mise en \u0153uvre des reformes, m\u00eame s\u2019il y a encore des efforts \u00e0 faire. IL a souhait\u00e9 que cette dynamique soit maintenue dans le temps pour favoriser une meilleure int\u00e9gration de notre pays dans l\u2019espace communautaire. Il a salu\u00e9 l\u2019engagement de Social Watch B\u00e9nin et des divers cadres\u00a0\u00a0 des structures de Mise en \u0152uvre des R\u00e9formes des Finances Publiques pour leur contribution qui a permis d\u2019obtenir les r\u00e9sultats constat\u00e9s.<\/p>\n","protected":false},"excerpt":{"rendered":"<p>&nbsp; Dans le cadre de la mise en \u0153uvre du Projet d\u2019appui \u00e0 la participation de la Soci\u00e9t\u00e9 Civile au processus budg\u00e9taire aux niveaux national et sectoriel, le consortium Social Watch B\u00e9nin\/Rifonga B\u00e9nin a organis\u00e9 le lundi 21 juin 2020, dans la salle de conf\u00e9rence de\u00a0\u00a0 l\u2019INFOSEC de Cotonou, un atelier de validation du rapport [&hellip;]<\/p>\n","protected":false},"author":1,"featured_media":1658,"comment_status":"open","ping_status":"open","sticky":false,"template":"","format":"standard","meta":{"amp_status":"","footnotes":""},"categories":[34,72],"tags":[],"class_list":{"0":"post-1656","1":"post","2":"type-post","3":"status-publish","4":"format-standard","5":"has-post-thumbnail","7":"category-activites","8":"category-suivi-budgetaire"},"jetpack_featured_media_url":"https:\/\/socialwatch.bj\/wp-content\/uploads\/2020\/12\/IMG_6841.jpg","_links":{"self":[{"href":"https:\/\/socialwatch.bj\/index.php?rest_route=\/wp\/v2\/posts\/1656","targetHints":{"allow":["GET"]}}],"collection":[{"href":"https:\/\/socialwatch.bj\/index.php?rest_route=\/wp\/v2\/posts"}],"about":[{"href":"https:\/\/socialwatch.bj\/index.php?rest_route=\/wp\/v2\/types\/post"}],"author":[{"embeddable":true,"href":"https:\/\/socialwatch.bj\/index.php?rest_route=\/wp\/v2\/users\/1"}],"replies":[{"embeddable":true,"href":"https:\/\/socialwatch.bj\/index.php?rest_route=%2Fwp%2Fv2%2Fcomments&post=1656"}],"version-history":[{"count":2,"href":"https:\/\/socialwatch.bj\/index.php?rest_route=\/wp\/v2\/posts\/1656\/revisions"}],"predecessor-version":[{"id":1667,"href":"https:\/\/socialwatch.bj\/index.php?rest_route=\/wp\/v2\/posts\/1656\/revisions\/1667"}],"wp:featuredmedia":[{"embeddable":true,"href":"https:\/\/socialwatch.bj\/index.php?rest_route=\/wp\/v2\/media\/1658"}],"wp:attachment":[{"href":"https:\/\/socialwatch.bj\/index.php?rest_route=%2Fwp%2Fv2%2Fmedia&parent=1656"}],"wp:term":[{"taxonomy":"category","embeddable":true,"href":"https:\/\/socialwatch.bj\/index.php?rest_route=%2Fwp%2Fv2%2Fcategories&post=1656"},{"taxonomy":"post_tag","embeddable":true,"href":"https:\/\/socialwatch.bj\/index.php?rest_route=%2Fwp%2Fv2%2Ftags&post=1656"}],"curies":[{"name":"wp","href":"https:\/\/api.w.org\/{rel}","templated":true}]}}