{"id":1701,"date":"2021-01-19T10:33:49","date_gmt":"2021-01-19T09:33:49","guid":{"rendered":"https:\/\/socialwatch.bj\/?p=1701"},"modified":"2021-01-19T10:52:50","modified_gmt":"2021-01-19T09:52:50","slug":"appui-a-linvestigation-journalistique-sur-les-faits-de-corruption","status":"publish","type":"post","link":"https:\/\/socialwatch.bj\/?p=1701","title":{"rendered":"Appui \u00e0 l\u2019investigation journalistique sur les faits de corruption"},"content":{"rendered":"<p><a href=\"https:\/\/socialwatch.bj\/wp-content\/uploads\/2021\/01\/CommuniquePALIRED-DDCorruption-scaled.jpg\"><img loading=\"lazy\" decoding=\"async\" class=\"aligncenter wp-image-1703\" src=\"https:\/\/socialwatch.bj\/wp-content\/uploads\/2021\/01\/CommuniquePALIRED-DDCorruption-1024x343.jpg\" alt=\"\" width=\"646\" height=\"216\" srcset=\"https:\/\/socialwatch.bj\/wp-content\/uploads\/2021\/01\/CommuniquePALIRED-DDCorruption-1024x343.jpg 1024w, https:\/\/socialwatch.bj\/wp-content\/uploads\/2021\/01\/CommuniquePALIRED-DDCorruption-300x100.jpg 300w, https:\/\/socialwatch.bj\/wp-content\/uploads\/2021\/01\/CommuniquePALIRED-DDCorruption-768x257.jpg 768w, https:\/\/socialwatch.bj\/wp-content\/uploads\/2021\/01\/CommuniquePALIRED-DDCorruption-1536x514.jpg 1536w, https:\/\/socialwatch.bj\/wp-content\/uploads\/2021\/01\/CommuniquePALIRED-DDCorruption-2048x686.jpg 2048w, https:\/\/socialwatch.bj\/wp-content\/uploads\/2021\/01\/CommuniquePALIRED-DDCorruption-696x233.jpg 696w, https:\/\/socialwatch.bj\/wp-content\/uploads\/2021\/01\/CommuniquePALIRED-DDCorruption-1068x358.jpg 1068w, https:\/\/socialwatch.bj\/wp-content\/uploads\/2021\/01\/CommuniquePALIRED-DDCorruption-1254x420.jpg 1254w\" sizes=\"auto, (max-width: 646px) 100vw, 646px\" \/><\/a><\/p>\n<p style=\"text-align: center;\"><strong><u>COMMUNIQUE<\/u><\/strong><\/p>\n<p style=\"text-align: center;\"><strong><em>Poursuite du processus de mise en place de l\u2019\u00ab Appui \u00e0 l\u2019investigation journalistique sur les faits de corruption \u00bb<\/em><\/strong><\/p>\n<p>&nbsp;<\/p>\n<p>Les \u00e9quipes de mise en \u0153uvre du Programme d\u2019Appui \u00e0 la Lutte contre l\u2019Impunit\u00e9 et au Renforcement de l\u2019Etat de Droit en R\u00e9publique du B\u00e9nin (PALIRED) et du Projet de renforcement des OSC pour la d\u00e9tection et la d\u00e9nonciation de la corruption (2D Corruption) financ\u00e9s par l\u2019Union Europ\u00e9enne, ont le plaisir d\u2019annoncer la reprise du processus d\u2019appui au journalisme d\u2019investigation, gel\u00e9 en octobre 2020 pour des raisons d\u2019ordre technique.<\/p>\n<p>A travers ce communiqu\u00e9, les journalistes s\u00e9lectionn\u00e9s (voir la liste ci-dessous) sont invit\u00e9s \u00e0 prendre part \u00e0 la s\u00e9ance de cadrage m\u00e9thodologique et de signature des conventions de partenariat qui aura lieu le mardi 26 janvier 2021 Maison des M\u00e9dias Thomas MEGNASSAN (Cotonou) \u00e0 partir de 9 heures pr\u00e9cises.<\/p>\n<p>Les participants sont pri\u00e9s de se pr\u00e9parer pour exposer leur synopsis et outils de collecte et de traitement des informations afin de recevoir des conseils m\u00e9thodologiques de la part des personnes-ressources mobilis\u00e9es par les Organisateurs.<\/p>\n<p>La signature du contrat relatif \u00e0 l\u2019appui est conditionn\u00e9e \u00e0 la participation effective \u00e0 la s\u00e9ance de cadrage.<\/p>\n<p>Pour faciliter la pr\u00e9paration des formalit\u00e9s administratives en vue de la mise en place des contrats, les participants sont invit\u00e9s \u00e0 envoyer les copies de leur pi\u00e8ce d\u2019identit\u00e9 (carte nationale d\u2019identit\u00e9\/passeport) \u00e0 l\u2019adresse suivante : <u>alcrerpara@yahoo.fr<\/u> (avec copie \u00e0 <u>palired@socialwatch.bj<\/u>) au plus tard le jeudi 21 janvier 2021.<\/p>\n<p>La s\u00e9ance de cadrage du <span style=\"background-color: #ccffff;\"><strong><span style=\"color: #ff0000;\">mardi 26 janvier 2021 d\u00e9marrera \u00e0 9 heures<\/span><\/strong><\/span> pr\u00e9cises et se terminera aux environs de 15 heures (voir l\u2019agenda ci-dessous).<\/p>\n<p>Les journalistes qui r\u00e9sident \u00e0 Natitingou, Nikki, Ouak\u00e9, Porto-Novo et Bohicon sont attendus \u00e0 Cotonou le lundi 25 janvier 2021, munis d\u2019un ordre de mission sign\u00e9 du responsable de l\u2019organe de presse. Leur voyage et leur s\u00e9jour \u00e0 Cotonou sont \u00e0 la charge des Organisateurs.<\/p>\n<p>Ce communiqu\u00e9 tient lieu d\u2019invitation des journalistes s\u00e9lectionn\u00e9s.<\/p>\n<p>&nbsp;<\/p>\n<p><strong><u>Liste des journalistes s\u00e9lectionn\u00e9s et invit\u00e9s \u00e0 la s\u00e9ance du 26\/01\/2021<\/u><\/strong><\/p>\n<p><strong><em>Cat\u00e9gorie Presse \u00e9crite<\/em><\/strong><\/p>\n<hr \/>\n<ol>\n<li>HOUESSOU F\u00e9licienne (L\u2019Economiste)<\/li>\n<\/ol>\n<ol start=\"2\">\n<li>AGBONAGBAN Kocou Aristide (Le Potentiel)<\/li>\n<\/ol>\n<ol start=\"3\">\n<li>MEHOUENOU Josu\u00e9 Fortun\u00e9 (La Nation)<\/li>\n<\/ol>\n<ol start=\"4\">\n<li>ASSOGBA Olad\u00e9 Boniface (Le Pays Emergent)<\/li>\n<\/ol>\n<ol start=\"5\">\n<li>HOUNKPEVI Aristide Fassinou (Opinion Aujourd\u2019hui)<\/li>\n<\/ol>\n<ol start=\"6\">\n<li>ADAGBE D\u00e9sir\u00e9 (Le T\u00e9l\u00e9gramme)<\/li>\n<\/ol>\n<ol start=\"7\">\n<li>DAH-BOLINON Josaphat Finogb\u00e9 (Free-Lance)<\/li>\n<\/ol>\n<ol start=\"8\">\n<li>SOSSOU Damien Val\u00e8re Megan (Le Rural)<\/li>\n<\/ol>\n<ol start=\"9\">\n<li>BANOUWIN Ange (L\u2019Actualit\u00e9)<\/li>\n<\/ol>\n<ol start=\"10\">\n<li>ISSOUFOU Abdou Wahabou (Daabaaru)<\/li>\n<\/ol>\n<ol start=\"11\">\n<li>SEKOU Henri Jo\u00ebl (Le Progr\u00e8s)<\/li>\n<\/ol>\n<ol start=\"12\">\n<li>SOSSOU Michel Cl\u00e9ment (La Nouvelle Tribune)<\/li>\n<\/ol>\n<ol start=\"13\">\n<li>DOUMANHOUN Armand Assoud\u00e9 (Fraternit\u00e9)<\/li>\n<\/ol>\n<ol start=\"14\">\n<li>DAN Rastel (L\u2019Ev\u00e8nement pr\u00e9cis)<\/li>\n<\/ol>\n<ol start=\"15\">\n<li>YACOUBOU Akkilou (Le B\u00e9ninois Lib\u00e9r\u00e9)<\/li>\n<\/ol>\n<p>&nbsp;<\/p>\n<p><strong><em>Cat\u00e9gorie Radio<\/em><\/strong><\/p>\n<hr \/>\n<ol>\n<li>SODJI Cl\u00e9ment (Radio Ouak\u00e9)<\/li>\n<\/ol>\n<ol start=\"2\">\n<li>TESSINGOU Tch\u00e9ti S\u00e9kou Tour\u00e9 (Radio communautaire NATO FM)<\/li>\n<\/ol>\n<ol start=\"3\">\n<li>AKODJETIN Dieudonn\u00e9 (Radio Sedohoun (Agbotagon)<\/li>\n<\/ol>\n<ol start=\"4\">\n<li>TOURARE ABOUBAKARI Aboudou Wahabou (Su Tii Dera FM \u2013 Nikki)<\/li>\n<\/ol>\n<ol start=\"5\">\n<li>ADOUNSI-BAH Affiavi Rom\u00e9ose (Gerddes FM<\/li>\n<\/ol>\n<p>&nbsp;<\/p>\n<p><strong><em>Cat\u00e9gorie T\u00e9l\u00e9vision<\/em><\/strong><\/p>\n<hr \/>\n<ol>\n<li>NOUATIN Michael et TITO Dorcas (Free-Lance)<\/li>\n<\/ol>\n<ol start=\"2\">\n<li>ANANI Bonaventure (Free-Lance)<\/li>\n<\/ol>\n<ol start=\"3\">\n<li>KITOME Carlos Epiphane (ESAE TV)<\/li>\n<\/ol>\n<p>&nbsp;<\/p>\n<p><strong><em>Cat\u00e9gorie Presse en ligne<\/em><\/strong><\/p>\n<hr \/>\n<ol>\n<li>ATTINKPAHOUN Babylas Amour (Free-lance)<\/li>\n<\/ol>\n<ol start=\"2\">\n<li>TONONGBE Venance (<u>lameteo.info<\/u>)<\/li>\n<\/ol>\n<p>&nbsp;<\/p>\n<p style=\"text-align: center;\"><span style=\"background-color: #00ccff;\"><strong><u>Agenda de la s\u00e9ance du 26\/01\/2021<\/u><\/strong><\/span><\/p>\n<table>\n<tbody>\n<tr>\n<td width=\"140\"><strong>Horaire<\/strong><\/td>\n<td width=\"270\"><strong>S\u00e9quence<\/strong><\/td>\n<td width=\"205\"><strong>Responsable<\/strong><\/td>\n<\/tr>\n<tr>\n<td width=\"140\"><strong><em>9h00-9h10<\/em><\/strong><\/td>\n<td width=\"270\">Mot de bienvenue<\/td>\n<td width=\"205\">PALIRED<\/td>\n<\/tr>\n<tr>\n<td width=\"140\"><strong><em>9h10-9h15<\/em><\/strong><\/td>\n<td width=\"270\">Pr\u00e9sentation\u00a0 des\u00a0 objectifs\u00a0 de\u00a0 la rencontre et de l\u2019agenda<\/td>\n<td width=\"205\">Projet 2D Corruption<\/td>\n<\/tr>\n<tr>\n<td width=\"140\"><strong><em>9h15-9h45<\/em><\/strong><\/td>\n<td width=\"270\">Expos\u00e9\u00a0 sur\u00a0 les\u00a0 exigences\u00a0 et\u00a0 les dispositions\u00a0\u00a0\u00a0 contractuelles\u00a0\u00a0\u00a0 de l\u2019appui &amp; d\u00e9bats<\/td>\n<td width=\"205\">PALIRED\u00a0 &amp;\u00a0 Projet\u00a0 2D Corruption<\/td>\n<\/tr>\n<tr>\n<td width=\"140\"><strong><em>9h45-10h15<\/em><\/strong><\/td>\n<td width=\"270\">Expos\u00e9 sur\u00a0\u00a0 les observations g\u00e9n\u00e9rales ressortant des\u00a0 travaux du Jury<\/td>\n<td width=\"205\">Personnes-ressources<\/td>\n<\/tr>\n<tr>\n<td width=\"140\"><strong><em>10h15-10h30<\/em><\/strong><\/td>\n<td width=\"270\">Pause-caf\u00e9<\/td>\n<td width=\"205\">Projet 2D Corruption<\/td>\n<\/tr>\n<tr>\n<td width=\"140\"><strong><em>10h30-13h00<\/em><\/strong><\/td>\n<td width=\"270\">Expos\u00e9 individuel des synopsis &amp; Conseils des personnes-ressources<\/td>\n<td width=\"205\">Participants &amp; Personnes-ressources<\/p>\n<p>&nbsp;<\/td>\n<\/tr>\n<tr>\n<td width=\"140\"><strong><em>13h00-14h00<\/em><\/strong><\/td>\n<td width=\"270\">Pause-d\u00e9jeuner<\/td>\n<td width=\"205\">Projet 2D Corruption<\/td>\n<\/tr>\n<tr>\n<td width=\"140\"><strong><em>14h00-15h00<\/em><\/strong><\/td>\n<td width=\"270\">Formalit\u00e9s\u00a0\u00a0\u00a0\u00a0 contractuelles et lancement des investigations<\/td>\n<td width=\"205\">PALIRED &amp; Projet\u00a0\u00a0 2D Corruption<\/td>\n<\/tr>\n<\/tbody>\n<\/table>\n<p>&nbsp;<\/p>\n<p style=\"text-align: center;\">Pour tous renseignements, veuillez contacter le 97 57 87 37 ou <u>gerfure@gmail.com<\/u><\/p>\n<p>&nbsp;<\/p>\n<p style=\"text-align: right;\"><strong>Fait \u00e0 Cotonou, le 18 Janvier 2021<\/strong><\/p>\n<p style=\"text-align: right;\"><strong>L<\/strong><strong>es Coordonnateurs du PALIRED et 2DC<\/strong><\/p>\n<p>&nbsp;<\/p>\n","protected":false},"excerpt":{"rendered":"<p>COMMUNIQUE Poursuite du processus de mise en place de l\u2019\u00ab Appui \u00e0 l\u2019investigation journalistique sur les faits de corruption \u00bb &nbsp; Les \u00e9quipes de mise en \u0153uvre du Programme d\u2019Appui \u00e0 la Lutte contre l\u2019Impunit\u00e9 et au Renforcement de l\u2019Etat de Droit en R\u00e9publique du B\u00e9nin (PALIRED) et du Projet de renforcement des OSC pour [&hellip;]<\/p>\n","protected":false},"author":1,"featured_media":1703,"comment_status":"open","ping_status":"open","sticky":false,"template":"","format":"standard","meta":{"amp_status":"","footnotes":""},"categories":[34,90,45],"tags":[],"class_list":{"0":"post-1701","1":"post","2":"type-post","3":"status-publish","4":"format-standard","5":"has-post-thumbnail","7":"category-activites","8":"category-palired","9":"category-transparency-international"},"jetpack_featured_media_url":"https:\/\/socialwatch.bj\/wp-content\/uploads\/2021\/01\/CommuniquePALIRED-DDCorruption-scaled.jpg","_links":{"self":[{"href":"https:\/\/socialwatch.bj\/index.php?rest_route=\/wp\/v2\/posts\/1701","targetHints":{"allow":["GET"]}}],"collection":[{"href":"https:\/\/socialwatch.bj\/index.php?rest_route=\/wp\/v2\/posts"}],"about":[{"href":"https:\/\/socialwatch.bj\/index.php?rest_route=\/wp\/v2\/types\/post"}],"author":[{"embeddable":true,"href":"https:\/\/socialwatch.bj\/index.php?rest_route=\/wp\/v2\/users\/1"}],"replies":[{"embeddable":true,"href":"https:\/\/socialwatch.bj\/index.php?rest_route=%2Fwp%2Fv2%2Fcomments&post=1701"}],"version-history":[{"count":2,"href":"https:\/\/socialwatch.bj\/index.php?rest_route=\/wp\/v2\/posts\/1701\/revisions"}],"predecessor-version":[{"id":1704,"href":"https:\/\/socialwatch.bj\/index.php?rest_route=\/wp\/v2\/posts\/1701\/revisions\/1704"}],"wp:featuredmedia":[{"embeddable":true,"href":"https:\/\/socialwatch.bj\/index.php?rest_route=\/wp\/v2\/media\/1703"}],"wp:attachment":[{"href":"https:\/\/socialwatch.bj\/index.php?rest_route=%2Fwp%2Fv2%2Fmedia&parent=1701"}],"wp:term":[{"taxonomy":"category","embeddable":true,"href":"https:\/\/socialwatch.bj\/index.php?rest_route=%2Fwp%2Fv2%2Fcategories&post=1701"},{"taxonomy":"post_tag","embeddable":true,"href":"https:\/\/socialwatch.bj\/index.php?rest_route=%2Fwp%2Fv2%2Ftags&post=1701"}],"curies":[{"name":"wp","href":"https:\/\/api.w.org\/{rel}","templated":true}]}}