{"id":1974,"date":"2021-06-11T23:32:49","date_gmt":"2021-06-11T21:32:49","guid":{"rendered":"https:\/\/socialwatch.bj\/?p=1974"},"modified":"2021-06-26T14:03:08","modified_gmt":"2021-06-26T12:03:08","slug":"debat-actuel-sur-la-cherte-de-la-vie-au-benin-social-watch-benin-et-autres-osc-avaient-tire-la-sonnette-dalarme","status":"publish","type":"post","link":"https:\/\/socialwatch.bj\/?p=1974","title":{"rendered":"D\u00e9bat actuel sur la chert\u00e9 de la vie au B\u00e9nin : Social Watch B\u00e9nin et autres OSC avaient tir\u00e9  la sonnette d\u2019alarme"},"content":{"rendered":"<p>La chert\u00e9 de la vie au B\u00e9nin avait \u00e9t\u00e9 per\u00e7ue depuis le mois de f\u00e9vrier de cette ann\u00e9e par Social Watch B\u00e9nin et d\u2019autres OSC, comme menace sur les conditions de vie des b\u00e9ninois. Cette inqui\u00e9tude \u00e9tait soulev\u00e9e dans un document pr\u00e9sent\u00e9 par Social Watch B\u00e9nin et d\u2019autres Organisations de la soci\u00e9t\u00e9 civile aux cadres de la Direction G\u00e9n\u00e9rale des Affaires \u00c9conomiques, direction sous tutelle du Minist\u00e8re de l\u2019\u00c9conomie et des Finances. Il s\u2019agit d\u2019un document qui porte sur : \u00ab Les Aspirations, pr\u00e9occupations et requ\u00eates prioritaires de la soci\u00e9t\u00e9 civile pour le Budget de l\u2019\u00c9tat, Gestion 2022 \u00bb La soci\u00e9t\u00e9 civile avait souhait\u00e9 la n\u00e9cessit\u00e9 de prendre des mesures sociales fortes pour contenir la baisse du pouvoir d\u2019achat des populations due \u00e0 l\u2019augmentation des prix des produits de premi\u00e8re n\u00e9cessit\u00e9. \u00a0Elle a recommand\u00e9 au gouvernement de renforcer le paquet d\u2019actions de mesures sociales de protection des personnes vuln\u00e9rables.<\/p>\n<p>La flamb\u00e9e actuelle des prix qui a entrain\u00e9 des grognes de la population vient renforcer la n\u00e9cessit\u00e9 pour le gouvernement de pr\u00e9voir dans le Budget de l\u2019\u00c9tat, exercice 2022, des mesures pouvant permettre aux citoyens b\u00e9ninois de faire face \u00e0 la situation qui risque de prendre de l\u2019ampleur. Il faut noter que le budget des Affaires Sociales pour la gestion 2021, n\u2019a pas pr\u00e9vu les transferts sociaux, notamment dans le cadre du programme de secours nationaux ou de programmes r\u00e9guliers pour faire face aux probl\u00e8mes de pauvret\u00e9 et de vuln\u00e9rabilit\u00e9 chroniques.<\/p>\n<p>Les \u00e9l\u00e9ments relatifs \u00e0 l\u2019inqui\u00e9tude au sujet de la flamb\u00e9e des prix qui s\u2019observe encore maintenant au B\u00e9nin, se trouve en deuxi\u00e8me partie des points abord\u00e9s dans le document \u201c<strong>Aspirations, pr\u00e9occupations et requ\u00eates prioritaires de la soci\u00e9t\u00e9 civile pour le budget de l\u2019\u00c9tat gestion 2022\u2033<\/strong> pr\u00e9sent\u00e9 en f\u00e9vrier 2021 \u00e0 la DGAE par la soci\u00e9t\u00e9 civile. On y retrouve aussi des recommandations faites par Social Watch B\u00e9nin et d\u2019autres organisations. Pour prendre connaissance du document cliquez sur <a href=\"https:\/\/socialwatch.bj\/wp-content\/uploads\/2021\/06\/Document_Soci%C3%A9t%C3%A9_Civile_DGAE.pdf\" target=\"_blank\" rel=\"noopener noreferrer\">T\u00e9l\u00e9charger<\/a><\/p>\n<p>&nbsp;<\/p>\n<p>&nbsp;<\/p>\n","protected":false},"excerpt":{"rendered":"<p>La chert\u00e9 de la vie au B\u00e9nin avait \u00e9t\u00e9 per\u00e7ue depuis le mois de f\u00e9vrier de cette ann\u00e9e par Social Watch B\u00e9nin et d\u2019autres OSC, comme menace sur les conditions de vie des b\u00e9ninois. Cette inqui\u00e9tude \u00e9tait soulev\u00e9e dans un document pr\u00e9sent\u00e9 par Social Watch B\u00e9nin et d\u2019autres Organisations de la soci\u00e9t\u00e9 civile aux cadres [&hellip;]<\/p>\n","protected":false},"author":1,"featured_media":1976,"comment_status":"open","ping_status":"open","sticky":false,"template":"","format":"standard","meta":{"amp_status":"","footnotes":""},"categories":[34],"tags":[],"class_list":{"0":"post-1974","1":"post","2":"type-post","3":"status-publish","4":"format-standard","5":"has-post-thumbnail","7":"category-activites"},"jetpack_featured_media_url":"https:\/\/socialwatch.bj\/wp-content\/uploads\/2021\/06\/images-1.jpg","_links":{"self":[{"href":"https:\/\/socialwatch.bj\/index.php?rest_route=\/wp\/v2\/posts\/1974","targetHints":{"allow":["GET"]}}],"collection":[{"href":"https:\/\/socialwatch.bj\/index.php?rest_route=\/wp\/v2\/posts"}],"about":[{"href":"https:\/\/socialwatch.bj\/index.php?rest_route=\/wp\/v2\/types\/post"}],"author":[{"embeddable":true,"href":"https:\/\/socialwatch.bj\/index.php?rest_route=\/wp\/v2\/users\/1"}],"replies":[{"embeddable":true,"href":"https:\/\/socialwatch.bj\/index.php?rest_route=%2Fwp%2Fv2%2Fcomments&post=1974"}],"version-history":[{"count":6,"href":"https:\/\/socialwatch.bj\/index.php?rest_route=\/wp\/v2\/posts\/1974\/revisions"}],"predecessor-version":[{"id":2011,"href":"https:\/\/socialwatch.bj\/index.php?rest_route=\/wp\/v2\/posts\/1974\/revisions\/2011"}],"wp:featuredmedia":[{"embeddable":true,"href":"https:\/\/socialwatch.bj\/index.php?rest_route=\/wp\/v2\/media\/1976"}],"wp:attachment":[{"href":"https:\/\/socialwatch.bj\/index.php?rest_route=%2Fwp%2Fv2%2Fmedia&parent=1974"}],"wp:term":[{"taxonomy":"category","embeddable":true,"href":"https:\/\/socialwatch.bj\/index.php?rest_route=%2Fwp%2Fv2%2Fcategories&post=1974"},{"taxonomy":"post_tag","embeddable":true,"href":"https:\/\/socialwatch.bj\/index.php?rest_route=%2Fwp%2Fv2%2Ftags&post=1974"}],"curies":[{"name":"wp","href":"https:\/\/api.w.org\/{rel}","templated":true}]}}