{"id":2004,"date":"2021-06-25T18:24:41","date_gmt":"2021-06-25T16:24:41","guid":{"rendered":"https:\/\/socialwatch.bj\/?p=2004"},"modified":"2021-08-12T20:00:25","modified_gmt":"2021-08-12T18:00:25","slug":"lutte-contre-la-corruption-en-afrique-de-louest-social-watch-benin-et-ghana-anti-corruption-coalition-a-pied-doeuvre","status":"publish","type":"post","link":"https:\/\/socialwatch.bj\/?p=2004","title":{"rendered":"Lutte contre la corruption en Afrique de l\u2019Ouest : Social Watch B\u00e9nin et \u00ab Ghana Anti-Corruption Coalition \u00bb \u00e0 pied d\u2019\u0153uvre"},"content":{"rendered":"<p>Du 07 au 14 juin 2021, une d\u00e9l\u00e9gation de la Coalition Anticorruption du Ghana (Ghana Anti-Corruption Coalition \u2013 GACC) a effectu\u00e9 une mission de travail au B\u00e9nin dans le cadre de son partenariat avec le r\u00e9seau Social Watch B\u00e9nin. Deux objectifs principaux \u00e9taient assign\u00e9s \u00e0 la mission de la d\u00e9l\u00e9gation du GACC au B\u00e9nin. Il s\u2019agit d\u2019une part de tenir une s\u00e9ance d\u2019appropriation avec Social Watch B\u00e9nin sur deux projets, et d\u2019autre part de tenir des s\u00e9ances d\u2019information avec les minist\u00e8res et institutions cibles \u00e0 impliquer dans la mise en \u0153uvre desdits projets.<\/p>\n<p>Le mardi 8 juin 2021, Social Watch B\u00e9nin a accueilli dans ses locaux la d\u00e9l\u00e9gation de la Coalition Anti-corruption du Ghana. La d\u00e9l\u00e9gation est compos\u00e9e de trois personnes \u00e0 savoir\u00a0: Mme Beauty E. NARTEH\u00a0(Secr\u00e9taire Ex\u00e9cutive), M. Bright SOWU (Charg\u00e9 des Programmes) et M. Godfred AMOAKO (Charg\u00e9 des Finances).<\/p>\n<p>Apres les \u00e9changes de civilit\u00e9 entre le Secr\u00e9taire Ex\u00e9cutif par int\u00e9rim de Social Watch B\u00e9nin, Jean Pierre DEGUE et la d\u00e9l\u00e9gation ghan\u00e9enne, le Charg\u00e9 des Programmes du GACC, Monsieur Bright SOWU a \u00e9voqu\u00e9 le contexte d\u2019\u00e9laboration du<strong> projet &#8221; Lutte contre la corruption dans le secteur de la sant\u00e9 et de l\u2019\u00e9ducation en Afrique de l\u2019Ouest (Sierra Leone, B\u00e9nin, Ghana) &#8220;. <\/strong>\u00a0Il a par la suite mis en \u00e9vidence les raisons du choix de Social Watch B\u00e9nin pour la mise en \u0153uvre dudit projet au B\u00e9nin. En effet, Brice SOWU a signal\u00e9 que la mission effectu\u00e9e par le GACC en 2020 au B\u00e9nin et les diff\u00e9rentes rencontres tenues avec certaines organisations de la soci\u00e9t\u00e9 civile de promotion de la bonne gouvernance et les minist\u00e8res a permis de se rendre compte que Social Watch B\u00e9nin est la structure indiqu\u00e9e pour \u00eatre leur partenaire de mise en \u0153uvre du projet au B\u00e9nin. IL a profit\u00e9 de l\u2019occasion pour signaler que les partenaires de mis en \u0153uvre du projet au Ghana et \u00e0 la Sierra L\u00e9one sont respectivement PADA et SEND Sierra Leone. Le charg\u00e9 de Programme de GACC n\u2019a pas manqu\u00e9 de rappeler l\u2019objectif de la mission de la d\u00e9l\u00e9gation du GACC au B\u00e9nin\u00a0: obtenir l\u2019adh\u00e9sion des parties prenantes. Il faut signaler qu\u2019au B\u00e9nin, le projet portera uniquement sur le sous-secteur des enseignements maternel et primaire contrairement aux deux autres pays o\u00f9 le secteur de l\u2019\u00e9ducation est g\u00e9r\u00e9 par un seul minist\u00e8re.<\/p>\n<p>Le mercredi 9 juin 2021, le Charg\u00e9 des Programmes du GACC a pr\u00e9sent\u00e9 le second projet qui fera aussi objet de partenariat entre le GACC et Social Watch B\u00e9nin\u00a0; il s\u2019agit <strong><em>du projet \u00ab\u00a0Suivi des recommandations des audits dans les secteurs de l\u2019\u00e9ducation et de la sant\u00e9 en Afrique de l\u2019Ouest (Sierra Leone, B\u00e9nin et Ghana)\u00a0\u00bb.<\/em><\/strong> Ce projet couvre la p\u00e9riode d\u2019Octobre 2020 \u00e0 Octobre 2022 et est financ\u00e9 par OSIWA. Globalement, il vise \u00e0 renforcer la mise en \u0153uvre des recommandations issues des rapports d\u2019audits des Cours des Comptes des trois pays.<\/p>\n<p>La Cour des Comptes du B\u00e9nin \u00e9tant nouvellement cr\u00e9\u00e9e et encore en installation, Il lui faut encore du temps pour conduire des audits et \u00e9laborer des rapports avant que les recommandations ne fassent objet de suivi de la part de Social Watch B\u00e9nin. Il a \u00e9t\u00e9 d\u00e9cid\u00e9 que Social Watch prenne contact avec la Pr\u00e9sidente de la Cour des Comptes pour voir dans quelle mesure collaborer avec l\u2019Institution qu\u2019elle dirige pour la mise en \u0153uvre du projet. Il a \u00e9t\u00e9 propos\u00e9 d\u2019adopter une approche flexible au B\u00e9nin dans la conduite de ce projet avec un accent sur le plaidoyer pour l\u2019ouverture de la Cour des Comptes.<\/p>\n<p><strong>S\u00e9ance de travail avec les autorit\u00e9s du MEMP<\/strong><\/p>\n<p>Dans l\u2019apr\u00e8s-midi du mercredi 9 juin 2021, la Pr\u00e9sidente du Conseil d\u2019Administration de Social Watch B\u00e9nin, Blanche SONON et la d\u00e9l\u00e9gation du GACC se sont rendues au Minist\u00e8re des Enseignements Maternel et Primaire (MEMP) \u00e0 Porto \u2013 Novo. C\u2019est le directeur de Cabinet du Ministre, Monsieur D\u00e8wanou AVODAGBE qui au nom du Ministre emp\u00each\u00e9, a ouvert les travaux de la s\u00e9ance de travail avec les autorit\u00e9s dudit minist\u00e8re.<\/p>\n<figure id=\"attachment_2008\" aria-describedby=\"caption-attachment-2008\" style=\"width: 300px\" class=\"wp-caption alignnone\"><img loading=\"lazy\" decoding=\"async\" class=\"size-medium wp-image-2008\" src=\"https:\/\/socialwatch.bj\/wp-content\/uploads\/2021\/06\/MEMP-GAAC-300x150.jpg\" alt=\"\" width=\"300\" height=\"150\" srcset=\"https:\/\/socialwatch.bj\/wp-content\/uploads\/2021\/06\/MEMP-GAAC-300x150.jpg 300w, https:\/\/socialwatch.bj\/wp-content\/uploads\/2021\/06\/MEMP-GAAC-768x384.jpg 768w, https:\/\/socialwatch.bj\/wp-content\/uploads\/2021\/06\/MEMP-GAAC-696x348.jpg 696w, https:\/\/socialwatch.bj\/wp-content\/uploads\/2021\/06\/MEMP-GAAC-840x420.jpg 840w, https:\/\/socialwatch.bj\/wp-content\/uploads\/2021\/06\/MEMP-GAAC.jpg 1000w\" sizes=\"auto, (max-width: 300px) 100vw, 300px\" \/><figcaption id=\"caption-attachment-2008\" class=\"wp-caption-text\">Vue d\u2019ensemble des participants apr\u00e8s la s\u00e9ance avec les autorit\u00e9s du MEMP<\/figcaption><\/figure>\n<p>Apr\u00e8s la pr\u00e9sentation des deux projets aux cadres techniques du MEMP par le Charg\u00e9 des Programmes du GACC, des \u00e9changes fructueux se sont suivis et ont permis de mieux faire approprier les projets aux cadres techniques du MEMP. Les \u00e9changes ont port\u00e9 entre autres sur les raisons qui ont motiv\u00e9 le choix du domaine des march\u00e9s publics et l\u2019exploitation sui sera faite des r\u00e9sultats des deux projets. Au finish, La d\u00e9l\u00e9gation de Social Watch B\u00e9nin et du GACC, sous la demande du Directeur de Cabinet a pr\u00e9sent\u00e9 les attentes de Social Watch B\u00e9nin. Il s\u2019agit de l\u2019adh\u00e9sion et l\u2019ouverture du MEMP pour la mise en \u0153uvre des activit\u00e9s du projet.<\/p>\n<p>&nbsp;<\/p>\n<p><strong>S\u00e9ance d\u2019\u00e9changes avec les autorit\u00e9s du Minist\u00e8re de la Sant\u00e9<\/strong><\/p>\n<figure id=\"attachment_2007\" aria-describedby=\"caption-attachment-2007\" style=\"width: 300px\" class=\"wp-caption alignnone\"><img loading=\"lazy\" decoding=\"async\" class=\"size-medium wp-image-2007\" src=\"https:\/\/socialwatch.bj\/wp-content\/uploads\/2021\/06\/MS-300x225.jpg\" alt=\"\" width=\"300\" height=\"225\" srcset=\"https:\/\/socialwatch.bj\/wp-content\/uploads\/2021\/06\/MS-300x225.jpg 300w, https:\/\/socialwatch.bj\/wp-content\/uploads\/2021\/06\/MS-768x576.jpg 768w, https:\/\/socialwatch.bj\/wp-content\/uploads\/2021\/06\/MS-80x60.jpg 80w, https:\/\/socialwatch.bj\/wp-content\/uploads\/2021\/06\/MS-265x198.jpg 265w, https:\/\/socialwatch.bj\/wp-content\/uploads\/2021\/06\/MS-696x522.jpg 696w, https:\/\/socialwatch.bj\/wp-content\/uploads\/2021\/06\/MS-560x420.jpg 560w, https:\/\/socialwatch.bj\/wp-content\/uploads\/2021\/06\/MS.jpg 1000w\" sizes=\"auto, (max-width: 300px) 100vw, 300px\" \/><figcaption id=\"caption-attachment-2007\" class=\"wp-caption-text\">Vue de la d\u00e9l\u00e9gation du GACC et Social Watch B\u00e9nin en pleine s\u00e9ance d\u2019\u00e9change avec le SGA du Minist\u00e8re de la Sant\u00e9 et son collaborateur<\/figcaption><\/figure>\n<div class=\"mceTemp\"><\/div>\n<p>Le jeudi 10 juin 2021, la d\u00e9l\u00e9gation de Social Watch B\u00e9nin et du GACC a \u00e9t\u00e9 re\u00e7ue par les autorit\u00e9s du Minist\u00e8re de la Sant\u00e9 (MS). Monsieur Richard GANDAHO, Secr\u00e9taire G\u00e9n\u00e9ral Adjoint (SGA) du Minist\u00e8re, repr\u00e9sentant le Ministre emp\u00each\u00e9 a proc\u00e9d\u00e9 \u00e0 l\u2019ouverture de la s\u00e9ance de travail.\u00a0 Apr\u00e8s la pr\u00e9sentation des deux projets par le Charg\u00e9 des Programmes du GAAC, le SGA du Minist\u00e8re a fait quelques commentaires avant de poser les pr\u00e9occupations de son Minist\u00e8re concernant le projet. Pour Monsieur GANDAHO, les domaines d\u2019intervention des deux projets pr\u00e9sent\u00e9s par le GACC sont capitaux. En effet, la bonne gouvernance d\u00e9fendue par le gouvernement du Nouveau D\u00e9part au B\u00e9nin passe par l\u2019efficience des d\u00e9penses publiques et vu que les march\u00e9s publics occupent une grande part des d\u00e9penses publics, c\u2019est sur ces derniers qu\u2019il faut agir pour l\u2019atteinte de l\u2019efficience escompt\u00e9. Aussi, il importe de voir comment chaque organe contribue \u00e0 l\u2019atteinte de cette efficience des d\u00e9penses publiques \u00e0 travers les march\u00e9s publics. Il n\u2019a pas manqu\u00e9 de signaler \u00e0 la d\u00e9l\u00e9gation du GACC que le cadre l\u00e9gislatif des march\u00e9s publics a beaucoup \u00e9volu\u00e9 au B\u00e9nin aux fins de limiter sensiblement la corruption.<\/p>\n<p>Abordant l\u2019impact de la pand\u00e9mie du Covid-19 sur les activit\u00e9s du Minist\u00e8re de la Sant\u00e9, Monsieur GANDAHO a fait savoir \u00e0 la d\u00e9l\u00e9gation du GACC, qu\u2019avec la pand\u00e9mie, des innovations sont apport\u00e9es par le Gouvernement pour les urgences. Au nombre de celle-ci, il y a l\u2019utilisation de la plateforme Wang-bo du Syst\u00e8me des Nations Unies (SNU) pour faire les achats. Parlant des dispositifs de contr\u00f4le, le SGA du Minist\u00e8re de la Sant\u00e9 a mis en \u00e9vidence le renforcement du dispositif de contr\u00f4le interne connu par les minist\u00e8res sectoriels depuis 2018.<\/p>\n<p>&nbsp;<\/p>\n<p><strong>S\u00e9ance d\u2019\u00e9changes avec les autorit\u00e9s de l\u2019ANLC et de l\u2019ARMP<\/strong><\/p>\n<figure id=\"attachment_2005\" aria-describedby=\"caption-attachment-2005\" style=\"width: 300px\" class=\"wp-caption alignnone\"><img loading=\"lazy\" decoding=\"async\" class=\"size-medium wp-image-2005\" src=\"https:\/\/socialwatch.bj\/wp-content\/uploads\/2021\/06\/ANLC-300x225.jpg\" alt=\"\" width=\"300\" height=\"225\" srcset=\"https:\/\/socialwatch.bj\/wp-content\/uploads\/2021\/06\/ANLC-300x225.jpg 300w, https:\/\/socialwatch.bj\/wp-content\/uploads\/2021\/06\/ANLC-768x576.jpg 768w, https:\/\/socialwatch.bj\/wp-content\/uploads\/2021\/06\/ANLC-80x60.jpg 80w, https:\/\/socialwatch.bj\/wp-content\/uploads\/2021\/06\/ANLC-265x198.jpg 265w, https:\/\/socialwatch.bj\/wp-content\/uploads\/2021\/06\/ANLC-696x522.jpg 696w, https:\/\/socialwatch.bj\/wp-content\/uploads\/2021\/06\/ANLC-560x420.jpg 560w, https:\/\/socialwatch.bj\/wp-content\/uploads\/2021\/06\/ANLC.jpg 1000w\" sizes=\"auto, (max-width: 300px) 100vw, 300px\" \/><figcaption id=\"caption-attachment-2005\" class=\"wp-caption-text\">Vue d\u2019ensemble des participants apr\u00e8s la s\u00e9ance d\u2019\u00e9change \u00e0 l\u2019ANLC<\/figcaption><\/figure>\n<p>Le personnel de transition de l\u2019Autorit\u00e9 Nationale de Lutte Contre la Corruption (ANLC), actuel Haut-Commissariat \u00e0 la Pr\u00e9vention de la Corruption (HCPC) a re\u00e7u la d\u00e9l\u00e9gation de Social Watch B\u00e9nin et du GACC<\/p>\n<p>Apr\u00e8s l\u2019ANLC, la d\u00e9l\u00e9gation s\u2019est rendue \u00e0 l\u2019Autorit\u00e9 de r\u00e9gulation des March\u00e9s Publiques (ARMP).<\/p>\n<figure id=\"attachment_2006\" aria-describedby=\"caption-attachment-2006\" style=\"width: 300px\" class=\"wp-caption alignnone\"><img loading=\"lazy\" decoding=\"async\" class=\"size-medium wp-image-2006\" src=\"https:\/\/socialwatch.bj\/wp-content\/uploads\/2021\/06\/ARMP-300x225.jpg\" alt=\"\" width=\"300\" height=\"225\" srcset=\"https:\/\/socialwatch.bj\/wp-content\/uploads\/2021\/06\/ARMP-300x225.jpg 300w, https:\/\/socialwatch.bj\/wp-content\/uploads\/2021\/06\/ARMP-768x576.jpg 768w, https:\/\/socialwatch.bj\/wp-content\/uploads\/2021\/06\/ARMP-80x60.jpg 80w, https:\/\/socialwatch.bj\/wp-content\/uploads\/2021\/06\/ARMP-265x198.jpg 265w, https:\/\/socialwatch.bj\/wp-content\/uploads\/2021\/06\/ARMP-696x522.jpg 696w, https:\/\/socialwatch.bj\/wp-content\/uploads\/2021\/06\/ARMP-560x420.jpg 560w, https:\/\/socialwatch.bj\/wp-content\/uploads\/2021\/06\/ARMP.jpg 1000w\" sizes=\"auto, (max-width: 300px) 100vw, 300px\" \/><figcaption id=\"caption-attachment-2006\" class=\"wp-caption-text\">Vue d\u2019ensemble des participants apr\u00e8s la s\u00e9ance d\u2019\u00e9change \u00e0 l\u2019ARMP<\/figcaption><\/figure>\n<p>Pour le Pr\u00e9sident de l\u2019ARMP, Monsieur S\u00e9raphin AGBAHOUNGBATA, la mission que s\u2019est donn\u00e9e Social Watch B\u00e9nin et le GACC est noble. Selon lui, la corruption constitue l\u2019un des freins majeurs \u00e0 l\u2019\u00e9radication de la pauvret\u00e9 en Afrique. Aussi, la lutte contre ce fl\u00e9au n\u2019est pas une mince affaire et pour cela, il ne peut que f\u00e9liciter Social Watch B\u00e9nin et le GACC.<\/p>\n","protected":false},"excerpt":{"rendered":"<p>Du 07 au 14 juin 2021, une d\u00e9l\u00e9gation de la Coalition Anticorruption du Ghana (Ghana Anti-Corruption Coalition \u2013 GACC) a effectu\u00e9 une mission de travail au B\u00e9nin dans le cadre de son partenariat avec le r\u00e9seau Social Watch B\u00e9nin. Deux objectifs principaux \u00e9taient assign\u00e9s \u00e0 la mission de la d\u00e9l\u00e9gation du GACC au B\u00e9nin. Il [&hellip;]<\/p>\n","protected":false},"author":1,"featured_media":2009,"comment_status":"open","ping_status":"open","sticky":false,"template":"","format":"standard","meta":{"amp_status":"","footnotes":""},"categories":[174,1],"tags":[148],"class_list":{"0":"post-2004","1":"post","2":"type-post","3":"status-publish","4":"format-standard","5":"has-post-thumbnail","7":"category-gacc","8":"category-social-watch-benin","9":"tag-corruption"},"jetpack_featured_media_url":"https:\/\/socialwatch.bj\/wp-content\/uploads\/2021\/06\/SWB-GACC.jpg","_links":{"self":[{"href":"https:\/\/socialwatch.bj\/index.php?rest_route=\/wp\/v2\/posts\/2004","targetHints":{"allow":["GET"]}}],"collection":[{"href":"https:\/\/socialwatch.bj\/index.php?rest_route=\/wp\/v2\/posts"}],"about":[{"href":"https:\/\/socialwatch.bj\/index.php?rest_route=\/wp\/v2\/types\/post"}],"author":[{"embeddable":true,"href":"https:\/\/socialwatch.bj\/index.php?rest_route=\/wp\/v2\/users\/1"}],"replies":[{"embeddable":true,"href":"https:\/\/socialwatch.bj\/index.php?rest_route=%2Fwp%2Fv2%2Fcomments&post=2004"}],"version-history":[{"count":1,"href":"https:\/\/socialwatch.bj\/index.php?rest_route=\/wp\/v2\/posts\/2004\/revisions"}],"predecessor-version":[{"id":2010,"href":"https:\/\/socialwatch.bj\/index.php?rest_route=\/wp\/v2\/posts\/2004\/revisions\/2010"}],"wp:featuredmedia":[{"embeddable":true,"href":"https:\/\/socialwatch.bj\/index.php?rest_route=\/wp\/v2\/media\/2009"}],"wp:attachment":[{"href":"https:\/\/socialwatch.bj\/index.php?rest_route=%2Fwp%2Fv2%2Fmedia&parent=2004"}],"wp:term":[{"taxonomy":"category","embeddable":true,"href":"https:\/\/socialwatch.bj\/index.php?rest_route=%2Fwp%2Fv2%2Fcategories&post=2004"},{"taxonomy":"post_tag","embeddable":true,"href":"https:\/\/socialwatch.bj\/index.php?rest_route=%2Fwp%2Fv2%2Ftags&post=2004"}],"curies":[{"name":"wp","href":"https:\/\/api.w.org\/{rel}","templated":true}]}}