{"id":2080,"date":"2021-08-12T14:13:47","date_gmt":"2021-08-12T12:13:47","guid":{"rendered":"https:\/\/socialwatch.bj\/?p=2080"},"modified":"2021-08-12T17:02:55","modified_gmt":"2021-08-12T15:02:55","slug":"journee-internationale-de-la-jeunesse-2021-deux-recommandations-de-social-watch-benin-au-gouvernement","status":"publish","type":"post","link":"https:\/\/socialwatch.bj\/?p=2080","title":{"rendered":"Journ\u00e9e internationale de la jeunesse 2021: Deux recommandations de Social Watch B\u00e9nin au gouvernement"},"content":{"rendered":"<p>La Journ\u00e9e internationale de la jeunesse, adopt\u00e9e par l&#8217;Assembl\u00e9e g\u00e9n\u00e9rale des Nations Unies en 1999, est comm\u00e9mor\u00e9e chaque ann\u00e9e le 12 ao\u00fbt afin d&#8217;attirer l&#8217;attention de la communaut\u00e9 internationale sur les probl\u00e8mes de la jeunesse et c\u00e9l\u00e9brer le potentiel des jeunes en tant que partenaires dans la soci\u00e9t\u00e9. Le th\u00e8me de cette ann\u00e9e est \u00ab Transformer les syst\u00e8mes alimentaires : les innovations des jeunes pour la sant\u00e9 humaine et celle de notre plan\u00e8te \u00bb. Il souligne que le succ\u00e8s d&#8217;un tel effort mondial ne sera pas atteint sans la participation significative des jeunes.<\/p>\n<p>A l\u2019occasion de cette journ\u00e9e, Social Watch B\u00e9nin fait deux recommandations au gouvernement du B\u00e9nin\u00a0:<\/p>\n<ul>\n<li>Le R\u00e9seau Social Watch B\u00e9nin invite le gouvernement du B\u00e9nin \u00e0 travailler \u00e0 ce que les jeunes jouissent de leurs droits et disposent des moyens de d\u00e9velopper pleinement leur potentiel, afin qu\u2019ils deviennent de v\u00e9ritables acteurs de changement et de d\u00e9veloppement du B\u00e9nin.<\/li>\n<li>Social Watch B\u00e9nin sugg\u00e8re, dans le contexte actuel du COVID 19, que le gouvernement du B\u00e9nin soit d\u2019une part, attentif aux besoins de la jeunesse, et d\u2019autre part la prenne en compte dans le d\u00e9ploiement des interventions en r\u00e9ponse \u00e0 la COVID-19.<\/li>\n<\/ul>\n","protected":false},"excerpt":{"rendered":"<p>La Journ\u00e9e internationale de la jeunesse, adopt\u00e9e par l&#8217;Assembl\u00e9e g\u00e9n\u00e9rale des Nations Unies en 1999, est comm\u00e9mor\u00e9e chaque ann\u00e9e le 12 ao\u00fbt afin d&#8217;attirer l&#8217;attention de la communaut\u00e9 internationale sur les probl\u00e8mes de la jeunesse et c\u00e9l\u00e9brer le potentiel des jeunes en tant que partenaires dans la soci\u00e9t\u00e9. Le th\u00e8me de cette ann\u00e9e est \u00ab [&hellip;]<\/p>\n","protected":false},"author":1,"featured_media":2081,"comment_status":"open","ping_status":"open","sticky":false,"template":"","format":"standard","meta":{"amp_status":"","footnotes":""},"categories":[34,171],"tags":[],"class_list":{"0":"post-2080","1":"post","2":"type-post","3":"status-publish","4":"format-standard","5":"has-post-thumbnail","7":"category-activites","8":"category-journees-thematiques"},"jetpack_featured_media_url":"https:\/\/socialwatch.bj\/wp-content\/uploads\/2021\/08\/jeunesse-2021.png","_links":{"self":[{"href":"https:\/\/socialwatch.bj\/index.php?rest_route=\/wp\/v2\/posts\/2080","targetHints":{"allow":["GET"]}}],"collection":[{"href":"https:\/\/socialwatch.bj\/index.php?rest_route=\/wp\/v2\/posts"}],"about":[{"href":"https:\/\/socialwatch.bj\/index.php?rest_route=\/wp\/v2\/types\/post"}],"author":[{"embeddable":true,"href":"https:\/\/socialwatch.bj\/index.php?rest_route=\/wp\/v2\/users\/1"}],"replies":[{"embeddable":true,"href":"https:\/\/socialwatch.bj\/index.php?rest_route=%2Fwp%2Fv2%2Fcomments&post=2080"}],"version-history":[{"count":4,"href":"https:\/\/socialwatch.bj\/index.php?rest_route=\/wp\/v2\/posts\/2080\/revisions"}],"predecessor-version":[{"id":2086,"href":"https:\/\/socialwatch.bj\/index.php?rest_route=\/wp\/v2\/posts\/2080\/revisions\/2086"}],"wp:featuredmedia":[{"embeddable":true,"href":"https:\/\/socialwatch.bj\/index.php?rest_route=\/wp\/v2\/media\/2081"}],"wp:attachment":[{"href":"https:\/\/socialwatch.bj\/index.php?rest_route=%2Fwp%2Fv2%2Fmedia&parent=2080"}],"wp:term":[{"taxonomy":"category","embeddable":true,"href":"https:\/\/socialwatch.bj\/index.php?rest_route=%2Fwp%2Fv2%2Fcategories&post=2080"},{"taxonomy":"post_tag","embeddable":true,"href":"https:\/\/socialwatch.bj\/index.php?rest_route=%2Fwp%2Fv2%2Ftags&post=2080"}],"curies":[{"name":"wp","href":"https:\/\/api.w.org\/{rel}","templated":true}]}}