{"id":225,"date":"2019-01-12T16:21:14","date_gmt":"2019-01-12T15:21:14","guid":{"rendered":"http:\/\/socialwatch.bj\/a\/?p=225"},"modified":"2019-01-12T16:21:14","modified_gmt":"2019-01-12T15:21:14","slug":"projet-ben-0114","status":"publish","type":"post","link":"https:\/\/socialwatch.bj\/?p=225","title":{"rendered":"PROJET \u00ab BEN 0114 \u00bb"},"content":{"rendered":"<p><strong>PRESENTATION DU BEN 0114<\/strong><\/p>\n<p>L\u2019analyse globale de la situation a r\u00e9v\u00e9l\u00e9 que l\u2019atteinte des OMD \u00e0 l\u2019\u00e9ch\u00e9ance de 2015 est mise \u00e0 mal du fait de la mal gouvernance au niveau communal au B\u00e9nin. Cette mal-gouvernance au niveau communal r\u00e9sulte d\u2019une part du manque de transparence dans la gestion de ce processus par les autorit\u00e9s locales et d\u2019autre part de la faible participation des populations \u00e0 toutes les \u00e9tapes du processus de d\u00e9veloppement local. Ce constat a conduit les\u00a0<strong>communes<\/strong>,\u00a0<strong><a href=\"http:\/\/socialwatch-benin.org\/\" target=\"_blank\" rel=\"noopener\">Social Watch B\u00e9nin<\/a><\/strong>\u00a0et\u00a0<strong><a href=\"http:\/\/planbenin.wordpress.com\/\" target=\"_blank\" rel=\"noopener\">Plan B\u00e9nin<\/a><\/strong>\u00a0\u00e0 \u00e9laborer une initiative d\u00e9nomm\u00e9e\u00a0<strong><em>\u00ab Action Pilote pour l\u2019Am\u00e9lioration de la Gouvernance Locale et de la Participation Citoyenne dans le D\u00e9veloppement Local \u00bb<\/em><\/strong>\u00a0qu\u2019ils ont soumise \u00e0 l\u2019Union europ\u00e9enne. En abr\u00e9g\u00e9, il est appel\u00e9\u00a0<strong>Projet OMD<\/strong>\u00a0ou\u00a0<strong>BEN0114.<\/strong><\/p>\n<p>L\u2019\u00e9quipe de projet est compos\u00e9e :<\/p>\n<ul>\n<li>d\u2019un Coordonateur de Projet recrut\u00e9 par Plan B\u00e9nin (<strong>Pascal LAHAMI<\/strong>)<\/li>\n<li>d\u2019un Assistant Technique en Participation Citoyenne recrut\u00e9 par Social Watch B\u00e9nin (<strong><a href=\"https:\/\/www.facebook.com\/bonaventure.kiti?fref=ts\" target=\"_blank\" rel=\"noopener\">Bonaventure KITI<\/a><\/strong>)<\/li>\n<li>Assistante Technique Gouvernance Locale recrut\u00e9 par Plan B\u00e9nin (<strong>V\u00e9n\u00e9randa PADONOU<\/strong>)<\/li>\n<li>Assistant Administratif et Financier recrut\u00e9 par Social Watch B\u00e9nin (<strong><a href=\"https:\/\/www.facebook.com\/marlyodilon?fref=ts\" target=\"_blank\" rel=\"noopener\">Odilon Marly SONON<\/a><\/strong>)<\/li>\n<li>Trois (03) Animateur (trice) s recrut\u00e9s par Social Watch B\u00e9nin (<strong>M\u2019Po IFONTI M\u2019PO<\/strong>\u00a0pour la commune de Boukomb\u00e9,\u00a0<strong>Georgette LOKOSSOU<\/strong>\u00a0pour la commune de Klou\u00e9kanm\u00e9 et\u00a0<strong><a href=\"https:\/\/www.facebook.com\/parfaith?fref=ts\" target=\"_blank\" rel=\"noopener\">Parfait HANKAN<\/a><\/strong>\u00a0pour la commune de Zagnanado)<\/li>\n<li>Six (06) Points Focaux (2 par commune)<\/li>\n<\/ul>\n<p><strong>Objectif sp\u00e9cifique du projet<\/strong><\/p>\n<p>Am\u00e9liorer la participation citoyenne \u00e0 la gestion du d\u00e9veloppement local et augmenter la transparence de cette gestion par les autorit\u00e9s locales des communes de Boukoumb\u00e9, Klou\u00e9kanm\u00e8 et Zagnanado.<\/p>\n<p><strong>Objectifs globaux du projet<\/strong><\/p>\n<p>1- Contribuer \u00e0 la r\u00e9duction de la mal gouvernance en vue de faciliter l\u2019atteinte des OMD \u00e0 travers l\u2019approche communale.<\/p>\n<p>2- Contribuer \u00e0 la r\u00e9alisation des programmes d\u2019acc\u00e9l\u00e9ration de l\u2019atteinte des OMD du consortium des ONG internationales au B\u00e9nin.<\/p>\n<p>Axes d\u2019intervention<\/p>\n<p>Les diff\u00e9rents axes d\u2019intervention du BEN 0114 sont :<\/p>\n<p>\u2013 Gouvernance locale<\/p>\n<p>\u2013 Participation Citoyenne<\/p>\n<p>\u2013 Participation des enfants<\/p>\n<p>\u2013 Capitalisation<\/p>\n<p>R\u00e9sultats attendus<\/p>\n<p><strong>R1 :\u00a0<\/strong>Les agents communaux (\u00e9lus locaux et agents de la Mairie) appliquent la gestion ax\u00e9e sur les r\u00e9sultats.<\/p>\n<p><strong>R2<\/strong>\u00a0: La soci\u00e9t\u00e9 civile dans les 3 Communes est organis\u00e9e et capacit\u00e9e pour s\u2019engager dans la bonne gouvernance du d\u00e9veloppement local.<\/p>\n<p><strong>R3<\/strong>\u00a0: La participation des communaut\u00e9s \u00e0 l\u2019op\u00e9rationnalisation et au suivi de la mise en \u0153uvre des PDC est effective.<\/p>\n<p><strong>R4<\/strong>\u00a0: La reddition de comptes faite par les autorit\u00e9s locales aux populations est am\u00e9lior\u00e9e.<\/p>\n<p><strong>R5<\/strong>\u00a0: Pr\u00e9paration pour g\u00e9n\u00e9ralisation \u00e0 d\u2019autres communes.<\/p>\n<p>Principales activit\u00e9s du projet<\/p>\n<p>Les principales activit\u00e9s du projet sont :<\/p>\n<p>A1.1 Proc\u00e9der \u00e0 un diagnostic des besoins de la commune en ressources humaines qualifi\u00e9es pour l\u2019application de la gestion ax\u00e9e sur les r\u00e9sultats.<\/p>\n<p>A1.2 Mettre en place un paquet d\u2019appuis de proximit\u00e9 pour r\u00e9pondre aux besoins identifi\u00e9s par le diagnostic<\/p>\n<p>A1.3 Coacher la commune pour la conduite des processus de recrutement de personnel qualifi\u00e9.<\/p>\n<p>A2.1 Sensibiliser la SC au niveau communautaire (groupes de femmes, d\u2019hommes et d\u2019enfants) sur les droits \u00e0 la reddition de comptes en tant que citoyens.<\/p>\n<p>A2.2 Cr\u00e9er 188 CPC au niveau communal et infra-communal (1 dans la commune de Boukomb\u00e9, 21 Arrondissements et 166 Communaut\u00e9s\/Villages).<\/p>\n<p>A2.3 Dynamiser les 188 CPC nouvellement cr\u00e9\u00e9es et les 2 CPC communales existantes.<\/p>\n<p>A2.4 Former les CPC pour le plaidoyer participatif, en lecture et compr\u00e9hension de budget communal.<\/p>\n<p>A2.5 Cr\u00e9er ou redynamiser des clubs d\u2019enfants et les former sur les droits des enfants et le plaidoyer.<\/p>\n<p>A2.6 Cr\u00e9er 3 Conseils Consultatif Communaux d\u2019Enfants (CCCE) et les former sur les droits des enfants et le plaidoyer.<\/p>\n<p>A3.1 R\u00e9aliser des Evaluations Citoyennes et des Audits Sociaux des investissements.<\/p>\n<p>A3.2 Appuyer les CPC \u00e0 tous les niveaux pour informer les populations sur le compte rendu par les autorit\u00e9s communales.<\/p>\n<p>A3.3 Accompagner les CPC dans le suivi participatif du budget.<\/p>\n<p>A3.4 Soutenir la cr\u00e9ation et l\u2019animation d\u2019un cadre d\u2019\u00e9change entre les \u00e9lus locaux et les CCCE.<\/p>\n<p>A4.1 Sensibiliser les conseils communaux pour l\u2019acceptation du budget participatif comme outil du d\u00e9veloppement local.<\/p>\n<p>A4.2 Former les conseils communaux sur l\u2019\u00e9laboration du budget participatif.<\/p>\n<p>A4.3 Organiser des s\u00e9ances trimestrielles des cadres de concertation entre l\u2019administration communale, les services d\u00e9concentr\u00e9s de l\u2019Etat et les OSC.<\/p>\n<p>A4.4 Organiser des r\u00e9unions des conseils d\u2019arrondissement et des conseils de village\/quartier sur la gestion du d\u00e9veloppement local.<\/p>\n<p>A4.5 Appuyer les communes \u00e0 \u00e9laborer\/actualiser et impl\u00e9menter leurs plans de communication.<\/p>\n<p>A4.6 Elaborer une base communale de donn\u00e9es informatis\u00e9es dans chacune des 3 communes.<\/p>\n<p>A5.1 D\u00e9finir le m\u00e9canisme de gestion des connaissances du projet.<\/p>\n<p>A5.2 Produire et partager les informations sur le projet.<\/p>\n<p>A5.3 Partager les bonnes pratiques avec les autres communes, PTF et OSC \u00e0 travers les cadres de concertation aux diff\u00e9rents niveaux.<\/p>\n<p>Dur\u00e9e et couverture g\u00e9ographique du projet<\/p>\n<p>D\u2019un montant de <strong>550.000.000 FCFA<\/strong>, le projet a une dur\u00e9e de 42 mois et s\u2019applique dans les secteurs de l\u2019Eau et de l\u2019assainissement, l\u2019Education, de la sant\u00e9 et enfin de l\u2019\u00e9tat civil fortement demand\u00e9 par les populations lors du lancement du projet dans les communes de Boukomb\u00e9, Klou\u00e9kanm\u00e9 et Zagnanado. Il est cofinanc\u00e9 par l\u2019<strong>Union Europ\u00e9enne<\/strong> et <strong>Plan Belgique<\/strong> respectivement \u00e0 hauteur de <strong>75%<\/strong> et 25%.<\/p>\n","protected":false},"excerpt":{"rendered":"<p>PRESENTATION DU BEN 0114 L\u2019analyse globale de la situation a r\u00e9v\u00e9l\u00e9 que l\u2019atteinte des OMD \u00e0 l\u2019\u00e9ch\u00e9ance de 2015 est mise \u00e0 mal du fait de la mal gouvernance au niveau communal au B\u00e9nin. Cette mal-gouvernance au niveau communal r\u00e9sulte d\u2019une part du manque de transparence dans la gestion de ce processus par les autorit\u00e9s [&hellip;]<\/p>\n","protected":false},"author":1,"featured_media":226,"comment_status":"open","ping_status":"open","sticky":false,"template":"","format":"standard","meta":{"amp_status":"","footnotes":""},"categories":[28],"tags":[],"class_list":{"0":"post-225","1":"post","2":"type-post","3":"status-publish","4":"format-standard","5":"has-post-thumbnail","7":"category-projets-acheves"},"jetpack_featured_media_url":"https:\/\/socialwatch.bj\/wp-content\/uploads\/2019\/01\/BEN-0114.jpg","_links":{"self":[{"href":"https:\/\/socialwatch.bj\/index.php?rest_route=\/wp\/v2\/posts\/225","targetHints":{"allow":["GET"]}}],"collection":[{"href":"https:\/\/socialwatch.bj\/index.php?rest_route=\/wp\/v2\/posts"}],"about":[{"href":"https:\/\/socialwatch.bj\/index.php?rest_route=\/wp\/v2\/types\/post"}],"author":[{"embeddable":true,"href":"https:\/\/socialwatch.bj\/index.php?rest_route=\/wp\/v2\/users\/1"}],"replies":[{"embeddable":true,"href":"https:\/\/socialwatch.bj\/index.php?rest_route=%2Fwp%2Fv2%2Fcomments&post=225"}],"version-history":[{"count":1,"href":"https:\/\/socialwatch.bj\/index.php?rest_route=\/wp\/v2\/posts\/225\/revisions"}],"predecessor-version":[{"id":228,"href":"https:\/\/socialwatch.bj\/index.php?rest_route=\/wp\/v2\/posts\/225\/revisions\/228"}],"wp:featuredmedia":[{"embeddable":true,"href":"https:\/\/socialwatch.bj\/index.php?rest_route=\/wp\/v2\/media\/226"}],"wp:attachment":[{"href":"https:\/\/socialwatch.bj\/index.php?rest_route=%2Fwp%2Fv2%2Fmedia&parent=225"}],"wp:term":[{"taxonomy":"category","embeddable":true,"href":"https:\/\/socialwatch.bj\/index.php?rest_route=%2Fwp%2Fv2%2Fcategories&post=225"},{"taxonomy":"post_tag","embeddable":true,"href":"https:\/\/socialwatch.bj\/index.php?rest_route=%2Fwp%2Fv2%2Ftags&post=225"}],"curies":[{"name":"wp","href":"https:\/\/api.w.org\/{rel}","templated":true}]}}