{"id":237,"date":"2019-01-12T17:58:30","date_gmt":"2019-01-12T16:58:30","guid":{"rendered":"http:\/\/socialwatch.bj\/a\/?p=237"},"modified":"2020-06-29T16:19:21","modified_gmt":"2020-06-29T14:19:21","slug":"veille-citoyenne-du-programme-daction-du-gouvernement-pag-du-benin","status":"publish","type":"post","link":"https:\/\/socialwatch.bj\/?p=237","title":{"rendered":"Veille Citoyenne du Programme d\u2019Action du Gouvernement (PAG) du B\u00e9nin"},"content":{"rendered":"<p style=\"font-weight: 400;\"><b><strong>CONTEXTE ET JUSTIFICATION<\/strong><\/b><\/p>\n<p style=\"font-weight: 400;\">Depuis septembre 2000, le B\u00e9nin a opt\u00e9 pour un sc\u00e9nario volontariste de d\u00e9veloppement bas\u00e9 sur la vision Alafia 2025 :<\/p>\n<p style=\"font-weight: 400;\">\u00a0\u00ab Le B\u00e9nin est, en 2025, un pays-phare, un pays bien gouvern\u00e9, uni et de paix, \u00e0 \u00e9conomie prosp\u00e8re et comp\u00e9titive, de rayonnement culturel et de bien-\u00eatre social \u00bb.<\/p>\n<p style=\"font-weight: 400;\">15 ans apr\u00e8s deux r\u00e9gimes politiques (K\u00e9r\u00e9kou et Yayi) \u00e0 la t\u00eate du pays, les r\u00e9sultats obtenus restent encore insuffisants pour inverser les tendances en mati\u00e8re de pauvret\u00e9.<\/p>\n<p style=\"font-weight: 400;\">La restauration d\u2019une bonne gouvernance constitue alors un levier important pour induire des am\u00e9liorations qualitatives sensibles aux niveaux des performances \u00e9conomiques, de la r\u00e9partition \u00e9quitable de la richesse voire l\u2019am\u00e9lioration des conditions de vie des populations.<\/p>\n<p style=\"font-weight: 400;\">Au moment o\u00f9 le cap est mis sur l\u2019horizon 2030 avec les Objectifs de D\u00e9veloppement Durable (ODD), soit pour un monde meilleur \u00e0 travers dix-sept (17) objectifs promouvant la durabilit\u00e9 \u00e9conomique, environnementale et des soci\u00e9t\u00e9s inclusives et de paix, le B\u00e9nin a op\u00e9r\u00e9 en avril 2016 une alternance d\u00e9mocratique avec l\u2019arriv\u00e9e au pouvoir du Pr\u00e9sident Patrice TALON dont l\u2019ambition clairement \u00e9nonc\u00e9e repose sur :<\/p>\n<ul style=\"font-weight: 400;\">\n<li>Les r\u00e9formes politiques<\/li>\n<li>La restructuration de l\u2019\u00e9conomie nationale<\/li>\n<li>La reconstitution du tissu social<\/li>\n<li>La restauration de la cr\u00e9dibilit\u00e9 de notre pays.<\/li>\n<\/ul>\n<p style=\"font-weight: 400;\">Pour y parvenir, le Programme d\u2019Action du Gouvernement est \u00e9labor\u00e9 et rendu public le vendredi 16 d\u00e9cembre 2016. Ce programme repose sur 3 grands piliers, eux-m\u00eames divis\u00e9s en 7 axes strat\u00e9giques.<\/p>\n<ol style=\"font-weight: 400;\">\n<li>Consolider la d\u00e9mocratie, l\u2019Etat de droit et la bonne gouvernance<\/li>\n<\/ol>\n<ul>\n<li style=\"font-weight: 400;\">Renforcement des bases de la d\u00e9mocratie et l\u2019Etat de droit et;<\/li>\n<li style=\"font-weight: 400;\">Am\u00e9lioration de la gouvernance.<\/li>\n<\/ul>\n<ol style=\"font-weight: 400;\">\n<li>\u00a0Engager la transformation structurelle de l\u2019\u00e9conomie<\/li>\n<\/ol>\n<ul>\n<li style=\"font-weight: 400;\">Assainissement du cadre macro\u00e9conomique et maintien de la stabilit\u00e9 ;<\/li>\n<li style=\"font-weight: 400;\">Am\u00e9lioration de la croissance \u00e9conomique ;<\/li>\n<li style=\"font-weight: 400;\">Am\u00e9lioration des performances de l\u2019\u00e9ducation.<\/li>\n<\/ul>\n<ol style=\"font-weight: 400;\">\n<li>\u00a0 \u00a0 Am\u00e9liorer les conditions de vie des populations<\/li>\n<\/ol>\n<ul>\n<li style=\"font-weight: 400;\">Renforcement des services sociaux de base et protection sociale ;<\/li>\n<li style=\"font-weight: 400;\">D\u00e9veloppement \u00e9quilibr\u00e9 et durable de l\u2019espace national.<\/li>\n<\/ul>\n<p style=\"font-weight: 400;\">L\u2019enjeu de cet ambitieux Programme pour le B\u00e9nin est si s\u00e9rieux qu\u2019en dehors du m\u00e9canisme de suivi mis en place en place par le Gouvernement, il importe que les citoyens \u00e0 la base s\u2019organisent \u00e9galement pour \u00a0suivre de fa\u00e7on ind\u00e9pendante la mise en \u0153uvre des 45 projets phares du PAG. Ainsi, Social Watch B\u00e9nin a initi\u00e9 le projet :\u00a0\u00ab\u00a0<b><strong><em>Veille Citoyenne du Programme d\u2019Action du Gouvernement (PAG) du B\u00e9nin<\/em><\/strong><\/b>\u00a0\u00bb qui a re\u00e7u l\u2019appui technique et financier de OSIWA (Open Society Initiative for West Africa).<\/p>\n<p style=\"font-weight: 400;\">Ce projet pr\u00e9voit un suivi ind\u00e9pendant du PAG assorti de propositions alternatives formul\u00e9es \u00e0 l\u2019endroit du Gouvernement par une coalition multi-acteurs en vue de l\u2019atteinte efficace et efficiente des objectifs du PAG.<\/p>\n<p style=\"font-weight: 400;\">Dur\u00e9e : 27 mois \u00e0 partir de mai 2017<\/p>\n<p style=\"font-weight: 400;\">Montant total : 164 401,37 dollars US<\/p>\n<p style=\"font-weight: 400;\"><b><strong>OBJECTIFS<\/strong><\/b><\/p>\n<ul>\n<li style=\"font-weight: 400;\">Contribuer au suivi ind\u00e9pendant des 45 projets phares du PAG 2016-2021\u00a0;<\/li>\n<\/ul>\n<ul>\n<li style=\"font-weight: 400;\">Promouvoir des m\u00e9canismes de dialogue et d\u2019acc\u00e8s \u00e0 l\u2019information entre le Gouvernement, les organisations de la soci\u00e9t\u00e9 civile, le secteur priv\u00e9 et les m\u00e9dias sur les 45 projets phares du PAG ;<\/li>\n<\/ul>\n<ul>\n<li style=\"font-weight: 400;\">D\u00e9velopper des revues alternatives multi-acteurs de suivi des calendriers, des impacts \u00e9conomiques et sociaux des projets phares dans les villes et les campagnes touch\u00e9es par la mise en \u0153uvre des 45 projets phares ;<\/li>\n<\/ul>\n<ul>\n<li style=\"font-weight: 400;\">Renforcer la transparence dans les march\u00e9s publics ou partenariats publics priv\u00e9s relatifs aux projets phares ;<\/li>\n<\/ul>\n<p style=\"font-weight: 400;\"><b><strong>RESULTATS ATTENDUS<\/strong><\/b><\/p>\n<ul>\n<li style=\"font-weight: 400;\">Des m\u00e9canismes de dialogue et d\u2019acc\u00e8s \u00e0 l\u2019information entre le Gouvernement, les organisations de la soci\u00e9t\u00e9 civile, le secteur priv\u00e9 et les m\u00e9dias sur les 45 projets phares du PAG sont promus (Open data : plateforme du gouvernement est mise en place et anim\u00e9e)\u00a0;<\/li>\n<\/ul>\n<ul>\n<li style=\"font-weight: 400;\">Des inventaires alternatifs multi-acteurs de suivi des calendriers, des impacts \u00e9conomiques et sociaux des projets phares dans les villes et les campagnes touch\u00e9es par la mise en \u0153uvre des 45 projets phares sont d\u00e9velopp\u00e9s et propos\u00e9es au gouvernement (plateforme, \u00e9missions interactives, r\u00e9seaux sociaux, rapports semestriels et annuels de suivi alternatif pour une mise en \u0153uvre optimale et transparente des projets)\u00a0;<\/li>\n<\/ul>\n<ul>\n<li>La transparence dans les march\u00e9s publics ou partenariats publics priv\u00e9s relatifs aux projets phares est renforc\u00e9e (contenu de contrats entre le Gouvernement et les partenaires priv\u00e9s, et les concessionnaires de services publics, rendus publics).<\/li>\n<\/ul>\n<p style=\"font-weight: 400;\"><b><strong>CIBLES<\/strong><\/b><\/p>\n<p style=\"font-weight: 400;\">Les cibles du projet sont les populations en g\u00e9n\u00e9ral et de fa\u00e7on sp\u00e9cifique :<\/p>\n<ul>\n<li style=\"font-weight: 400;\">les acteurs du Parc National de la Pendjari au Nord-Ouest de la R\u00e9publique du B\u00e9nin, de la cit\u00e9 lacustre de Ganvi\u00e9, d\u2019Abomey, de Porto Novo, de Ouidah, et de toute la c\u00f4te b\u00e9ninoise, etc., (secteur du tourisme) ;<\/li>\n<li style=\"font-weight: 400;\">les agriculteurs, \u00e9leveurs, pisciculteurs, populations de la Vall\u00e9e de l\u2019Ou\u00e9m\u00e9, etc., (secteur de l\u2019agriculture)\u00a0;<\/li>\n<li style=\"font-weight: 400;\">les usagers du Port Autonome de Cotonou, les populations de Glo-Djigb\u00e9, de Cotonou, des axes de la Route des p\u00eaches, de S\u00e8m\u00e8 Podji \u2013 Porto Novo, de Djougou \u2013 P\u00e9hunco &#8211; K\u00e9rou et d\u2019autres localit\u00e9s, etc., (secteur des infrastructures)\u00a0;<\/li>\n<li style=\"font-weight: 400;\">les entreprises, l\u2019administration, les \u00e9l\u00e8ves et \u00e9tudiants, les startups, etc., (secteur du num\u00e9rique)\u00a0;<\/li>\n<li style=\"font-weight: 400;\">les consommateurs de l\u2019\u00e9nergie \u00e9lectrique, les promoteurs d\u2019\u00e9nergies renouvelables, etc., (\u00e9lectricit\u00e9)\u00a0;<\/li>\n<li style=\"font-weight: 400;\">les populations riveraines des lagunes de Cotonou et Porto Novo, les femmes des march\u00e9s de Cotonou et de Parakou, les promoteurs de logements sociaux, etc., (secteur du cadre de vie)\u00a0;<\/li>\n<li style=\"font-weight: 400;\">les \u00e9tudiants, etc., (innovation et savoir)\u00a0;<\/li>\n<li style=\"font-weight: 400;\">les populations rurales, semi-rurales, urbaines et p\u00e9ri-urbaines, etc., (Eau potable)\u00a0;<\/li>\n<li style=\"font-weight: 400;\">les acteurs du secteur informel (les agriculteurs, les commer\u00e7ants, les transporteurs et les artisans) et les plus pauvres, etc., (protection sociale)<\/li>\n<\/ul>\n<p style=\"font-weight: 400;\"><b><strong>STRATEGIE D\u2019INTERVENTION<\/strong><\/b><\/p>\n<ul>\n<li style=\"font-weight: 400;\">Plaidoyer \u00e0 l\u2019endroit du Gouvernement pour la cr\u00e9ation d\u2019une Plateforme ouverte des donn\u00e9es publiques b\u00e9ninoises\u00a0;<\/li>\n<\/ul>\n<ul>\n<li style=\"font-weight: 400;\">Mobilisation sociale tant au niveau local avec les relais locaux de suivi des r\u00e9alisations que national avec un groupe de r\u00e9flexion multidisciplinaire pour des propositions, des perceptions et des alertes en temps r\u00e9el\u00a0;<\/li>\n<\/ul>\n<ul>\n<li style=\"font-weight: 400;\">Utilisation des technologies de l\u2019information et de la communication pour des propositions, des perceptions et des alertes en temps r\u00e9el\u00a0;<\/li>\n<\/ul>\n<ul>\n<li style=\"font-weight: 400;\">\u00c9laboration de rapports alternatifs sur la mise en \u0153uvre des projets phares du PAG et des politiques publiques gouvernementales<\/li>\n<\/ul>\n<p>&nbsp;<\/p>\n<p style=\"font-weight: 400;\"><b><strong>PARTENAIRE DE MISE EN OEUVRE:\u00a0<\/strong><\/b><\/p>\n<p style=\"font-weight: 400;\"><strong>OSIWA<\/strong> (<strong>O<\/strong>pen <strong>S<\/strong>ociety <strong>I<\/strong>nitiative for <strong>W<\/strong>est <strong>A<\/strong>frica)\u00a0:\u00a0164 401,37 dollars US<\/p>\n","protected":false},"excerpt":{"rendered":"<p>CONTEXTE ET JUSTIFICATION Depuis septembre 2000, le B\u00e9nin a opt\u00e9 pour un sc\u00e9nario volontariste de d\u00e9veloppement bas\u00e9 sur la vision Alafia 2025 : \u00a0\u00ab Le B\u00e9nin est, en 2025, un pays-phare, un pays bien gouvern\u00e9, uni et de paix, \u00e0 \u00e9conomie prosp\u00e8re et comp\u00e9titive, de rayonnement culturel et de bien-\u00eatre social \u00bb. 15 ans apr\u00e8s [&hellip;]<\/p>\n","protected":false},"author":1,"featured_media":241,"comment_status":"open","ping_status":"open","sticky":false,"template":"","format":"standard","meta":{"amp_status":"","footnotes":""},"categories":[28],"tags":[],"class_list":{"0":"post-237","1":"post","2":"type-post","3":"status-publish","4":"format-standard","5":"has-post-thumbnail","7":"category-projets-acheves"},"jetpack_featured_media_url":"https:\/\/socialwatch.bj\/wp-content\/uploads\/2019\/01\/AC1.jpg","_links":{"self":[{"href":"https:\/\/socialwatch.bj\/index.php?rest_route=\/wp\/v2\/posts\/237","targetHints":{"allow":["GET"]}}],"collection":[{"href":"https:\/\/socialwatch.bj\/index.php?rest_route=\/wp\/v2\/posts"}],"about":[{"href":"https:\/\/socialwatch.bj\/index.php?rest_route=\/wp\/v2\/types\/post"}],"author":[{"embeddable":true,"href":"https:\/\/socialwatch.bj\/index.php?rest_route=\/wp\/v2\/users\/1"}],"replies":[{"embeddable":true,"href":"https:\/\/socialwatch.bj\/index.php?rest_route=%2Fwp%2Fv2%2Fcomments&post=237"}],"version-history":[{"count":1,"href":"https:\/\/socialwatch.bj\/index.php?rest_route=\/wp\/v2\/posts\/237\/revisions"}],"predecessor-version":[{"id":238,"href":"https:\/\/socialwatch.bj\/index.php?rest_route=\/wp\/v2\/posts\/237\/revisions\/238"}],"wp:featuredmedia":[{"embeddable":true,"href":"https:\/\/socialwatch.bj\/index.php?rest_route=\/wp\/v2\/media\/241"}],"wp:attachment":[{"href":"https:\/\/socialwatch.bj\/index.php?rest_route=%2Fwp%2Fv2%2Fmedia&parent=237"}],"wp:term":[{"taxonomy":"category","embeddable":true,"href":"https:\/\/socialwatch.bj\/index.php?rest_route=%2Fwp%2Fv2%2Fcategories&post=237"},{"taxonomy":"post_tag","embeddable":true,"href":"https:\/\/socialwatch.bj\/index.php?rest_route=%2Fwp%2Fv2%2Ftags&post=237"}],"curies":[{"name":"wp","href":"https:\/\/api.w.org\/{rel}","templated":true}]}}