{"id":2576,"date":"2022-03-11T12:49:07","date_gmt":"2022-03-11T11:49:07","guid":{"rendered":"https:\/\/socialwatch.bj\/?p=2576"},"modified":"2022-03-11T14:51:50","modified_gmt":"2022-03-11T13:51:50","slug":"avis-dappel-doffres-6","status":"publish","type":"post","link":"https:\/\/socialwatch.bj\/?p=2576","title":{"rendered":"Avis d\u2019appel d\u2019offres"},"content":{"rendered":"<p style=\"text-align: center;\"><strong><em>001\/2022\/<\/em><\/strong><strong><em>GIZ<\/em><\/strong><strong><em>\/SWB<\/em><\/strong><\/p>\n<hr \/>\n<ol>\n<li>Dans le cadre de la mise en \u0153uvre du projet<em> \u00ab\u00a0<strong>Accro\u00eetre la transparence et la participation des citoyens dans le processus budg\u00e9taire au B\u00e9nin<\/strong>\u00bb, <\/em>Social Watch B\u00e9nin<em>\u00a0a <\/em><em>re\u00e7u<\/em><em>\u00a0<\/em><em><em>de la GIZ un financement pour mener plusieurs activit\u00e9s dont la formation des OSC sur le suivi budg\u00e9taire.<\/em><\/em>&nbsp;<\/li>\n<li><em>Pour l\u2019activit\u00e9 de formation des OSC sur le suivi budg\u00e9taire, Social Watch B\u00e9nin voudrait <\/em>utiliser une partie de ces ressources pour effectuer des paiements au titre du March\u00e9\u00a0de prestation de service intellectuel relatif \u00e0 l\u2019\u00e9laboration de modules de formation et \u00e0 l\u2019animation d\u2019un atelier pour le renforcement de la bonne gouvernance au B\u00e9nin.<\/li>\n<li>Social Watch B\u00e9nin sollicite des offres de la part de candidats \u00e9ligibles et r\u00e9pondant aux qualifications requises pour r\u00e9aliser cette mission.<\/li>\n<li>La participation \u00e0 cet appel d\u2019offres ouvert telle que d\u00e9finie dans la loi n\u00b0 2020-26 du 29 septembre 2020 portant code des march\u00e9s publics en R\u00e9publique du B\u00e9nin concerne tous les candidats, remplissant les conditions d\u00e9finies dans le pr\u00e9sent Dossier d\u2019Appel d\u2019Offres Ouvert et qui ne sont pas frapp\u00e9s par les dispositions des articles 61 et 121 de ladite loi ou celles de la loi\u00a0n\u00b0 2015-18 du 2 avril 2015 portant\u00a0Statut g\u00e9n\u00e9ral\u00a0de la\u00a0Fonction publique.<\/li>\n<li>Les exigences en mati\u00e8re de qualification sont\u00a0pr\u00e9cis\u00e9es dans les <a href=\"https:\/\/socialwatch.bj\/wp-content\/uploads\/2022\/03\/TDR-Selection-consultant-A-1.1.1_-Reforme.pdf\">TDR<\/a>.<\/li>\n<li>Les candidats int\u00e9ress\u00e9s peuvent obtenir les <a href=\"https:\/\/socialwatch.bj\/wp-content\/uploads\/2022\/03\/TDR-Selection-consultant-A-1.1.1_-Reforme.pdf\">TDR<\/a> en cliquant sur : <a href=\"https:\/\/socialwatch.bj\/wp-content\/uploads\/2022\/03\/TDR-Selection-consultant-A-1.1.1_-Reforme.pdf\">T\u00e9l\u00e9charger les TDR<\/a>.<\/li>\n<li>Les offres sont r\u00e9dig\u00e9es en langue fran\u00e7aise et peuvent \u00eatre d\u00e9pos\u00e9es au secr\u00e9tariat administratif de Social Watch B\u00e9nin ou envoy\u00e9es en version \u00e9lectronique sous format PDF en fichier unique \u00e0 l\u2019adresse <a href=\"mailto:appel@socialwatch.bj\"><strong>appel<\/strong><strong>@socialwatch.bj<\/strong><\/a> au plus tard le<br \/>\n<span style=\"color: #ff0000;\"><strong>lundi 21 mars 2022 \u00e0 12 heures<\/strong><\/span> avec objet\u00a0: \u00ab\u00a0<strong><em>Recrutement d\u2019un consultant pour l\u2019<\/em><\/strong><strong><em>\u00e9laboration et l\u2019animation de modules de formation sur le suivi budg\u00e9taire<\/em><\/strong>\u00bb. Les offres qui ne parviendront pas aux heure et date ci-dessus indiqu\u00e9es, seront purement et simplement rejet\u00e9es.<\/li>\n<li>Social Watch B\u00e9nin se r\u00e9serve le droit de ne pas donner une suite \u00e0 cet appel.<\/li>\n<\/ol>\n<p>&nbsp;<\/p>\n<p style=\"text-align: right;\">\u00a0<strong>Le Secr\u00e9taire Ex\u00e9cutif<\/strong><\/p>\n<p>&nbsp;<\/p>\n<blockquote>\n<p style=\"text-align: center;\"><a href=\"https:\/\/socialwatch.bj\/wp-content\/uploads\/2022\/03\/TDR-Selection-consultant-A-1.1.1_-Reforme.pdf\">T\u00e9l\u00e9charger les TDR<\/a><\/p>\n<\/blockquote>\n","protected":false},"excerpt":{"rendered":"<p>001\/2022\/GIZ\/SWB Dans le cadre de la mise en \u0153uvre du projet \u00ab\u00a0Accro\u00eetre la transparence et la participation des citoyens dans le processus budg\u00e9taire au B\u00e9nin\u00bb, Social Watch B\u00e9nin\u00a0a re\u00e7u\u00a0de la GIZ un financement pour mener plusieurs activit\u00e9s dont la formation des OSC sur le suivi budg\u00e9taire.&nbsp; Pour l\u2019activit\u00e9 de formation des OSC sur le suivi [&hellip;]<\/p>\n","protected":false},"author":1,"featured_media":2578,"comment_status":"open","ping_status":"open","sticky":false,"template":"","format":"standard","meta":{"amp_status":"","footnotes":""},"categories":[34,36,234],"tags":[235,73],"class_list":{"0":"post-2576","1":"post","2":"type-post","3":"status-publish","4":"format-standard","5":"has-post-thumbnail","7":"category-activites","8":"category-opportunites","9":"category-reforme","10":"tag-reforme","11":"tag-suivi-budgetaire"},"jetpack_featured_media_url":"https:\/\/socialwatch.bj\/wp-content\/uploads\/2022\/03\/SuivibudgetOK.jpg","_links":{"self":[{"href":"https:\/\/socialwatch.bj\/index.php?rest_route=\/wp\/v2\/posts\/2576","targetHints":{"allow":["GET"]}}],"collection":[{"href":"https:\/\/socialwatch.bj\/index.php?rest_route=\/wp\/v2\/posts"}],"about":[{"href":"https:\/\/socialwatch.bj\/index.php?rest_route=\/wp\/v2\/types\/post"}],"author":[{"embeddable":true,"href":"https:\/\/socialwatch.bj\/index.php?rest_route=\/wp\/v2\/users\/1"}],"replies":[{"embeddable":true,"href":"https:\/\/socialwatch.bj\/index.php?rest_route=%2Fwp%2Fv2%2Fcomments&post=2576"}],"version-history":[{"count":3,"href":"https:\/\/socialwatch.bj\/index.php?rest_route=\/wp\/v2\/posts\/2576\/revisions"}],"predecessor-version":[{"id":2581,"href":"https:\/\/socialwatch.bj\/index.php?rest_route=\/wp\/v2\/posts\/2576\/revisions\/2581"}],"wp:featuredmedia":[{"embeddable":true,"href":"https:\/\/socialwatch.bj\/index.php?rest_route=\/wp\/v2\/media\/2578"}],"wp:attachment":[{"href":"https:\/\/socialwatch.bj\/index.php?rest_route=%2Fwp%2Fv2%2Fmedia&parent=2576"}],"wp:term":[{"taxonomy":"category","embeddable":true,"href":"https:\/\/socialwatch.bj\/index.php?rest_route=%2Fwp%2Fv2%2Fcategories&post=2576"},{"taxonomy":"post_tag","embeddable":true,"href":"https:\/\/socialwatch.bj\/index.php?rest_route=%2Fwp%2Fv2%2Ftags&post=2576"}],"curies":[{"name":"wp","href":"https:\/\/api.w.org\/{rel}","templated":true}]}}