{"id":2642,"date":"2022-04-22T20:26:32","date_gmt":"2022-04-22T18:26:32","guid":{"rendered":"https:\/\/socialwatch.bj\/?p=2642"},"modified":"2022-04-22T20:26:32","modified_gmt":"2022-04-22T18:26:32","slug":"avis-dappel-doffres-10","status":"publish","type":"post","link":"https:\/\/socialwatch.bj\/?p=2642","title":{"rendered":"Avis d\u2019appel d\u2019offres"},"content":{"rendered":"<p style=\"text-align: center;\"><strong>Avis d\u2019appel d\u2019offres<\/strong><\/p>\n<p style=\"text-align: center;\"><strong><em>\u00a0<\/em><\/strong><strong><em>Social Watch B\u00e9nin<\/em><\/strong><\/p>\n<p style=\"text-align: center;\"><strong><em>\u00a0<\/em><\/strong><strong><em>003\/2022\/PALIRED-UE\/SWB<\/em><\/strong><\/p>\n<p><strong><em>\u00a0<\/em><\/strong><strong><em>\u00a0<\/em><\/strong><\/p>\n<ol>\n<li>Social Watch B\u00e9nin a obtenu dans le cadre de ses activit\u00e9s, des fonds de l&#8217;Union europ\u00e9enne et de la Coop\u00e9ration suisse, afin de contribuer au financement du Programme d\u2019Appui \u00e0 la Lutte contre l\u2019Impunit\u00e9 et au Renforcement, et a l\u2019intention d\u2019utiliser une partie de ces fonds pour effectuer des paiements au titre du March\u00e9 de prestation de service intellectuel relatif \u00e0 la <strong>formation des Inspecteurs des Finances sur \u00ab\u00a0L\u2019\u00e9thique et les normes de comportement des auditeurs internes de l\u2019<\/strong><strong>\u00c9tat\u00a0\u00bb.<\/strong><\/li>\n<li>Social Watch B\u00e9nin sollicite des offres de la part de candidats \u00e9ligibles et r\u00e9pondant aux qualifications requises pour r\u00e9aliser cette mission.<\/li>\n<li>La participation \u00e0 cet appel d&#8217;offres ouvert telle que d\u00e9finie dans la loi n\u00b0 2020-26 du 29 septembre 2020 portant code des march\u00e9s publics en R\u00e9publique du B\u00e9nin concerne tous les candidats, remplissant les conditions d\u00e9finies dans le pr\u00e9sent Dossier d&#8217;Appel d&#8217;Offres Ouvert et qui ne sont pas frapp\u00e9s par les dispositions des articles 61 et 121 de ladite loi.<\/li>\n<li>Les exigences en mati\u00e8re de qualification sont\u00a0pr\u00e9cis\u00e9es dans les <a href=\"https:\/\/socialwatch.bj\/wp-content\/uploads\/2022\/04\/TDR-Formation-des-Inspecteurs-des-Finances-sur-AuditEthique-et-normes-de-comport.pdf\">TDR.<\/a><\/li>\n<li>Les candidats int\u00e9ress\u00e9s peuvent obtenir les <a href=\"https:\/\/socialwatch.bj\/wp-content\/uploads\/2022\/04\/TDR-Formation-des-Inspecteurs-des-Finances-sur-AuditEthique-et-normes-de-comport.pdf\">TDR<\/a> en cliquant sur\u00a0 : <a href=\"https:\/\/socialwatch.bj\/wp-content\/uploads\/2022\/04\/TDR-Formation-des-Inspecteurs-des-Finances-sur-AuditEthique-et-normes-de-comport.pdf\">t\u00e9l\u00e9charger les tdr<\/a><\/li>\n<li>Les offres sont r\u00e9dig\u00e9es en langue fran\u00e7aise et devront \u00eatre d\u00e9pos\u00e9es en version \u00e9lectronique sous format PDF, en fichier unique de pr\u00e9f\u00e9rence, <a href=\"mailto:appel@socialwatch.bj\"><strong>appel@socialwatch.bj<\/strong><\/a><strong>, <\/strong>ou en version papier au si\u00e8ge de Social Watch Benin <strong>au plus tard le 02 mai 2022 \u00e0 12h00<\/strong> avec la mention <strong><em>\u00ab<\/em><\/strong><strong>formation des Inspecteurs des Finances<em>\u00bb<\/em><\/strong>. Les offres qui ne parviendront pas aux heures et date ci-dessus indiqu\u00e9es, seront purement et simplement rejet\u00e9es.<\/li>\n<li>Social Watch B\u00e9nin se r\u00e9serve le droit de ne pas donner une suite \u00e0 cet appel.<\/li>\n<\/ol>\n<p>&nbsp;<\/p>\n<p style=\"text-align: right;\">\u00a0<strong>Le Secr\u00e9taire Ex\u00e9cutif<\/strong><\/p>\n<p>&nbsp;<\/p>\n<blockquote>\n<p style=\"text-align: center;\"><a href=\"https:\/\/socialwatch.bj\/wp-content\/uploads\/2022\/04\/TDR-Formation-des-Inspecteurs-des-Finances-sur-AuditEthique-et-normes-de-comport.pdf\">T\u00e9l\u00e9charger les TDR<\/a><\/p>\n<\/blockquote>\n","protected":false},"excerpt":{"rendered":"<p>Avis d\u2019appel d\u2019offres \u00a0Social Watch B\u00e9nin \u00a0003\/2022\/PALIRED-UE\/SWB \u00a0\u00a0 Social Watch B\u00e9nin a obtenu dans le cadre de ses activit\u00e9s, des fonds de l&#8217;Union europ\u00e9enne et de la Coop\u00e9ration suisse, afin de contribuer au financement du Programme d\u2019Appui \u00e0 la Lutte contre l\u2019Impunit\u00e9 et au Renforcement, et a l\u2019intention d\u2019utiliser une partie de ces fonds pour [&hellip;]<\/p>\n","protected":false},"author":1,"featured_media":2644,"comment_status":"open","ping_status":"open","sticky":false,"template":"","format":"standard","meta":{"amp_status":"","footnotes":""},"categories":[34,90,45],"tags":[],"class_list":{"0":"post-2642","1":"post","2":"type-post","3":"status-publish","4":"format-standard","5":"has-post-thumbnail","7":"category-activites","8":"category-palired","9":"category-transparency-international"},"jetpack_featured_media_url":"https:\/\/socialwatch.bj\/wp-content\/uploads\/2022\/04\/Audit_qualite_Audit_qualite.jpeg","_links":{"self":[{"href":"https:\/\/socialwatch.bj\/index.php?rest_route=\/wp\/v2\/posts\/2642","targetHints":{"allow":["GET"]}}],"collection":[{"href":"https:\/\/socialwatch.bj\/index.php?rest_route=\/wp\/v2\/posts"}],"about":[{"href":"https:\/\/socialwatch.bj\/index.php?rest_route=\/wp\/v2\/types\/post"}],"author":[{"embeddable":true,"href":"https:\/\/socialwatch.bj\/index.php?rest_route=\/wp\/v2\/users\/1"}],"replies":[{"embeddable":true,"href":"https:\/\/socialwatch.bj\/index.php?rest_route=%2Fwp%2Fv2%2Fcomments&post=2642"}],"version-history":[{"count":2,"href":"https:\/\/socialwatch.bj\/index.php?rest_route=\/wp\/v2\/posts\/2642\/revisions"}],"predecessor-version":[{"id":2647,"href":"https:\/\/socialwatch.bj\/index.php?rest_route=\/wp\/v2\/posts\/2642\/revisions\/2647"}],"wp:featuredmedia":[{"embeddable":true,"href":"https:\/\/socialwatch.bj\/index.php?rest_route=\/wp\/v2\/media\/2644"}],"wp:attachment":[{"href":"https:\/\/socialwatch.bj\/index.php?rest_route=%2Fwp%2Fv2%2Fmedia&parent=2642"}],"wp:term":[{"taxonomy":"category","embeddable":true,"href":"https:\/\/socialwatch.bj\/index.php?rest_route=%2Fwp%2Fv2%2Fcategories&post=2642"},{"taxonomy":"post_tag","embeddable":true,"href":"https:\/\/socialwatch.bj\/index.php?rest_route=%2Fwp%2Fv2%2Ftags&post=2642"}],"curies":[{"name":"wp","href":"https:\/\/api.w.org\/{rel}","templated":true}]}}