{"id":2665,"date":"2022-05-05T10:15:35","date_gmt":"2022-05-05T08:15:35","guid":{"rendered":"https:\/\/socialwatch.bj\/?p=2665"},"modified":"2022-09-23T22:12:36","modified_gmt":"2022-09-23T20:12:36","slug":"rencontre-mtfp-transparency-international","status":"publish","type":"post","link":"https:\/\/socialwatch.bj\/?p=2665","title":{"rendered":"RENCONTRE MTFP-TRANSPARENCY INTERNATIONAL"},"content":{"rendered":"<p>Le Ministre du Travail et de la Fonction Publique a re\u00e7u en audience ce mercredi 04 mai 2022, une d\u00e9l\u00e9gation de Transparency International. Cette d\u00e9l\u00e9gation est compos\u00e9e du Conseiller R\u00e9gional pour l&#8217;Afrique de cette Ong internationale, de la pr\u00e9sidente de Social Watch B\u00e9nin et du Coordonnateur national de PALIRED. Les autres participants du c\u00f4t\u00e9 MTFP sont : le DC, le DPAF, la DECRD\/DGFP, le CTMS et le DSI.<\/p>\n<p>Apr\u00e8s le mot introductif du DPAF, la pr\u00e9sidente de Social Watch a remerci\u00e9 Mme le Ministre pour sa pr\u00e9sence au lancement du projet PALIRED \u00e9galement pour la contribution qualitative du MTFP au renforcement du Syst\u00e8me National d&#8217;Int\u00e9grit\u00e9 (SNI) mais aussi pour l&#8217;appui du minist\u00e8re dans la r\u00e9alisations des actions du PALIRED touchant le volet fonction publique. Par ailleurs, la pr\u00e9sidente Social Watch a fait un plaidoyer pour la poursuite des activit\u00e9s programm\u00e9es et pour l&#8217;adoption du Code des valeurs et d&#8217;\u00e9thique r\u00e9vis\u00e9. Le Conseiller R\u00e9gional a renouvel\u00e9 la gratitude de son organisation \u00e0 l&#8217;endroit de Mme le Ministre et des cadres de son minist\u00e8re. Il a aussi plaid\u00e9 pour la poursuite des activit\u00e9s car cela renforcera la position de pays mod\u00e8le dont jouit le B\u00e9nin.<br \/>\nEn r\u00e9ponse, le Ministre a rappel\u00e9 \u00e0 la d\u00e9l\u00e9gation, les diff\u00e9rentes activit\u00e9s men\u00e9es et en cours au sein de son d\u00e9partement minist\u00e9riel s&#8217;inscrivant dans le cadre des missions prioritaires du PALIRED notamment le r\u00e9cent s\u00e9minaire minist\u00e9riel sur le r\u00e9gime disciplinaire dans l&#8217;administration publique b\u00e9ninoise. Enfin l&#8217;autorit\u00e9 minist\u00e9rielle a instruit le DC et le DPAF \u00e0 prendre les dispositions idoines pour respect du chronogramme de mise en \u0153uvre des autres activit\u00e9s du PALIRED.<\/p>\n<p>Au terme des \u00e9changes, Mme le Ministre a remis \u00e0 chaque membre de la d\u00e9l\u00e9gation, une copie de la documentation du s\u00e9minaire minist\u00e9riel tenue le 02 mars dernier.<\/p>\n","protected":false},"excerpt":{"rendered":"<p>Le Ministre du Travail et de la Fonction Publique a re\u00e7u en audience ce mercredi 04 mai 2022, une d\u00e9l\u00e9gation de Transparency International. Cette d\u00e9l\u00e9gation est compos\u00e9e du Conseiller R\u00e9gional pour l&#8217;Afrique de cette Ong internationale, de la pr\u00e9sidente de Social Watch B\u00e9nin et du Coordonnateur national de PALIRED. Les autres participants du c\u00f4t\u00e9 MTFP [&hellip;]<\/p>\n","protected":false},"author":1,"featured_media":2666,"comment_status":"open","ping_status":"open","sticky":false,"template":"","format":"standard","meta":{"amp_status":"","footnotes":""},"categories":[34,90,45],"tags":[],"class_list":{"0":"post-2665","1":"post","2":"type-post","3":"status-publish","4":"format-standard","5":"has-post-thumbnail","7":"category-activites","8":"category-palired","9":"category-transparency-international"},"jetpack_featured_media_url":"https:\/\/socialwatch.bj\/wp-content\/uploads\/2022\/05\/WhatsApp-Image-2022-05-04-at-23.11.00.jpeg","_links":{"self":[{"href":"https:\/\/socialwatch.bj\/index.php?rest_route=\/wp\/v2\/posts\/2665","targetHints":{"allow":["GET"]}}],"collection":[{"href":"https:\/\/socialwatch.bj\/index.php?rest_route=\/wp\/v2\/posts"}],"about":[{"href":"https:\/\/socialwatch.bj\/index.php?rest_route=\/wp\/v2\/types\/post"}],"author":[{"embeddable":true,"href":"https:\/\/socialwatch.bj\/index.php?rest_route=\/wp\/v2\/users\/1"}],"replies":[{"embeddable":true,"href":"https:\/\/socialwatch.bj\/index.php?rest_route=%2Fwp%2Fv2%2Fcomments&post=2665"}],"version-history":[{"count":1,"href":"https:\/\/socialwatch.bj\/index.php?rest_route=\/wp\/v2\/posts\/2665\/revisions"}],"predecessor-version":[{"id":2667,"href":"https:\/\/socialwatch.bj\/index.php?rest_route=\/wp\/v2\/posts\/2665\/revisions\/2667"}],"wp:featuredmedia":[{"embeddable":true,"href":"https:\/\/socialwatch.bj\/index.php?rest_route=\/wp\/v2\/media\/2666"}],"wp:attachment":[{"href":"https:\/\/socialwatch.bj\/index.php?rest_route=%2Fwp%2Fv2%2Fmedia&parent=2665"}],"wp:term":[{"taxonomy":"category","embeddable":true,"href":"https:\/\/socialwatch.bj\/index.php?rest_route=%2Fwp%2Fv2%2Fcategories&post=2665"},{"taxonomy":"post_tag","embeddable":true,"href":"https:\/\/socialwatch.bj\/index.php?rest_route=%2Fwp%2Fv2%2Ftags&post=2665"}],"curies":[{"name":"wp","href":"https:\/\/api.w.org\/{rel}","templated":true}]}}