{"id":2716,"date":"2022-05-06T12:25:07","date_gmt":"2022-05-06T10:25:07","guid":{"rendered":"https:\/\/socialwatch.bj\/?p=2716"},"modified":"2022-05-18T13:19:14","modified_gmt":"2022-05-18T11:19:14","slug":"depenses-sociales-prioritaires-sectorielles-dsp-2021-le-rapport-de-suivi-citoyen-de-social-watch-benin-valide","status":"publish","type":"post","link":"https:\/\/socialwatch.bj\/?p=2716","title":{"rendered":"D\u00e9penses Sociales Prioritaires Sectorielles (DSP) 2021: Le rapport de suivi citoyen de Social Watch B\u00e9nin valid\u00e9"},"content":{"rendered":"<p>Le Rapport de suivi citoyen des D\u00e9penses Sociales Prioritaires (DSP) 2021 dans les secteurs sociaux (\u00e9ducation, sant\u00e9 affaires sociales et eau) r\u00e9alis\u00e9 par Social Watch B\u00e9nin avec l\u2019appui de la section Politique Sociale de l\u2019Unicef a \u00e9t\u00e9 valid\u00e9 le vendredi 6 mai 2022 dans la salle de conf\u00e9rence \u00ab Monseigneur ASSOGBA \u00bb du Chant d\u2019Oiseau de Cotonou.<\/p>\n<figure id=\"attachment_2719\" aria-describedby=\"caption-attachment-2719\" style=\"width: 696px\" class=\"wp-caption alignnone\"><img loading=\"lazy\" decoding=\"async\" class=\"size-large wp-image-2719\" src=\"https:\/\/socialwatch.bj\/wp-content\/uploads\/2022\/05\/WhatsApp-Image-2022-05-06-at-12.04.13-1-1024x512.jpeg\" alt=\"\" width=\"696\" height=\"348\" srcset=\"https:\/\/socialwatch.bj\/wp-content\/uploads\/2022\/05\/WhatsApp-Image-2022-05-06-at-12.04.13-1-1024x512.jpeg 1024w, https:\/\/socialwatch.bj\/wp-content\/uploads\/2022\/05\/WhatsApp-Image-2022-05-06-at-12.04.13-1-300x150.jpeg 300w, https:\/\/socialwatch.bj\/wp-content\/uploads\/2022\/05\/WhatsApp-Image-2022-05-06-at-12.04.13-1-768x384.jpeg 768w, https:\/\/socialwatch.bj\/wp-content\/uploads\/2022\/05\/WhatsApp-Image-2022-05-06-at-12.04.13-1-696x348.jpeg 696w, https:\/\/socialwatch.bj\/wp-content\/uploads\/2022\/05\/WhatsApp-Image-2022-05-06-at-12.04.13-1-840x420.jpeg 840w, https:\/\/socialwatch.bj\/wp-content\/uploads\/2022\/05\/WhatsApp-Image-2022-05-06-at-12.04.13-1.jpeg 1040w\" sizes=\"auto, (max-width: 696px) 100vw, 696px\" \/><figcaption id=\"caption-attachment-2719\" class=\"wp-caption-text\">Les participants \u00e0 l&#8217;atelier<\/figcaption><\/figure>\n<p>L\u2019activit\u00e9 de suivi citoyen des DSP sectorielles a d\u00e9marr\u00e9 par la cartographie des DSP dans les minist\u00e8res en charge de l\u2019\u00e9ducation, de l\u2019eau, de la sant\u00e9, et des affaires sociales. Par la suite il y a eu la collecte des donn\u00e9es sur l\u2019existence et la r\u00e9alisation des DSP les domaines de l\u2019eau et de la sant\u00e9 par les CPC dans 23 communes. Le but vis\u00e9 par Social Watch B\u00e9nin et Unicef est de v\u00e9rifier l\u2019existence des DSP et leur niveau de mise en \u0153uvre dans les communes cibl\u00e9es. Il est \u00e0 noter que les r\u00e9flexions issues du document de Rapport de Suivi des DSP 2021 ont montr\u00e9 que les r\u00e9alit\u00e9s sont tr\u00e8s loin des pr\u00e9visions en termes de DSP.\u00a0 Le Rapport indique que plusieurs efforts restent encore \u00e0 faire pour meilleure appropriation tant des DSP que de leur principe d\u2019ex\u00e9cution. Dans les secteurs de l\u2019eau et de la sant\u00e9, les taux de r\u00e9alisation des projets en rapport avec les DSP n\u2019ont pu atteindre le seul de 30% en 2021. En effet, il est \u00e0 retenir du rapport que le taux d\u2019ex\u00e9cution des DSP dans le secteur de l\u2019eau est de 25 % et celui du secteur de la sant\u00e9 est de 28%.<\/p>\n<figure id=\"attachment_2717\" aria-describedby=\"caption-attachment-2717\" style=\"width: 696px\" class=\"wp-caption alignnone\"><img loading=\"lazy\" decoding=\"async\" class=\"size-large wp-image-2717\" src=\"https:\/\/socialwatch.bj\/wp-content\/uploads\/2022\/05\/WhatsApp-Image-2022-05-06-at-12.02.10-1024x461.jpeg\" alt=\"\" width=\"696\" height=\"313\" srcset=\"https:\/\/socialwatch.bj\/wp-content\/uploads\/2022\/05\/WhatsApp-Image-2022-05-06-at-12.02.10-1024x461.jpeg 1024w, https:\/\/socialwatch.bj\/wp-content\/uploads\/2022\/05\/WhatsApp-Image-2022-05-06-at-12.02.10-300x135.jpeg 300w, https:\/\/socialwatch.bj\/wp-content\/uploads\/2022\/05\/WhatsApp-Image-2022-05-06-at-12.02.10-768x346.jpeg 768w, https:\/\/socialwatch.bj\/wp-content\/uploads\/2022\/05\/WhatsApp-Image-2022-05-06-at-12.02.10-696x313.jpeg 696w, https:\/\/socialwatch.bj\/wp-content\/uploads\/2022\/05\/WhatsApp-Image-2022-05-06-at-12.02.10-933x420.jpeg 933w, https:\/\/socialwatch.bj\/wp-content\/uploads\/2022\/05\/WhatsApp-Image-2022-05-06-at-12.02.10.jpeg 1040w\" sizes=\"auto, (max-width: 696px) 100vw, 696px\" \/><figcaption id=\"caption-attachment-2717\" class=\"wp-caption-text\">Chef de la section politique de l\u2019Unicef, Serguei Buruiana en chemise et l&#8217;administrateur de la zone littoral de social Watch B\u00e9nin<\/figcaption><\/figure>\n<p>L\u2019atelier a permis \u00e0 la personne ressource ayant produit le rapport de pr\u00e9senter les r\u00e9sultats issus du suivi citoyen et de recueillir des contributions techniques des participants pour am\u00e9liorer la qualit\u00e9 du document. Les participants sont des cadres techniques des minist\u00e8res, de l\u2019Unicef et des repr\u00e9sentants d\u2019Organisation de la Soci\u00e9t\u00e9 Civile et des cadres techniques de Social Watch B\u00e9nin.<\/p>\n<p>Ces participants ont proc\u00e9d\u00e9 \u00e0 la validation du document et ont formul\u00e9 des recommandations pour une meilleure appropriation et une bonne ex\u00e9cution des DSP au B\u00e9nin<\/p>\n<div class=\"mceTemp\"><\/div>\n<p>&nbsp;<\/p>\n<p>Notons qu\u2019\u00e0 l\u2019ouverture des travaux de l\u2019atelier de validation, l\u2019administration de la zone littorale de Social Watch B\u00e9nin, YABI Camille a d\u00e9clar\u00e9 que, depuis 2020, Social Watch B\u00e9nin dans le cadre de son partenariat avec la section politiques sociales de l\u2019UNICEF pour des activit\u00e9s de budg\u00e9tisation sensible aux enfants, s\u2019int\u00e9resse aux d\u00e9penses sociales prioritaires dont le taux d\u2019ex\u00e9cution en fin d\u2019exercice budg\u00e9taire doit \u00eatre de 100%. La c\u00e9r\u00e9monie d\u2019ouverture a connu la pr\u00e9sence du chef de la section politique de l\u2019Unicef, Serguei Buruiana.<\/p>\n<div class=\"mceTemp\"><\/div>\n<p>&nbsp;<\/p>\n","protected":false},"excerpt":{"rendered":"<p>Le Rapport de suivi citoyen des D\u00e9penses Sociales Prioritaires (DSP) 2021 dans les secteurs sociaux (\u00e9ducation, sant\u00e9 affaires sociales et eau) r\u00e9alis\u00e9 par Social Watch B\u00e9nin avec l\u2019appui de la section Politique Sociale de l\u2019Unicef a \u00e9t\u00e9 valid\u00e9 le vendredi 6 mai 2022 dans la salle de conf\u00e9rence \u00ab Monseigneur ASSOGBA \u00bb du Chant d\u2019Oiseau [&hellip;]<\/p>\n","protected":false},"author":1,"featured_media":2721,"comment_status":"open","ping_status":"open","sticky":false,"template":"","format":"standard","meta":{"amp_status":"","footnotes":""},"categories":[34,63],"tags":[],"class_list":{"0":"post-2716","1":"post","2":"type-post","3":"status-publish","4":"format-standard","5":"has-post-thumbnail","7":"category-activites","8":"category-unicef"},"jetpack_featured_media_url":"https:\/\/socialwatch.bj\/wp-content\/uploads\/2022\/05\/WhatsApp-Image-2022-05-06-at-12.04.13-1-1.jpeg","_links":{"self":[{"href":"https:\/\/socialwatch.bj\/index.php?rest_route=\/wp\/v2\/posts\/2716","targetHints":{"allow":["GET"]}}],"collection":[{"href":"https:\/\/socialwatch.bj\/index.php?rest_route=\/wp\/v2\/posts"}],"about":[{"href":"https:\/\/socialwatch.bj\/index.php?rest_route=\/wp\/v2\/types\/post"}],"author":[{"embeddable":true,"href":"https:\/\/socialwatch.bj\/index.php?rest_route=\/wp\/v2\/users\/1"}],"replies":[{"embeddable":true,"href":"https:\/\/socialwatch.bj\/index.php?rest_route=%2Fwp%2Fv2%2Fcomments&post=2716"}],"version-history":[{"count":4,"href":"https:\/\/socialwatch.bj\/index.php?rest_route=\/wp\/v2\/posts\/2716\/revisions"}],"predecessor-version":[{"id":2725,"href":"https:\/\/socialwatch.bj\/index.php?rest_route=\/wp\/v2\/posts\/2716\/revisions\/2725"}],"wp:featuredmedia":[{"embeddable":true,"href":"https:\/\/socialwatch.bj\/index.php?rest_route=\/wp\/v2\/media\/2721"}],"wp:attachment":[{"href":"https:\/\/socialwatch.bj\/index.php?rest_route=%2Fwp%2Fv2%2Fmedia&parent=2716"}],"wp:term":[{"taxonomy":"category","embeddable":true,"href":"https:\/\/socialwatch.bj\/index.php?rest_route=%2Fwp%2Fv2%2Fcategories&post=2716"},{"taxonomy":"post_tag","embeddable":true,"href":"https:\/\/socialwatch.bj\/index.php?rest_route=%2Fwp%2Fv2%2Ftags&post=2716"}],"curies":[{"name":"wp","href":"https:\/\/api.w.org\/{rel}","templated":true}]}}