{"id":2896,"date":"2022-10-04T17:01:08","date_gmt":"2022-10-04T15:01:08","guid":{"rendered":"https:\/\/socialwatch.bj\/?p=2896"},"modified":"2022-11-11T20:50:50","modified_gmt":"2022-11-11T19:50:50","slug":"cour-des-compte-audits-dans-les-secteurs-de-leducation-et-de-la-sante-social-watch-benin-et-gacc-veillent-a-la-mise-en-oeuvre-des-recommandations","status":"publish","type":"post","link":"https:\/\/socialwatch.bj\/?p=2896","title":{"rendered":"Cour des comptes \/ Audits dans les secteurs de l\u2019\u00e9ducation et de la sant\u00e9:  Social Watch B\u00e9nin et GACC veillent \u00e0 la mise en \u0153uvre des recommandations"},"content":{"rendered":"<p>Dans le cadre de l\u2019ex\u00e9cution du projet &#8221; Suivi citoyen de la mise en \u0153uvre des recommandations des audits dans les secteurs de l\u2019\u00e9ducation et de la sant\u00e9 en Afrique de l\u2019ouest (Benin et Ghana) &#8221; financ\u00e9 par l\u2019Open Society Initiative for West Africa (OSIWA) Social Watch B\u00e9nin a organis\u00e9 en partenariat avec la Coalition Anti-Corruption du Ghana (GACC), un atelier d\u2019\u00e9changes autour du document du rapport sur \u00ab L\u2019\u00e9tat des lieux de l&#8217;audit des comptes par l&#8217;institution sup\u00e9rieure de contr\u00f4le des Finances Publiques et au niveau sectoriel (MEMP et MS) \u00bb et sur les recommandations issues des rapports de performance des deux minist\u00e8res.<\/p>\n<p>Cet atelier s\u2019est d\u00e9roul\u00e9 le 04 Octobre 2022, \u00e0 l\u2019H\u00f4tel Les Oliviers de Porto novo et a r\u00e9uni des d\u00e9put\u00e9s, des responsables de la cha\u00eene des d\u00e9penses publiques et du contr\u00f4le de gestion financi\u00e8re au niveau du MEMP et de MS, des cadres de la Direction G\u00e9n\u00e9rale du Budget, les cadres de la Cour des Comptes et des acteurs de la Soci\u00e9t\u00e9 Civile.<\/p>\n<p>Le document au c\u0153ur de cet atelier d\u2019\u00e9changes et de discussion est commandit\u00e9 par Social Watch B\u00e9nin et son partenaire GACC pour faire des plaidoyers en vue d\u2019am\u00e9liorer les imperfections du processus d\u2019audit et de gestion des finances publiques au niveau du Minist\u00e8re des Enseignements Maternel et Primaire (MEMP) ainsi que du Minist\u00e8re de la Sant\u00e9 (MS).<br \/>\nCet atelier a permis aux participants de proc\u00e9der \u00e0 des \u00e9changes et des discussions sur le contenu du draft du document r\u00e9alis\u00e9 par des personnes recrut\u00e9es par Social Watch B\u00e9nin. Il a \u00e9t\u00e9 question pour ces personnes ressources de \u00ab\u00a0Faire un point des recommandations issues des rapports de performance des deux secteurs (MEMP et MS)\u00a0\u00bb d\u2019une part, et de \u00ab\u00a0Produire la synth\u00e8se des recommandations \u00e0 suivre selon les priorit\u00e9s \u00bb d\u2019autre part.<br \/>\nLes participants ont pu \u00a0\u00e9changer sur le contenu de l\u2019\u00e9tat des lieux de l\u2019audit des comptes au niveau du Minist\u00e8re des Enseignements Maternel et Primaire.<br \/>\nIls ont \u00e9galement \u00e9chang\u00e9 sur le contenu de l\u2019\u00e9tat des lieux de l\u2019audit des comptes au niveau du Minist\u00e8re de la Sant\u00e9.<\/p>\n<p>Ces \u00e9changes ont d\u00e9bouch\u00e9 sur des recommandation qui ont permis d\u2019am\u00e9liorer la qualit\u00e9 du document.<br \/>\nLes participants ont par ailleurs faire un point des recommandations issues des rapports de performance du MEMP et du MS.<\/p>\n<p>Les d\u00e9put\u00e9s pr\u00e9sents \u00e0 l\u2019atelier \u00e0 savoir l\u2019honorable NOBIME Patrice; et SEIDOU ASSAN ont apport\u00e9 des contributions de qualit\u00e9 au document.<br \/>\nA l\u2019issue de la mise en \u0153uvre de cet atelier, la synth\u00e8se des recommandations de l\u2019\u00e9tat des lieux et des audits des comptes des minist\u00e8res sectoriels (MEMP et MS) a \u00e9t\u00e9 harmonis\u00e9e par les parties prenantes.<\/p>\n","protected":false},"excerpt":{"rendered":"<p>Dans le cadre de l\u2019ex\u00e9cution du projet &#8221; Suivi citoyen de la mise en \u0153uvre des recommandations des audits dans les secteurs de l\u2019\u00e9ducation et de la sant\u00e9 en Afrique de l\u2019ouest (Benin et Ghana) &#8221; financ\u00e9 par l\u2019Open Society Initiative for West Africa (OSIWA) Social Watch B\u00e9nin a organis\u00e9 en partenariat avec la Coalition [&hellip;]<\/p>\n","protected":false},"author":1,"featured_media":2897,"comment_status":"open","ping_status":"open","sticky":false,"template":"","format":"standard","meta":{"amp_status":"","footnotes":""},"categories":[34,174],"tags":[274,273,272],"class_list":{"0":"post-2896","1":"post","2":"type-post","3":"status-publish","4":"format-standard","5":"has-post-thumbnail","7":"category-activites","8":"category-gacc","9":"tag-auditdescomptes","10":"tag-audit-des-comptes","11":"tag-cour-des-comptes-du-benin"},"jetpack_featured_media_url":"https:\/\/socialwatch.bj\/wp-content\/uploads\/2022\/10\/WhatsApp-Image-2022-10-04-at-14.33.34.jpeg","_links":{"self":[{"href":"https:\/\/socialwatch.bj\/index.php?rest_route=\/wp\/v2\/posts\/2896","targetHints":{"allow":["GET"]}}],"collection":[{"href":"https:\/\/socialwatch.bj\/index.php?rest_route=\/wp\/v2\/posts"}],"about":[{"href":"https:\/\/socialwatch.bj\/index.php?rest_route=\/wp\/v2\/types\/post"}],"author":[{"embeddable":true,"href":"https:\/\/socialwatch.bj\/index.php?rest_route=\/wp\/v2\/users\/1"}],"replies":[{"embeddable":true,"href":"https:\/\/socialwatch.bj\/index.php?rest_route=%2Fwp%2Fv2%2Fcomments&post=2896"}],"version-history":[{"count":4,"href":"https:\/\/socialwatch.bj\/index.php?rest_route=\/wp\/v2\/posts\/2896\/revisions"}],"predecessor-version":[{"id":2919,"href":"https:\/\/socialwatch.bj\/index.php?rest_route=\/wp\/v2\/posts\/2896\/revisions\/2919"}],"wp:featuredmedia":[{"embeddable":true,"href":"https:\/\/socialwatch.bj\/index.php?rest_route=\/wp\/v2\/media\/2897"}],"wp:attachment":[{"href":"https:\/\/socialwatch.bj\/index.php?rest_route=%2Fwp%2Fv2%2Fmedia&parent=2896"}],"wp:term":[{"taxonomy":"category","embeddable":true,"href":"https:\/\/socialwatch.bj\/index.php?rest_route=%2Fwp%2Fv2%2Fcategories&post=2896"},{"taxonomy":"post_tag","embeddable":true,"href":"https:\/\/socialwatch.bj\/index.php?rest_route=%2Fwp%2Fv2%2Ftags&post=2896"}],"curies":[{"name":"wp","href":"https:\/\/api.w.org\/{rel}","templated":true}]}}