{"id":2903,"date":"2022-10-05T12:38:51","date_gmt":"2022-10-05T10:38:51","guid":{"rendered":"https:\/\/socialwatch.bj\/?p=2903"},"modified":"2022-10-06T10:00:23","modified_gmt":"2022-10-06T08:00:23","slug":"appel-a-candidature","status":"publish","type":"post","link":"https:\/\/socialwatch.bj\/?p=2903","title":{"rendered":"Appel \u00e0 candidature"},"content":{"rendered":"<p style=\"text-align: center;\"><strong>004\/2022\/UNICEF\/SWB<\/strong><\/p>\n<p>1. Social Watch B\u00e9nin est en partenariat avec la section Politiques Sociales de l\u2019UNICEF en vue de la r\u00e9alisation des activit\u00e9s de budg\u00e9tisation sensibles aux enfants sur la p\u00e9riode 2021-2023.<\/p>\n<p>2. Ce partenariat s\u2019inscrit dans le cadre du programme de coop\u00e9ration entre le B\u00e9nin et l\u2019UNICEF et contribue \u00e0 l\u2019atteinte du produit 3 dudit programme de coop\u00e9ration \u00ab D\u2019ici \u00e0 fin 2023, les acteurs nationaux et locaux sont mieux outill\u00e9s pour une mobilisation accrue, une programmation \u00e9quitable et une gestion efficiente des ressources publiques sensibles aux<br \/>\nenfants avec la participation de la soci\u00e9t\u00e9 civile, des femmes, des adolescent(e)s et des jeunes. \u00bb<\/p>\n<p>3. Social Watch B\u00e9nin cherche \u00e0 recruter <strong>un(e) consultant(e) pour la production d\u2019une note sur les crit\u00e8res actuels de r\u00e9partition des dotations FADEC aux communes et sur la prise en compte de l\u2019\u00e9quit\u00e9<\/strong>.<\/p>\n<p>4. La participation \u00e0 cet appel d\u2019offres ouvert telle que d\u00e9finie dans la loi n\u00b0 2020-26 du 29 septembre 2020 portant code des march\u00e9s publics en R\u00e9publique du B\u00e9nin concerne tous les candidats, remplissant les conditions d\u00e9finies dans le pr\u00e9sent Dossier d\u2019Appel<br \/>\nd\u2019Offres Ouvert et qui ne sont pas frapp\u00e9s par les dispositions des articles 61 et 121 de ladite loi ou celles de la loi n\u00b0 2015-18 du 2 avril 2015 portant Statut g\u00e9n\u00e9ral de la Fonction publique.<\/p>\n<p>5. Les exigences en mati\u00e8re de qualification sont pr\u00e9cis\u00e9es dans les TDR.<\/p>\n<p>6. Les candidats int\u00e9ress\u00e9s peuvent obtenir les TDR sur en cliquant sur : <a href=\"https:\/\/socialwatch.bj\/wp-content\/uploads\/2022\/10\/TDR-recrutement-consultant_3.3.1-note-FADeC.pdf\">T\u00e9l\u00e9charger TDR<\/a>\u00a0 ou sur le site de <a href=\"https:\/\/www.cdiscussion.com\/offre-d-emploi\/?details-job=1106898\">cDiscussion <\/a><\/p>\n<p>7. Les offres sont r\u00e9dig\u00e9es en langue fran\u00e7aise et devront \u00eatre en version \u00e9lectronique sous format PDF en fichier unique adress\u00e9es \u00e0 l\u2019adresse : <a href=\"mailto:appel@socialwatch.bj\">appel@socialwatch.bj<\/a> au plus tard le <span style=\"background-color: #00ffff;\"><strong>15 octobre 2022 \u00e0 18 heures<\/strong><\/span>. Les offres qui ne parviendront pas aux heure et date<br \/>\nci-dessus indiqu\u00e9es, seront purement et simplement rejet\u00e9es.<\/p>\n<p>8. Social Watch B\u00e9nin se r\u00e9serve le droit de ne pas donner une suite \u00e0 cet appel.<\/p>\n<p style=\"text-align: right;\"><strong>Le Secr\u00e9taire Ex\u00e9cutif<\/strong><\/p>\n<p>&nbsp;<\/p>\n<blockquote>\n<p style=\"text-align: center;\"><a href=\"https:\/\/socialwatch.bj\/wp-content\/uploads\/2022\/10\/TDR-recrutement-consultant_3.3.1-note-FADeC.pdf\">T\u00e9l\u00e9charger TDR<\/a><\/p>\n<\/blockquote>\n","protected":false},"excerpt":{"rendered":"<p>004\/2022\/UNICEF\/SWB 1. Social Watch B\u00e9nin est en partenariat avec la section Politiques Sociales de l\u2019UNICEF en vue de la r\u00e9alisation des activit\u00e9s de budg\u00e9tisation sensibles aux enfants sur la p\u00e9riode 2021-2023. 2. Ce partenariat s\u2019inscrit dans le cadre du programme de coop\u00e9ration entre le B\u00e9nin et l\u2019UNICEF et contribue \u00e0 l\u2019atteinte du produit 3 dudit [&hellip;]<\/p>\n","protected":false},"author":1,"featured_media":2905,"comment_status":"open","ping_status":"open","sticky":false,"template":"","format":"standard","meta":{"amp_status":"","footnotes":""},"categories":[34,46,36,63],"tags":[275],"class_list":{"0":"post-2903","1":"post","2":"type-post","3":"status-publish","4":"format-standard","5":"has-post-thumbnail","7":"category-activites","8":"category-democratie","9":"category-opportunites","10":"category-unicef","11":"tag-fadec"},"jetpack_featured_media_url":"https:\/\/socialwatch.bj\/wp-content\/uploads\/2022\/10\/Dotation-FADEC.jpg","_links":{"self":[{"href":"https:\/\/socialwatch.bj\/index.php?rest_route=\/wp\/v2\/posts\/2903","targetHints":{"allow":["GET"]}}],"collection":[{"href":"https:\/\/socialwatch.bj\/index.php?rest_route=\/wp\/v2\/posts"}],"about":[{"href":"https:\/\/socialwatch.bj\/index.php?rest_route=\/wp\/v2\/types\/post"}],"author":[{"embeddable":true,"href":"https:\/\/socialwatch.bj\/index.php?rest_route=\/wp\/v2\/users\/1"}],"replies":[{"embeddable":true,"href":"https:\/\/socialwatch.bj\/index.php?rest_route=%2Fwp%2Fv2%2Fcomments&post=2903"}],"version-history":[{"count":6,"href":"https:\/\/socialwatch.bj\/index.php?rest_route=\/wp\/v2\/posts\/2903\/revisions"}],"predecessor-version":[{"id":2921,"href":"https:\/\/socialwatch.bj\/index.php?rest_route=\/wp\/v2\/posts\/2903\/revisions\/2921"}],"wp:featuredmedia":[{"embeddable":true,"href":"https:\/\/socialwatch.bj\/index.php?rest_route=\/wp\/v2\/media\/2905"}],"wp:attachment":[{"href":"https:\/\/socialwatch.bj\/index.php?rest_route=%2Fwp%2Fv2%2Fmedia&parent=2903"}],"wp:term":[{"taxonomy":"category","embeddable":true,"href":"https:\/\/socialwatch.bj\/index.php?rest_route=%2Fwp%2Fv2%2Fcategories&post=2903"},{"taxonomy":"post_tag","embeddable":true,"href":"https:\/\/socialwatch.bj\/index.php?rest_route=%2Fwp%2Fv2%2Ftags&post=2903"}],"curies":[{"name":"wp","href":"https:\/\/api.w.org\/{rel}","templated":true}]}}