{"id":3140,"date":"2023-02-15T13:32:29","date_gmt":"2023-02-15T12:32:29","guid":{"rendered":"https:\/\/socialwatch.bj\/?p=3140"},"modified":"2023-02-15T16:53:38","modified_gmt":"2023-02-15T15:53:38","slug":"avis-dappel-a-candidature-7","status":"publish","type":"post","link":"https:\/\/socialwatch.bj\/?p=3140","title":{"rendered":"Avis d\u2019appel \u00e0 candidature"},"content":{"rendered":"<p style=\"text-align: center;\"><strong><em>002\/2023\/CEP_PEV\/SWB<\/em><\/strong><\/p>\n<hr \/>\n<p>Social Watch B\u00e9nin, en consortium avec les ONG Ola Africa, Gape et Bethesda, a obtenu un financement de l\u2019Union europ\u00e9enne (UE) pour la mise en \u0153uvre du Projet \u00ab Match\u00e8ress\u00e8-Wan\u2019sina bura\u2013Coexistons en paix \u00bb dans les communes de Bassila, Djougou, P\u00e8r\u00e8r\u00e8 et Nikki.<\/p>\n<p>Dans ce cadre, Social Watch B\u00e9nin recrute un consultant pour la <strong>R\u00e9alisation d\u2019une \u00e9tude de r\u00e9f\u00e9rence du projet.<\/strong><\/p>\n<ol>\n<li>La participation \u00e0 cet appel d\u2019offres ouvert concerne tous les candidats, remplissant les conditions d\u00e9finies dans Termes de R\u00e9f\u00e9rence.<\/li>\n<li>Les exigences en mati\u00e8re de qualification sont pr\u00e9cis\u00e9es dans les <a href=\"https:\/\/socialwatch.bj\/wp-content\/uploads\/2023\/02\/TDR-A2.1.1-Realisation-dune-etude-de-reference_VF.pdf\">TDR<\/a>.<\/li>\n<li>Les candidats int\u00e9ress\u00e9s peuvent obtenir les\u00a0<a href=\"https:\/\/socialwatch.bj\/wp-content\/uploads\/2023\/02\/TDR-A2.1.1-Realisation-dune-etude-de-reference_VF.pdf\">TDR<\/a> en cliquant sur:\u00a0<a href=\"https:\/\/socialwatch.bj\/wp-content\/uploads\/2023\/02\/TDR-A2.1.1-Realisation-dune-etude-de-reference_VF.pdf\">t\u00e9l\u00e9charger les tdr<\/a>\u00a0ou sur le site de\u00a0<a href=\"https:\/\/www.cdiscussion.com\/offre-d-emploi\/?details-job=1111884\">Discussion<\/a>.<\/li>\n<li>Les offres r\u00e9dig\u00e9es en langue fran\u00e7aise, sous format PDF et en fichier unique doivent \u00eatre envoy\u00e9es <strong>au plus tard le 26 F\u00e9vrier 2023 \u00e0 17 heures pr\u00e9cises (heure locale)<\/strong> avec la mention <em>\u00ab <strong>Recrutement de consultant pour Etude de r\u00e9f\u00e9rence du projet Coexistons en paix<\/strong> \u00bb<\/em> \u00e0 l\u2019adresse : <a href=\"mailto:appel@socialwatch.bj\">appel@socialwatch.bj<\/a> .<br \/>\nLes offres qui ne parviendront pas aux heures et date ci-dessus indiqu\u00e9es, seront purement et simplement rejet\u00e9es.<\/li>\n<li>Social Watch B\u00e9nin se r\u00e9serve le droit de ne pas donner une suite \u00e0 cet appel.<\/li>\n<\/ol>\n<p>&nbsp;<\/p>\n<p style=\"text-align: right;\"><strong>Le Secr\u00e9taire Ex\u00e9cutif<\/strong><\/p>\n<p>&nbsp;<\/p>\n<blockquote><p><a href=\"https:\/\/socialwatch.bj\/wp-content\/uploads\/2023\/02\/TDR-A2.1.1-Realisation-dune-etude-de-reference_VF.pdf\" target=\"_blank\" rel=\"noopener\">T\u00c9L\u00c9CHARGER LES TDR<\/a><\/p><\/blockquote>\n","protected":false},"excerpt":{"rendered":"<p>002\/2023\/CEP_PEV\/SWB Social Watch B\u00e9nin, en consortium avec les ONG Ola Africa, Gape et Bethesda, a obtenu un financement de l\u2019Union europ\u00e9enne (UE) pour la mise en \u0153uvre du Projet \u00ab Match\u00e8ress\u00e8-Wan\u2019sina bura\u2013Coexistons en paix \u00bb dans les communes de Bassila, Djougou, P\u00e8r\u00e8r\u00e8 et Nikki. Dans ce cadre, Social Watch B\u00e9nin recrute un consultant pour la [&hellip;]<\/p>\n","protected":false},"author":1,"featured_media":3142,"comment_status":"open","ping_status":"open","sticky":false,"template":"","format":"standard","meta":{"amp_status":"","footnotes":""},"categories":[34],"tags":[312,311],"class_list":{"0":"post-3140","1":"post","2":"type-post","3":"status-publish","4":"format-standard","5":"has-post-thumbnail","7":"category-activites","8":"tag-paix","9":"tag-coexistons-en-paix"},"jetpack_featured_media_url":"https:\/\/socialwatch.bj\/wp-content\/uploads\/2023\/02\/Etude-de-marche-1.png","_links":{"self":[{"href":"https:\/\/socialwatch.bj\/index.php?rest_route=\/wp\/v2\/posts\/3140","targetHints":{"allow":["GET"]}}],"collection":[{"href":"https:\/\/socialwatch.bj\/index.php?rest_route=\/wp\/v2\/posts"}],"about":[{"href":"https:\/\/socialwatch.bj\/index.php?rest_route=\/wp\/v2\/types\/post"}],"author":[{"embeddable":true,"href":"https:\/\/socialwatch.bj\/index.php?rest_route=\/wp\/v2\/users\/1"}],"replies":[{"embeddable":true,"href":"https:\/\/socialwatch.bj\/index.php?rest_route=%2Fwp%2Fv2%2Fcomments&post=3140"}],"version-history":[{"count":2,"href":"https:\/\/socialwatch.bj\/index.php?rest_route=\/wp\/v2\/posts\/3140\/revisions"}],"predecessor-version":[{"id":3151,"href":"https:\/\/socialwatch.bj\/index.php?rest_route=\/wp\/v2\/posts\/3140\/revisions\/3151"}],"wp:featuredmedia":[{"embeddable":true,"href":"https:\/\/socialwatch.bj\/index.php?rest_route=\/wp\/v2\/media\/3142"}],"wp:attachment":[{"href":"https:\/\/socialwatch.bj\/index.php?rest_route=%2Fwp%2Fv2%2Fmedia&parent=3140"}],"wp:term":[{"taxonomy":"category","embeddable":true,"href":"https:\/\/socialwatch.bj\/index.php?rest_route=%2Fwp%2Fv2%2Fcategories&post=3140"},{"taxonomy":"post_tag","embeddable":true,"href":"https:\/\/socialwatch.bj\/index.php?rest_route=%2Fwp%2Fv2%2Ftags&post=3140"}],"curies":[{"name":"wp","href":"https:\/\/api.w.org\/{rel}","templated":true}]}}