{"id":3145,"date":"2023-02-15T16:11:12","date_gmt":"2023-02-15T15:11:12","guid":{"rendered":"https:\/\/socialwatch.bj\/?p=3145"},"modified":"2023-06-30T14:03:33","modified_gmt":"2023-06-30T12:03:33","slug":"participation-du-public-au-processus-budgetaire-2024","status":"publish","type":"post","link":"https:\/\/socialwatch.bj\/?p=3145","title":{"rendered":"Participation du public au processus budg\u00e9taire 2024"},"content":{"rendered":"<p>Apr\u00e8s avoir pr\u00e9sent\u00e9 en novembre 2022 son document d\u2019analyse et de plaidoyer sur le projet de loi de finances dans le cadre de la phase parlementaire du processus budg\u00e9taire pour la gestion 2023, le Groupe de suivi budg\u00e9taire de la soci\u00e9t\u00e9 civile port\u00e9 par Social Watch Benin vient de s\u2019acquitter le lundi 06 f\u00e9vrier 2023 dernier d\u2019un devoir citoyen en r\u00e9pondant favorablement \u00e0 l\u2019appel des autorit\u00e9s du Minist\u00e8re de l&#8217;Economie et des Finances qui l\u2019ont invit\u00e9, dans le cadre de l&#8217;\u00e9laboration du projet de Document de Programmation Budg\u00e9taire et Economique Pluriannuelle (DPBEP) initial pour la gestion 2024-2026, \u00e0 venir pr\u00e9senter les aspirations, pr\u00e9occupations et requ\u00eates prioritaires de la soci\u00e9t\u00e9 civile.<\/p>\n<p>A ce rendez-vous, tr\u00e8s important pour le Groupe de suivi budg\u00e9taire de Social Watch B\u00e9nin, les principaux points d\u2019attention soulev\u00e9s sont relatifs aux secteurs ci-apr\u00e8s\u00a0:<\/p>\n<ul>\n<li>EAU, HYGIENE ET ASSAINISSEMENT DE BASE<\/li>\n<li>SANTE<\/li>\n<li>PROTECTION SOCIALE<\/li>\n<li>EDUCATION<\/li>\n<\/ul>\n<p>Outre ces secteurs, Social Watch B\u00e9nin a pr\u00e9sent\u00e9 d\u2019autres pr\u00e9occupations de la soci\u00e9t\u00e9 civile que sont\u00a0:<\/p>\n<ul>\n<li>La dotation des Guichets Uniques de Protection Sociale de ressources humaines, mat\u00e9rielles et financi\u00e8res en vue de l\u2019efficacit\u00e9 des actions de protection sociale<\/li>\n<li>La prise du D\u00e9cret portant cr\u00e9ation de l\u2019Organe Administratif de la Mutualit\u00e9 Sociale (OAMS) pr\u00e9vu par le r\u00e8glement 07\/2009\/CM\/UEMOA avant la fin de l\u2019ann\u00e9e 2022<\/li>\n<li>Le renforcement des attributions des Centres de Promotion Sociale pour la prise en charge, durant la phase de contentieux judiciaire, des femmes et des victimes de violences et renforcer les capacit\u00e9s des agents des CPS aux fins<\/li>\n<li>La prise de nouvelles mesures pour accompagner les parents des enfants et personnes handicap\u00e9es dans la r\u00e9\u00e9ducation en cr\u00e9ant et en rendant fonctionnels et accessibles les centres de r\u00e9\u00e9ducation des personnes handicap\u00e9es<\/li>\n<li>L\u2019\u00e9laboration et la mise en \u0153uvre d\u2019un programme de construction de nouveaux centres d\u2019accueil et le renforcement de capacit\u00e9s des centres existants pour la prise en charge des enfants victimes de traite<\/li>\n<li>La prise en compte des questions d\u2019\u00e9quit\u00e9 dans la mise en \u0153uvre du Fonds d\u2019Investissement Communal pour un d\u00e9veloppement humain, social et \u00e9conomique des collectivit\u00e9s territoriales<\/li>\n<li>La correction des in\u00e9galit\u00e9s infrastructurelles et la garantie d\u2019un d\u00e9veloppement \u00e9quilibr\u00e9 du territoire national en assurant le d\u00e9veloppement \u00e9conomique et social des zones frontali\u00e8res en vue de pr\u00e9venir l\u2019amplification de l\u2019extr\u00e9miste violent.<\/li>\n<\/ul>\n<p>A l\u2019ouverture de la s\u00e9ance de pr\u00e9sentation, <strong>Madame Pamela AGBOZO<\/strong>, Responsable des Programmes de Social Watch B\u00e9nin a remerci\u00e9 les autorit\u00e9s du Minist\u00e8re de l\u2019Economie et des Finances pour l\u2019int\u00e9r\u00eat qu\u2019elles portent aux pr\u00e9occupations des OSC dans l\u2019\u00e9laboration des diff\u00e9rents documents de programmation budg\u00e9taire et \u00e9conomique ainsi qu\u2019aux analyses et plaidoyers de la soci\u00e9t\u00e9 civile sur les projets de loi de finances. Tout en les f\u00e9licitant du retour que les cadres de la Direction G\u00e9n\u00e9rale du Budget ont fait aux pr\u00e9occupations des OSC \u00e0 travers la note d\u2019information sur la prise en compte des aspirations de la soci\u00e9t\u00e9 civile dans le projet de loi de finances, gestion 2023, elle fait observer que le souhait de Social Watch B\u00e9nin est qu\u2019une attention plus accrue soit accord\u00e9e aux pr\u00e9occupations d\u2019ordre social afin d\u2019impacter positivement la vie d\u2019une grande proportion de la population.<\/p>\n<p>Suite \u00e0 la pr\u00e9sentation des aspirations des populations par la Responsable des Programmes de Social Watch B\u00e9nin, le Directeur de Cabinet du Ministre de l\u2019Economie et des Finances, <strong>Monsieur Hermann Orou TAKOU<\/strong> a salu\u00e9 la qualit\u00e9 du travail abattu par la soci\u00e9t\u00e9 civile qui d\u00e9montre qu\u2019elle est professionnelle. \u00ab <em>Comprenez ma satisfaction si j\u2019entends des relais de nature \u00e0 pr\u00e9senter des r\u00e9alit\u00e9s v\u00e9cues par les populations sur le terrain. Votre pr\u00e9sentation attire l\u2019attention des d\u00e9cideurs. M\u00eame si compte tenu des priorit\u00e9s on n\u2019a pas les moyens de le faire maintenant, on peut les rentrer dans le pipeline pour les ann\u00e9es \u00e0 venir.<\/em>\u00bb a-t-il affirm\u00e9 avant de rassurer la d\u00e9l\u00e9gation conduite par Social Watch B\u00e9nin de la disponibilit\u00e9 des d\u00e9biteurs d\u2019obligations \u00e0 rester \u00e0 l\u2019\u00e9coute des d\u00e9tenteurs de pouvoir que repr\u00e9sentent les populations \u00e0 la base d\u2019une part, et \u00e0 r\u00e9pondre favorablement \u00e0 leurs besoins dans la mesure des ressources financi\u00e8res disponibles d\u2019autre part.<\/p>\n<p><strong>ENCADRE<\/strong><\/p>\n<table width=\"633\">\n<tbody>\n<tr>\n<td width=\"633\">\n<p style=\"text-align: center;\"><strong>Principales pr\u00e9occupations de la soci\u00e9t\u00e9 civile pour le BPBEP 2024-2026<\/strong><\/p>\n<p>\u00a0\u00a0\u00a0\u00a0 <strong>EAU, HYGIENE ET ASSAINISSEMENT DE BASE<\/strong><\/p>\n<p>&#8211; Augmenter sensiblement les investissements dans le sous-secteur de l\u2019hygi\u00e8ne et de l\u2019assainissement de base pour l\u2019atteinte de la cible 6.2 des ODD d\u2019ici 2025<\/p>\n<p>&#8211; Doter les \u00e9tablissements scolaires de kits de prise en charge des urgences pour l\u2019hygi\u00e8ne menstruelle en application des dispositions de la loi 2022-04 du 16 f\u00e9vrier 2022<\/p>\n<p>&nbsp;<\/p>\n<p><strong>SANTE<\/strong><\/p>\n<p>&#8211; Am\u00e9liorer les ressources allou\u00e9es au PIP de lutte contre les Maladies Non Transmissibles (MNT) afin de relever le d\u00e9fi du si\u00e8cle que repr\u00e9sentent les MNT<\/p>\n<p>&#8211; Renforcer le plateau technique des centres hospitaliers et formations sanitaires<\/p>\n<p>&#8211; Am\u00e9liorer la sant\u00e9 de l\u2019enfant \u00e0 travers une attention particuli\u00e8re au budget accord\u00e9 aux interventions sp\u00e9cifiques \u00e0 la nutrition<\/p>\n<p>&#8211; Am\u00e9liorer le financement de la Planification Familiale et prendre le d\u00e9cret relatif \u00e0 la loi 2021 -12 du 20 d\u00e9cembre 2021 portant sant\u00e9 sexuelle et reproductive<\/p>\n<p>&nbsp;<\/p>\n<p><strong>PROTECTION SOCIALE<\/strong><\/p>\n<p>&#8211; Veiller \u00e0 l\u2019application de la loi N\u00b0 2017-06 du 29 septembre 2017 portant protection et promotion des droits des personnes handicap\u00e9es en R\u00e9publique du B\u00e9nin \u00e0 travers la prise des d\u00e9crets d\u2019application et la mise en place des mesures fiscales y relatives<\/p>\n<p>&nbsp;<\/p>\n<p><strong>EDUCATION<\/strong><\/p>\n<p>&#8211; Assurer l\u2019inclusion effective des personnes handicap\u00e9es dans le syst\u00e8me \u00e9ducatif<\/p>\n<p>&#8211; Mettre en \u0153uvre la Politique Nationale Enseignante (PNE) \u00e9labor\u00e9e et adopt\u00e9e, en 2020, dans un processus participatif incluant les OSC, les PTF, le corps enseignant et les acteurs au niveau institutionnel<\/p>\n<p>&#8211; Augmenter \u00e0 1,5% le budget allou\u00e9 au sous-secteur de l\u2019alphab\u00e9tisation\u00a0et acc\u00e9l\u00e9rer le processus d\u2019\u00e9laboration d\u2019une strat\u00e9gie de d\u00e9veloppement de l\u2019environnement lettr\u00e9<\/p>\n<p>&#8211; Prendre en compte les incidences financi\u00e8res li\u00e9es \u00e0 l\u2019adoption et \u00e0 la mise en \u0153uvre du programme de d\u00e9veloppement de l\u2019\u00e9ducation des filles au B\u00e9nin<\/p>\n<p>&#8211; Augmenter la part du budget du pr\u00e9scolaire dans le Budget G\u00e9n\u00e9ral:<\/td>\n<\/tr>\n<\/tbody>\n<\/table>\n<p>&nbsp;<\/p>\n<p>Lisez l&#8217;int\u00e9gralit\u00e9 du document en cliquant sur: <a href=\"https:\/\/socialwatch.bj\/wp-content\/uploads\/2023\/06\/DPBEP-2024-Aspirations-Budget.pdf\">DPBEP 2024 &#8211; Aspirations Budget<\/a><\/p>\n","protected":false},"excerpt":{"rendered":"<p>Apr\u00e8s avoir pr\u00e9sent\u00e9 en novembre 2022 son document d\u2019analyse et de plaidoyer sur le projet de loi de finances dans le cadre de la phase parlementaire du processus budg\u00e9taire pour la gestion 2023, le Groupe de suivi budg\u00e9taire de la soci\u00e9t\u00e9 civile port\u00e9 par Social Watch Benin vient de s\u2019acquitter le lundi 06 f\u00e9vrier 2023 [&hellip;]<\/p>\n","protected":false},"author":1,"featured_media":3113,"comment_status":"open","ping_status":"open","sticky":false,"template":"","format":"standard","meta":{"amp_status":"","footnotes":""},"categories":[34,72],"tags":[],"class_list":{"0":"post-3145","1":"post","2":"type-post","3":"status-publish","4":"format-standard","5":"has-post-thumbnail","7":"category-activites","8":"category-suivi-budgetaire"},"jetpack_featured_media_url":"https:\/\/socialwatch.bj\/wp-content\/uploads\/2023\/02\/WhatsApp-Image-2023-02-06-at-09.40.55.jpeg","_links":{"self":[{"href":"https:\/\/socialwatch.bj\/index.php?rest_route=\/wp\/v2\/posts\/3145","targetHints":{"allow":["GET"]}}],"collection":[{"href":"https:\/\/socialwatch.bj\/index.php?rest_route=\/wp\/v2\/posts"}],"about":[{"href":"https:\/\/socialwatch.bj\/index.php?rest_route=\/wp\/v2\/types\/post"}],"author":[{"embeddable":true,"href":"https:\/\/socialwatch.bj\/index.php?rest_route=\/wp\/v2\/users\/1"}],"replies":[{"embeddable":true,"href":"https:\/\/socialwatch.bj\/index.php?rest_route=%2Fwp%2Fv2%2Fcomments&post=3145"}],"version-history":[{"count":7,"href":"https:\/\/socialwatch.bj\/index.php?rest_route=\/wp\/v2\/posts\/3145\/revisions"}],"predecessor-version":[{"id":3480,"href":"https:\/\/socialwatch.bj\/index.php?rest_route=\/wp\/v2\/posts\/3145\/revisions\/3480"}],"wp:featuredmedia":[{"embeddable":true,"href":"https:\/\/socialwatch.bj\/index.php?rest_route=\/wp\/v2\/media\/3113"}],"wp:attachment":[{"href":"https:\/\/socialwatch.bj\/index.php?rest_route=%2Fwp%2Fv2%2Fmedia&parent=3145"}],"wp:term":[{"taxonomy":"category","embeddable":true,"href":"https:\/\/socialwatch.bj\/index.php?rest_route=%2Fwp%2Fv2%2Fcategories&post=3145"},{"taxonomy":"post_tag","embeddable":true,"href":"https:\/\/socialwatch.bj\/index.php?rest_route=%2Fwp%2Fv2%2Ftags&post=3145"}],"curies":[{"name":"wp","href":"https:\/\/api.w.org\/{rel}","templated":true}]}}