{"id":3154,"date":"2023-02-15T12:33:35","date_gmt":"2023-02-15T11:33:35","guid":{"rendered":"https:\/\/socialwatch.bj\/?p=3154"},"modified":"2023-02-16T09:47:41","modified_gmt":"2023-02-16T08:47:41","slug":"situation-des-enfants-et-adolescentes-dans-les-communes-de-latacora-2","status":"publish","type":"post","link":"https:\/\/socialwatch.bj\/?p=3154","title":{"rendered":"Situation des enfants et adolescentes dans les communes de l\u2019Atacora"},"content":{"rendered":"<p>Depuis ce matin, les agents des mairies, acteurs \u00e9tatiques et non \u00e9tatiques des communes de Cobly, Mat\u00e9ri et Tangui\u00e9ta sont r\u00e9unis \u00e0 l\u2019h\u00f4tel Atacora de Tangui\u00e9ta \u00e0 l\u2019invitation de Social Watch B\u00e9nin pour \u00e9tudier le rapport diagnostic commandit\u00e9 par Social Watch B\u00e9nin et l\u2019UNICEF sur la situation des enfants et des adolescentes et \u00e9labor\u00e9 par \u00a0le consultant recrut\u00e9 \u00e0 cet effet.<\/p>\n<p>Permettre aux cadres des services d\u00e9concentr\u00e9s des minist\u00e8res au niveau du d\u00e9partement (eau, hygi\u00e8ne et assainissement, \u00e9ducation, sant\u00e9 affaires sociales) et de la pr\u00e9fecture ainsi que les agents des mairies et acteurs non \u00e9tatiques d\u2019apporter leur contribution pour la finalisation du rapport est l\u2019objectif vis\u00e9 par l\u2019atelier qui a d\u00e9marr\u00e9 ce matin \u00e0 Tangui\u00e9ta.<\/p>\n<p>A l\u2019ouverture de l\u2019atelier, \u00a0trois allocutions ont \u00e9t\u00e9 prononc\u00e9es \u00e0 savoir\u00a0: celle de l\u2019Administratrice de Zone Atacora de Social Watch B\u00e9nin, celle de\u00a0 Monsieur Mohamed Aboubakari, repr\u00e9sentant le Chef de la section \u00ab Politiques sociales \u00bb \u00e0 l\u2019UNICEF B\u00e9nin et celle du Secr\u00e9taire Ex\u00e9cutif de la Commune de Tangui\u00e9ta.<\/p>\n<p>Apr\u00e8s avoir salu\u00e9 et remerci\u00e9 les participants pour leur pr\u00e9sence effective \u00e0 l\u2019atelier de validation des rapports diagnostics sur la situation des enfants et des adolescents dans les communes de Tangui\u00e9ta, de Cobly et de Mat\u00e9ri, Monsieur\u00a0 Mohamed Aboubakari a rappel\u00e9 le mandat de l\u2019UNICEF relatif aux droits des enfants. Il a insist\u00e9 sur le fait que les Etats parties sont les premiers responsables de la r\u00e9alisation desdits \u00a0droits et que, dans le cadre de la mise en \u0153uvre de la d\u00e9centralisation au B\u00e9nin, l\u2019Etat partage avec les communes cette comp\u00e9tence r\u00e9affirm\u00e9e dans le code de l\u2019enfant au B\u00e9nin.<\/p>\n<p>Etant donn\u00e9 que la mise en \u0153uvre des interventions li\u00e9es au bien-\u00eatre des enfants requiert une ma\u00eetrise de leurs\u00a0 besoins et l\u2019indentification des goulots d\u2019\u00e9tranglement\u00a0 qui entravent la r\u00e9alisation de ces droits, souligne le repr\u00e9sentant du Chef de la section \u00ab Politiques sociales \u00bb \u00e0 l\u2019UNICEF B\u00e9nin, son institution accorde une importance \u00e0 la Gestion des donn\u00e9es, des recherches, des \u00e9valuations et des connaissances en vue de soutenir l\u2019\u00e9laboration des politiques, la planification, la cr\u00e9ation de partenariats, la mobilisation des ressources, la prise de d\u00e9cisions et l\u2019ex\u00e9cution des programmes.<\/p>\n<p>\u00ab <em>C\u2019est pour cela qu\u2019en collaboration avec Social Watch B\u00e9nin, ces analyses ont \u00e9t\u00e9 initi\u00e9es pour le renforcement de la r\u00e9alisation des droits des enfants.<\/em> \u00bb a-t-il affirm\u00e9 avant d\u2019inviter les participants \u00e0 apporter leur contribution pour avoir des rapports diagnostics et des plans d\u2019actions dont la mise en \u0153uvre permettront le bien-\u00eatre des enfants et le d\u00e9veloppement de leur plein potentiel.<\/p>\n<p>Il faut signaler que l\u2019atelier prend fin le jeudi 16 f\u00e9vrier dans l\u2019apr\u00e8s-midi et laissera place \u00e0 celui de Natitingou.<\/p>\n","protected":false},"excerpt":{"rendered":"<p>Depuis ce matin, les agents des mairies, acteurs \u00e9tatiques et non \u00e9tatiques des communes de Cobly, Mat\u00e9ri et Tangui\u00e9ta sont r\u00e9unis \u00e0 l\u2019h\u00f4tel Atacora de Tangui\u00e9ta \u00e0 l\u2019invitation de Social Watch B\u00e9nin pour \u00e9tudier le rapport diagnostic commandit\u00e9 par Social Watch B\u00e9nin et l\u2019UNICEF sur la situation des enfants et des adolescentes et \u00e9labor\u00e9 par [&hellip;]<\/p>\n","protected":false},"author":1,"featured_media":3155,"comment_status":"open","ping_status":"open","sticky":false,"template":"","format":"standard","meta":{"amp_status":"","footnotes":""},"categories":[34,63],"tags":[61],"class_list":{"0":"post-3154","1":"post","2":"type-post","3":"status-publish","4":"format-standard","5":"has-post-thumbnail","7":"category-activites","8":"category-unicef","9":"tag-unicef"},"jetpack_featured_media_url":"https:\/\/socialwatch.bj\/wp-content\/uploads\/2023\/02\/WhatsApp-Image-2023-02-15-at-17.58.38.jpeg","_links":{"self":[{"href":"https:\/\/socialwatch.bj\/index.php?rest_route=\/wp\/v2\/posts\/3154","targetHints":{"allow":["GET"]}}],"collection":[{"href":"https:\/\/socialwatch.bj\/index.php?rest_route=\/wp\/v2\/posts"}],"about":[{"href":"https:\/\/socialwatch.bj\/index.php?rest_route=\/wp\/v2\/types\/post"}],"author":[{"embeddable":true,"href":"https:\/\/socialwatch.bj\/index.php?rest_route=\/wp\/v2\/users\/1"}],"replies":[{"embeddable":true,"href":"https:\/\/socialwatch.bj\/index.php?rest_route=%2Fwp%2Fv2%2Fcomments&post=3154"}],"version-history":[{"count":1,"href":"https:\/\/socialwatch.bj\/index.php?rest_route=\/wp\/v2\/posts\/3154\/revisions"}],"predecessor-version":[{"id":3156,"href":"https:\/\/socialwatch.bj\/index.php?rest_route=\/wp\/v2\/posts\/3154\/revisions\/3156"}],"wp:featuredmedia":[{"embeddable":true,"href":"https:\/\/socialwatch.bj\/index.php?rest_route=\/wp\/v2\/media\/3155"}],"wp:attachment":[{"href":"https:\/\/socialwatch.bj\/index.php?rest_route=%2Fwp%2Fv2%2Fmedia&parent=3154"}],"wp:term":[{"taxonomy":"category","embeddable":true,"href":"https:\/\/socialwatch.bj\/index.php?rest_route=%2Fwp%2Fv2%2Fcategories&post=3154"},{"taxonomy":"post_tag","embeddable":true,"href":"https:\/\/socialwatch.bj\/index.php?rest_route=%2Fwp%2Fv2%2Ftags&post=3154"}],"curies":[{"name":"wp","href":"https:\/\/api.w.org\/{rel}","templated":true}]}}