{"id":3163,"date":"2023-02-17T11:25:02","date_gmt":"2023-02-17T10:25:02","guid":{"rendered":"https:\/\/socialwatch.bj\/?p=3163"},"modified":"2023-02-17T12:53:49","modified_gmt":"2023-02-17T11:53:49","slug":"transparence-budgetaire-et-planification-familiale-au-benin","status":"publish","type":"post","link":"https:\/\/socialwatch.bj\/?p=3163","title":{"rendered":"Transparence budg\u00e9taire et Planification familiale au B\u00e9nin"},"content":{"rendered":"<p>Dans le cadre de la mise en \u0153uvre du Projet \u00ab Redevabilit\u00e9 du Gouvernement en mati\u00e8re de Planification Familiale \u00bb soutenu techniquement et financi\u00e8rement par <a href=\"https:\/\/pai.org\/fr\/\">POPULATION ACTION INTERNATIONAL (PAI)<\/a>, Social Watch B\u00e9nin organise ce jour un atelier de validation de deux documents que sont le guide sur la transparence budg\u00e9taire sectoriel au B\u00e9nin d\u2019une part, et le rapport de tracking du Budget pour la planification familiale gestion 2022 d\u2019autre part.<\/p>\n<p>C\u2019est la salle de r\u00e9union de Social Watch qui accueille cette activit\u00e9 \u00e0 laquelle prennent part quinze OSC membres de Social Watch B\u00e9nin.<\/p>\n","protected":false},"excerpt":{"rendered":"<p>Dans le cadre de la mise en \u0153uvre du Projet \u00ab Redevabilit\u00e9 du Gouvernement en mati\u00e8re de Planification Familiale \u00bb soutenu techniquement et financi\u00e8rement par POPULATION ACTION INTERNATIONAL (PAI), Social Watch B\u00e9nin organise ce jour un atelier de validation de deux documents que sont le guide sur la transparence budg\u00e9taire sectoriel au B\u00e9nin d\u2019une part, [&hellip;]<\/p>\n","protected":false},"author":1,"featured_media":3164,"comment_status":"open","ping_status":"open","sticky":false,"template":"","format":"standard","meta":{"amp_status":"","footnotes":""},"categories":[34,72],"tags":[306],"class_list":{"0":"post-3163","1":"post","2":"type-post","3":"status-publish","4":"format-standard","5":"has-post-thumbnail","7":"category-activites","8":"category-suivi-budgetaire","9":"tag-suivibudgetaire"},"jetpack_featured_media_url":"https:\/\/socialwatch.bj\/wp-content\/uploads\/2023\/02\/WhatsApp-Image-2023-02-17-at-11.24.26.jpeg","_links":{"self":[{"href":"https:\/\/socialwatch.bj\/index.php?rest_route=\/wp\/v2\/posts\/3163","targetHints":{"allow":["GET"]}}],"collection":[{"href":"https:\/\/socialwatch.bj\/index.php?rest_route=\/wp\/v2\/posts"}],"about":[{"href":"https:\/\/socialwatch.bj\/index.php?rest_route=\/wp\/v2\/types\/post"}],"author":[{"embeddable":true,"href":"https:\/\/socialwatch.bj\/index.php?rest_route=\/wp\/v2\/users\/1"}],"replies":[{"embeddable":true,"href":"https:\/\/socialwatch.bj\/index.php?rest_route=%2Fwp%2Fv2%2Fcomments&post=3163"}],"version-history":[{"count":6,"href":"https:\/\/socialwatch.bj\/index.php?rest_route=\/wp\/v2\/posts\/3163\/revisions"}],"predecessor-version":[{"id":3170,"href":"https:\/\/socialwatch.bj\/index.php?rest_route=\/wp\/v2\/posts\/3163\/revisions\/3170"}],"wp:featuredmedia":[{"embeddable":true,"href":"https:\/\/socialwatch.bj\/index.php?rest_route=\/wp\/v2\/media\/3164"}],"wp:attachment":[{"href":"https:\/\/socialwatch.bj\/index.php?rest_route=%2Fwp%2Fv2%2Fmedia&parent=3163"}],"wp:term":[{"taxonomy":"category","embeddable":true,"href":"https:\/\/socialwatch.bj\/index.php?rest_route=%2Fwp%2Fv2%2Fcategories&post=3163"},{"taxonomy":"post_tag","embeddable":true,"href":"https:\/\/socialwatch.bj\/index.php?rest_route=%2Fwp%2Fv2%2Ftags&post=3163"}],"curies":[{"name":"wp","href":"https:\/\/api.w.org\/{rel}","templated":true}]}}