{"id":3171,"date":"2023-02-17T17:03:41","date_gmt":"2023-02-17T16:03:41","guid":{"rendered":"https:\/\/socialwatch.bj\/?p=3171"},"modified":"2023-02-17T17:03:41","modified_gmt":"2023-02-17T16:03:41","slug":"situation-des-enfants-et-adolescentes-dans-les-communes-de-latacora-3","status":"publish","type":"post","link":"https:\/\/socialwatch.bj\/?p=3171","title":{"rendered":"Situation des enfants et adolescentes dans les communes de l\u2019Atacora"},"content":{"rendered":"<p>Apr\u00e8s Kouand\u00e9, K\u00e9rou et Ouassa-P\u00e9hunco, Cobly, Mat\u00e9ri et Tangui\u00e9ta, c\u2019est au tour des agents des mairies, acteurs \u00e9tatiques et non \u00e9tatiques des communes de Toucountouna, Boukomb\u00e9 et Natitingou de proc\u00e9der \u00e0 la validation de leurs rapports sur la situation des enfants dans leurs communes. C\u2019est la salle de conf\u00e9rence du Centre MGR Nicolas OKIOH de Natitingou qui accueille depuis ce matin l\u2019activit\u00e9 ex\u00e9cut\u00e9e par Social Watch B\u00e9nin avec l\u2019appui financier de l\u2019UNICEF B\u00e9nin.<br \/>\nA l\u2019ouverture de l\u2019atelier, le Premier Adjoint au Maire de la commune de Natitingou, Monsieur Cl\u00e9ment Ayemona, a remerci\u00e9 tous les participants pour l\u2019int\u00e9r\u00eat qu\u2019ils portent aux questions li\u00e9es \u00e0 l\u2019enfance qui est une phase du d\u00e9veloppement humain physique et mental qui se situe entre la naissance et l&#8217;adolescence.<br \/>\nEn rappelant la d\u00e9finition donn\u00e9e par l&#8217;organisation mondiale de la sant\u00e9 de l&#8217;enfance, le Premier Adjoint au Maire a mis l\u2019accent sur l\u2019importance de la protection sociale qui est essentielle pour pr\u00e9venir et r\u00e9duire la pauvret\u00e9 touchant les enfants et leurs familles, mais \u00e9galement pour lutter contre les in\u00e9galit\u00e9s et r\u00e9aliser pleinement les droits de l\u2019enfant.<br \/>\nAu regard des difficult\u00e9s auxquelles font face de nombreux enfants et familles des communes de l\u2019Atacora pour acc\u00e9der aux services sociaux de base, Monsieur Cl\u00e9ment Ayemona salue l\u2019initiative de r\u00e9alisation de diagnostic sur la situation des enfants de leurs communes commandit\u00e9 par Social Watch B\u00e9nin et l\u2019UNICEF. Il a souhait\u00e9 qu\u2019au terme de l\u2019atelier, les contributions des participants concourent \u00e0 des rapports finaux de qualit\u00e9 permettant l\u2019am\u00e9lioration des conditions de vie des enfants dans leurs communes.<br \/>\nPour finir, il a, au nom de ses pairs \u00e9lus communaux, pris l\u2019engagement d\u2019exploiter ces rapports pour des prises de d\u00e9cisions en faveur des enfants et renouvel\u00e9 \u00e0 l\u2019UNICEF et \u00e0 Social Watch B\u00e9nin la gratitude des diff\u00e9rents conseils communaux.<br \/>\n\u00ab Nous prenons l\u2019engagement de faire de ces rapports diagnostics valid\u00e9s des documents de base et de r\u00e9f\u00e9rence des d\u00e9cisions politiques et techniques allant dans le sens de la d\u00e9finition des projets et programmes qui contribuent \u00e0 l\u2019am\u00e9lioration de la gouvernance locale pour le bien-\u00eatre des enfants dans nos diff\u00e9rentes communes \u00bb a-t-il conclu.<br \/>\nSignalons que Monsieur Mohamed Aboubakari, repr\u00e9sentant le Chef de la section \u00ab Politiques sociales \u00bb \u00e0 l\u2019UNICEF B\u00e9nin et Madame Fati Amoussou repr\u00e9sentant la Pr\u00e9sidente de Social Watch B\u00e9nin \u00e9taient pr\u00e9sents \u00e0 l\u2019ouverture de l\u2019atelier et ont adress\u00e9 aux participants le m\u00eame message qu\u2019\u00e0 l\u2019atelier de Tangui\u00e9ta.<\/p>\n","protected":false},"excerpt":{"rendered":"<p>Apr\u00e8s Kouand\u00e9, K\u00e9rou et Ouassa-P\u00e9hunco, Cobly, Mat\u00e9ri et Tangui\u00e9ta, c\u2019est au tour des agents des mairies, acteurs \u00e9tatiques et non \u00e9tatiques des communes de Toucountouna, Boukomb\u00e9 et Natitingou de proc\u00e9der \u00e0 la validation de leurs rapports sur la situation des enfants dans leurs communes. C\u2019est la salle de conf\u00e9rence du Centre MGR Nicolas OKIOH de [&hellip;]<\/p>\n","protected":false},"author":1,"featured_media":3172,"comment_status":"open","ping_status":"open","sticky":false,"template":"","format":"standard","meta":{"amp_status":"","footnotes":""},"categories":[34,63],"tags":[316,61],"class_list":{"0":"post-3171","1":"post","2":"type-post","3":"status-publish","4":"format-standard","5":"has-post-thumbnail","7":"category-activites","8":"category-unicef","9":"tag-situation-des-enfants-et-adolescentes","10":"tag-unicef"},"jetpack_featured_media_url":"https:\/\/socialwatch.bj\/wp-content\/uploads\/2023\/02\/WhatsApp-Image-2023-02-17-at-17.02.20.jpeg","_links":{"self":[{"href":"https:\/\/socialwatch.bj\/index.php?rest_route=\/wp\/v2\/posts\/3171","targetHints":{"allow":["GET"]}}],"collection":[{"href":"https:\/\/socialwatch.bj\/index.php?rest_route=\/wp\/v2\/posts"}],"about":[{"href":"https:\/\/socialwatch.bj\/index.php?rest_route=\/wp\/v2\/types\/post"}],"author":[{"embeddable":true,"href":"https:\/\/socialwatch.bj\/index.php?rest_route=\/wp\/v2\/users\/1"}],"replies":[{"embeddable":true,"href":"https:\/\/socialwatch.bj\/index.php?rest_route=%2Fwp%2Fv2%2Fcomments&post=3171"}],"version-history":[{"count":1,"href":"https:\/\/socialwatch.bj\/index.php?rest_route=\/wp\/v2\/posts\/3171\/revisions"}],"predecessor-version":[{"id":3173,"href":"https:\/\/socialwatch.bj\/index.php?rest_route=\/wp\/v2\/posts\/3171\/revisions\/3173"}],"wp:featuredmedia":[{"embeddable":true,"href":"https:\/\/socialwatch.bj\/index.php?rest_route=\/wp\/v2\/media\/3172"}],"wp:attachment":[{"href":"https:\/\/socialwatch.bj\/index.php?rest_route=%2Fwp%2Fv2%2Fmedia&parent=3171"}],"wp:term":[{"taxonomy":"category","embeddable":true,"href":"https:\/\/socialwatch.bj\/index.php?rest_route=%2Fwp%2Fv2%2Fcategories&post=3171"},{"taxonomy":"post_tag","embeddable":true,"href":"https:\/\/socialwatch.bj\/index.php?rest_route=%2Fwp%2Fv2%2Ftags&post=3171"}],"curies":[{"name":"wp","href":"https:\/\/api.w.org\/{rel}","templated":true}]}}