{"id":3196,"date":"2023-02-28T18:50:54","date_gmt":"2023-02-28T17:50:54","guid":{"rendered":"https:\/\/socialwatch.bj\/?p=3196"},"modified":"2023-02-28T18:50:54","modified_gmt":"2023-02-28T17:50:54","slug":"administration-de-lapplication-mobile-communes229","status":"publish","type":"post","link":"https:\/\/socialwatch.bj\/?p=3196","title":{"rendered":"Administration de l\u2019Application mobile \u00ab Communes229 \u00bb"},"content":{"rendered":"<p>Social Watch B\u00e9nin organise dans le cadre de la mise en \u0153uvre du projet Initiative Commune Ouverte financ\u00e9 par le d\u00e9partement des Etats-Unis, trois sessions de formation sur l\u2019administration de l\u2019application mobile <a href=\"https:\/\/play.google.com\/store\/apps\/details?id=a229.commune.com.mobile\">Communes229<\/a>.<\/p>\n<p>Les b\u00e9n\u00e9ficiaires de cette formation sont les responsables des syst\u00e8mes d\u2019information des mairies et les Secr\u00e9taires Ex\u00e9cutifs des 22 communes d\u2019intervention du projet.<br \/>\nLa premi\u00e8re session a d\u00e9marr\u00e9 ce 28 F\u00e9vrier \u00e0 Porto-Novo et prendra fin le 1er Mars 2023. Elle regroupe les participants venant des communes d\u2019Adjarra, d\u2019Avrankou, d\u2019Adjohoun, de Bonou, de Dangbo, d\u2019Agu\u00e9gu\u00e9s, et de S\u00e8m\u00e8-Podji.<\/p>\n<p>Cette formation vise \u00e0 am\u00e9liorer l\u2019acc\u00e8s \u00e0 l\u2019information sur la gestion des collectivit\u00e9s locales et favoriser les interactions entre les citoyens et l\u2019administration publique locale des 22 communes du B\u00e9nin. L\u2019application mobile <a href=\"https:\/\/play.google.com\/store\/apps\/details?id=a229.commune.com.mobile\">Communes229, t\u00e9l\u00e9chargeable gratuitement sur Play Store<\/a> depuis 2018, est une <a href=\"https:\/\/play.google.com\/store\/apps\/details?id=a229.commune.com.mobile\">plateforme sociale et citoyenne<\/a>, simple d\u2019utilisation, accessible \u00e0 tout utilisateur de smartphones Android. Elle permet entre autres aux administrations communales d\u2019ouvrir leur gestion aux citoyens \u00e0 travers l\u2019information.<\/p>\n<p>Les sessions de formations permettront aux participants de mettre \u00e0 jour les informations de l\u2019application pour les 22 communes cibles du projet.<\/p>\n<p>Un accent sera mis au cours de la pr\u00e9sentation de l\u2019application et de la formation des personnes identifi\u00e9es sur la n\u00e9cessit\u00e9 de communiquer sur l\u2019existence de l\u2019application et les options qu\u2019elle offre aux citoyens.<\/p>\n<div class=\"utd_widget\" data-packagename=\"a229.commune.com.mobile\"><\/div>","protected":false},"excerpt":{"rendered":"<p>Social Watch B\u00e9nin organise dans le cadre de la mise en \u0153uvre du projet Initiative Commune Ouverte financ\u00e9 par le d\u00e9partement des Etats-Unis, trois sessions de formation sur l\u2019administration de l\u2019application mobile Communes229. Les b\u00e9n\u00e9ficiaires de cette formation sont les responsables des syst\u00e8mes d\u2019information des mairies et les Secr\u00e9taires Ex\u00e9cutifs des 22 communes d\u2019intervention du [&hellip;]<\/p>\n","protected":false},"author":1,"featured_media":3197,"comment_status":"open","ping_status":"open","sticky":false,"template":"","format":"standard","meta":{"amp_status":"","footnotes":""},"categories":[34,143],"tags":[249,105,317],"class_list":{"0":"post-3196","1":"post","2":"type-post","3":"status-publish","4":"format-standard","5":"has-post-thumbnail","7":"category-activites","8":"category-ico","9":"tag-civictech","10":"tag-communes229","11":"tag-plateforme-sociale-et-citoyenne"},"jetpack_featured_media_url":"https:\/\/socialwatch.bj\/wp-content\/uploads\/2023\/02\/WhatsApp-Image-2023-02-28-at-18.50.07.jpeg","_links":{"self":[{"href":"https:\/\/socialwatch.bj\/index.php?rest_route=\/wp\/v2\/posts\/3196","targetHints":{"allow":["GET"]}}],"collection":[{"href":"https:\/\/socialwatch.bj\/index.php?rest_route=\/wp\/v2\/posts"}],"about":[{"href":"https:\/\/socialwatch.bj\/index.php?rest_route=\/wp\/v2\/types\/post"}],"author":[{"embeddable":true,"href":"https:\/\/socialwatch.bj\/index.php?rest_route=\/wp\/v2\/users\/1"}],"replies":[{"embeddable":true,"href":"https:\/\/socialwatch.bj\/index.php?rest_route=%2Fwp%2Fv2%2Fcomments&post=3196"}],"version-history":[{"count":1,"href":"https:\/\/socialwatch.bj\/index.php?rest_route=\/wp\/v2\/posts\/3196\/revisions"}],"predecessor-version":[{"id":3198,"href":"https:\/\/socialwatch.bj\/index.php?rest_route=\/wp\/v2\/posts\/3196\/revisions\/3198"}],"wp:featuredmedia":[{"embeddable":true,"href":"https:\/\/socialwatch.bj\/index.php?rest_route=\/wp\/v2\/media\/3197"}],"wp:attachment":[{"href":"https:\/\/socialwatch.bj\/index.php?rest_route=%2Fwp%2Fv2%2Fmedia&parent=3196"}],"wp:term":[{"taxonomy":"category","embeddable":true,"href":"https:\/\/socialwatch.bj\/index.php?rest_route=%2Fwp%2Fv2%2Fcategories&post=3196"},{"taxonomy":"post_tag","embeddable":true,"href":"https:\/\/socialwatch.bj\/index.php?rest_route=%2Fwp%2Fv2%2Ftags&post=3196"}],"curies":[{"name":"wp","href":"https:\/\/api.w.org\/{rel}","templated":true}]}}