{"id":3227,"date":"2023-03-14T13:04:43","date_gmt":"2023-03-14T12:04:43","guid":{"rendered":"https:\/\/socialwatch.bj\/?p=3227"},"modified":"2023-03-14T14:15:09","modified_gmt":"2023-03-14T13:15:09","slug":"pour-une-budgetisation-sensible-aux-enfants-social-watch-benin-met-en-place-une-coalition","status":"publish","type":"post","link":"https:\/\/socialwatch.bj\/?p=3227","title":{"rendered":"Pour une Budg\u00e9tisation sensible aux enfants, Social Watch B\u00e9nin met en place une coalition"},"content":{"rendered":"<p>A la faveur de l\u2019atelier qu\u2019il organise ce jour mardi 14 mars 2023 au Chant d\u2019oiseau, Social Watch B\u00e9nin apr\u00e8s avoir r\u00e9alis\u00e9 la strat\u00e9gie de plaidoyer assortie d\u2019un plan d\u2019actions sur la p\u00e9riode 2O22-2026 met en place une coalition pour la r\u00e9alisation des droits des enfants.<\/p>\n<p>Cette coalition dont la mission est de porter les actions de plaidoyer et de communication en faveur du respect des droits des enfants sur la p\u00e9riode 2023-2026 est compos\u00e9e des OSC travaillant dans les secteurs sociaux en faveur des enfants.<\/p>\n<p>A l\u2019ouverture de l\u2019atelier auquel ont \u00e9galement pris part des acteurs \u00e9tatiques provenant des minist\u00e8res en charge des enseignements maternel et primaire, de l\u2019enseignement secondaire, de la sant\u00e9, de la protection sociale, du plan, Monsieur Franck SEDJRO, Secr\u00e9taire G\u00e9n\u00e9ral Adjoint de Social Watch B\u00e9nin repr\u00e9sentant la Pr\u00e9sidente Blanche SONON a souhait\u00e9 aux participants la bienvenue.<\/p>\n<p>Il les a invit\u00e9 \u00e0 faire de la promotion des droits des enfants une pr\u00e9occupation pour le d\u00e9veloppement durable du B\u00e9nin.<\/p>\n","protected":false},"excerpt":{"rendered":"<p>A la faveur de l\u2019atelier qu\u2019il organise ce jour mardi 14 mars 2023 au Chant d\u2019oiseau, Social Watch B\u00e9nin apr\u00e8s avoir r\u00e9alis\u00e9 la strat\u00e9gie de plaidoyer assortie d\u2019un plan d\u2019actions sur la p\u00e9riode 2O22-2026 met en place une coalition pour la r\u00e9alisation des droits des enfants. Cette coalition dont la mission est de porter les [&hellip;]<\/p>\n","protected":false},"author":1,"featured_media":3228,"comment_status":"open","ping_status":"open","sticky":false,"template":"","format":"standard","meta":{"amp_status":"","footnotes":""},"categories":[34,63],"tags":[322,61],"class_list":{"0":"post-3227","1":"post","2":"type-post","3":"status-publish","4":"format-standard","5":"has-post-thumbnail","7":"category-activites","8":"category-unicef","9":"tag-droits-des-enfants","10":"tag-unicef"},"jetpack_featured_media_url":"https:\/\/socialwatch.bj\/wp-content\/uploads\/2023\/03\/WhatsApp-Image-2023-03-14-at-12.50.49.jpeg","_links":{"self":[{"href":"https:\/\/socialwatch.bj\/index.php?rest_route=\/wp\/v2\/posts\/3227","targetHints":{"allow":["GET"]}}],"collection":[{"href":"https:\/\/socialwatch.bj\/index.php?rest_route=\/wp\/v2\/posts"}],"about":[{"href":"https:\/\/socialwatch.bj\/index.php?rest_route=\/wp\/v2\/types\/post"}],"author":[{"embeddable":true,"href":"https:\/\/socialwatch.bj\/index.php?rest_route=\/wp\/v2\/users\/1"}],"replies":[{"embeddable":true,"href":"https:\/\/socialwatch.bj\/index.php?rest_route=%2Fwp%2Fv2%2Fcomments&post=3227"}],"version-history":[{"count":2,"href":"https:\/\/socialwatch.bj\/index.php?rest_route=\/wp\/v2\/posts\/3227\/revisions"}],"predecessor-version":[{"id":3230,"href":"https:\/\/socialwatch.bj\/index.php?rest_route=\/wp\/v2\/posts\/3227\/revisions\/3230"}],"wp:featuredmedia":[{"embeddable":true,"href":"https:\/\/socialwatch.bj\/index.php?rest_route=\/wp\/v2\/media\/3228"}],"wp:attachment":[{"href":"https:\/\/socialwatch.bj\/index.php?rest_route=%2Fwp%2Fv2%2Fmedia&parent=3227"}],"wp:term":[{"taxonomy":"category","embeddable":true,"href":"https:\/\/socialwatch.bj\/index.php?rest_route=%2Fwp%2Fv2%2Fcategories&post=3227"},{"taxonomy":"post_tag","embeddable":true,"href":"https:\/\/socialwatch.bj\/index.php?rest_route=%2Fwp%2Fv2%2Ftags&post=3227"}],"curies":[{"name":"wp","href":"https:\/\/api.w.org\/{rel}","templated":true}]}}