{"id":3231,"date":"2023-03-14T18:18:24","date_gmt":"2023-03-14T17:18:24","guid":{"rendered":"https:\/\/socialwatch.bj\/?p=3231"},"modified":"2023-03-14T18:19:26","modified_gmt":"2023-03-14T17:19:26","slug":"systeme-local-dintegrite-la-commune-de-save-elabore-son-plan-daction","status":"publish","type":"post","link":"https:\/\/socialwatch.bj\/?p=3231","title":{"rendered":"Syst\u00e8me Local d\u2019Int\u00e9grit\u00e9 : La commune de Sav\u00e8 \u00e9labore son plan d\u2019action"},"content":{"rendered":"<p>Dans le cadre de la mise en \u0153uvre du Programme d\u2019Appui \u00e0 la Lutte contre l\u2019Impunit\u00e9 et au Renforcement de l\u2019\u00c9tat de Droit (PALIRED), Social Watch B\u00e9nin, Contact national de Transparency International, appuie ce mardi 14 mars 2023 la commune de Sav\u00e8 dans l\u2019exercice d&#8217;\u00e9valuation de son syst\u00e8me local d&#8217;int\u00e9grit\u00e9\u0301 (SLI) et d\u2019\u00e9laboration d\u2019un plan d\u2019action dont l\u2019objectif essentiel est de promouvoir la transparence, la redevabilit\u00e9\u0301 et l&#8217;int\u00e9grit\u00e9\u0301.<\/p>\n<p>En d\u2019autres termes, l\u2019activit\u00e9 de jour vise, In fine, \u00e0 renforcer la lutte contre la corruption dans la commune.<\/p>\n<p>Ont pris part \u00e0 cet atelier les \u00e9lus de la commune, les agents techniques de la mairie, les OSC et les membres de partis politiques.<\/p>\n<p>Au cours l\u2019atelier, les grands r\u00e9sultats issus de l\u2019\u00e9valuation SLI de la commune apr\u00e8s le croisement des donn\u00e9es collect\u00e9es au niveau communal et celles recueillies au niveau national ont \u00e9t\u00e9 restitu\u00e9s aux participants par l\u2019\u00e9quipe de chercheurs SLI compos\u00e9e de Messieurs Orou Ganni et BOCOVO supervis\u00e9s par Monsieur Gervais LOKO.<\/p>\n<p>Suite \u00e0 la restitution des grands r\u00e9sultats, des \u00e9changes ayant conduit \u00e0 des recommandations ont eu lieu entre les chercheurs et les participants.<br \/>\nLa substance de ces \u00e9changes a permis aux participants de faire, \u00e0 l\u2019issue des travaux en groupes, une proposition de plan d\u2019action \u00e0 mettre en \u0153uvre pour solutionner certains probl\u00e8mes d\u2019int\u00e9grit\u00e9.<\/p>\n<p>A la c\u00e9r\u00e9monie de cl\u00f4ture de l\u2019atelier, Monsieur BIAOU Boni Joachim, Premier Adjoint au maire de Sav\u00e8 a exprim\u00e9 \u00e0 l\u2019\u00e9gard de Social Watch B\u00e9nin et de la coop\u00e9ration suisse les remerciements de la commune pour l&#8217;accompagnement.<br \/>\nIl faut signaler que le m\u00eame exercice se fera demain 15 mars \u00e0 Parakou et le vendredi 17 mars 2023 \u00e0 S\u00e8m\u00e8-Podji.<\/p>\n","protected":false},"excerpt":{"rendered":"<p>Dans le cadre de la mise en \u0153uvre du Programme d\u2019Appui \u00e0 la Lutte contre l\u2019Impunit\u00e9 et au Renforcement de l\u2019\u00c9tat de Droit (PALIRED), Social Watch B\u00e9nin, Contact national de Transparency International, appuie ce mardi 14 mars 2023 la commune de Sav\u00e8 dans l\u2019exercice d&#8217;\u00e9valuation de son syst\u00e8me local d&#8217;int\u00e9grit\u00e9\u0301 (SLI) et d\u2019\u00e9laboration d\u2019un plan [&hellip;]<\/p>\n","protected":false},"author":1,"featured_media":3233,"comment_status":"open","ping_status":"open","sticky":false,"template":"","format":"standard","meta":{"amp_status":"","footnotes":""},"categories":[34,90],"tags":[247,323],"class_list":{"0":"post-3231","1":"post","2":"type-post","3":"status-publish","4":"format-standard","5":"has-post-thumbnail","7":"category-activites","8":"category-palired","9":"tag-slibenin","10":"tag-systeme-local-dintegrite"},"jetpack_featured_media_url":"https:\/\/socialwatch.bj\/wp-content\/uploads\/2023\/03\/WhatsApp-Image-2023-03-14-at-17.37.00.jpeg","_links":{"self":[{"href":"https:\/\/socialwatch.bj\/index.php?rest_route=\/wp\/v2\/posts\/3231","targetHints":{"allow":["GET"]}}],"collection":[{"href":"https:\/\/socialwatch.bj\/index.php?rest_route=\/wp\/v2\/posts"}],"about":[{"href":"https:\/\/socialwatch.bj\/index.php?rest_route=\/wp\/v2\/types\/post"}],"author":[{"embeddable":true,"href":"https:\/\/socialwatch.bj\/index.php?rest_route=\/wp\/v2\/users\/1"}],"replies":[{"embeddable":true,"href":"https:\/\/socialwatch.bj\/index.php?rest_route=%2Fwp%2Fv2%2Fcomments&post=3231"}],"version-history":[{"count":1,"href":"https:\/\/socialwatch.bj\/index.php?rest_route=\/wp\/v2\/posts\/3231\/revisions"}],"predecessor-version":[{"id":3232,"href":"https:\/\/socialwatch.bj\/index.php?rest_route=\/wp\/v2\/posts\/3231\/revisions\/3232"}],"wp:featuredmedia":[{"embeddable":true,"href":"https:\/\/socialwatch.bj\/index.php?rest_route=\/wp\/v2\/media\/3233"}],"wp:attachment":[{"href":"https:\/\/socialwatch.bj\/index.php?rest_route=%2Fwp%2Fv2%2Fmedia&parent=3231"}],"wp:term":[{"taxonomy":"category","embeddable":true,"href":"https:\/\/socialwatch.bj\/index.php?rest_route=%2Fwp%2Fv2%2Fcategories&post=3231"},{"taxonomy":"post_tag","embeddable":true,"href":"https:\/\/socialwatch.bj\/index.php?rest_route=%2Fwp%2Fv2%2Ftags&post=3231"}],"curies":[{"name":"wp","href":"https:\/\/api.w.org\/{rel}","templated":true}]}}