{"id":3306,"date":"2023-04-17T14:24:29","date_gmt":"2023-04-17T12:24:29","guid":{"rendered":"https:\/\/socialwatch.bj\/?p=3306"},"modified":"2023-04-27T20:16:34","modified_gmt":"2023-04-27T18:16:34","slug":"avis-dappel-doffres-14","status":"publish","type":"post","link":"https:\/\/socialwatch.bj\/?p=3306","title":{"rendered":"Avis d\u2019appel d\u2019offres"},"content":{"rendered":"<p style=\"text-align: center;\"><strong><em>\u00a0<\/em><\/strong><strong><em>001\/2023\/PALIRED-DDC\/SWB<\/em><\/strong><\/p>\n<hr \/>\n<p><strong><em>\u00a0<\/em><\/strong><strong><em>\u00a0<\/em><\/strong>Social Watch B\u00e9nin a obtenu dans le cadre de ses activit\u00e9s des fonds de la Coop\u00e9ration Suisse, afin de contribuer au financement du Programme d\u2019Appui \u00e0 la Lutte contre l\u2019Impunit\u00e9 et au Renforcement de l\u2019\u00c9tat de Droit (PALIRED). Ce programme est mis en \u0153uvre avec Transparency International. Son objectif est de contribuer \u00e0 la mise en \u0153uvre des r\u00e9formes dans les domaines de la lutte contre la corruption et le renforcement du contr\u00f4le, conform\u00e9ment aux dispositions pr\u00e9vues pour la mise en \u0153uvre des mesures compl\u00e9mentaires (composante n\u00b01) du Contrat de Bonne Gouvernance et de D\u00e9veloppement au B\u00e9nin.<\/p>\n<p>Dans ce cadre, Social Watch B\u00e9nin envisage recruter un consultant pour l<em>\u2019<\/em><strong>actualisation du Guide de couverture m\u00e9diatique des proc\u00e9dures judiciaires \u00e0 l\u2019intention des acteurs des m\u00e9dias.<\/strong><\/p>\n<p>&nbsp;<\/p>\n<p>La participation \u00e0 cet appel d\u2019offres ouvert concerne tous les candidats, remplissant les conditions d\u00e9finies dans Termes de R\u00e9f\u00e9rence.<\/p>\n<p>Les exigences en mati\u00e8re de qualification sont pr\u00e9cis\u00e9es dans les\u00a0<a href=\"https:\/\/socialwatch.bj\/wp-content\/uploads\/2023\/04\/PALIRED_TDR-3244-Actualisation-vulgarisation-guide-mediatique-des-proce\u0301dures-judiciaire-pub-bis.pdf\">TDR<\/a>.<\/p>\n<p>Les candidats int\u00e9ress\u00e9s peuvent obtenir les\u00a0<a href=\"https:\/\/socialwatch.bj\/wp-content\/uploads\/2023\/04\/PALIRED_TDR-3244-Actualisation-vulgarisation-guide-mediatique-des-proce\u0301dures-judiciaire-pub-bis.pdf\">TDR<\/a>\u00a0en cliquant sur:\u00a0<a href=\"https:\/\/socialwatch.bj\/wp-content\/uploads\/2023\/04\/PALIRED_TDR-3244-Actualisation-vulgarisation-guide-mediatique-des-proce\u0301dures-judiciaire-pub-bis.pdf\">t\u00e9l\u00e9charger les tdr<\/a>\u00a0ou sur le site de\u00a0<a href=\"https:\/\/www.cdiscussion.com\/\">Discussion<\/a>.<\/p>\n<p>Les offres r\u00e9dig\u00e9es en langue fran\u00e7aise, sous format PDF et en fichier unique doivent \u00eatre envoy\u00e9es\u00a0<strong>au plus tard le <\/strong><strong>28 avril 2023 \u00e0 17 heures <\/strong>avec la mention : <strong><em>\u00ab\u00a0Recrutement de consultant pour l\u2019\u00e9laboration d\u2019un Guide de la couverture m\u00e9diatique des proc\u00e9dures judiciaires \u00e0 l\u2019intention des acteurs des m\u00e9dias \u00bb<\/em><\/strong>\u00a0\u00e0 l\u2019adresse :\u00a0<a href=\"mailto:appel@socialwatch.bj\">appel@socialwatch.bj<\/a><\/p>\n<p>Les offres qui ne parviendront pas aux heures et date ci-dessus indiqu\u00e9es, seront purement et simplement rejet\u00e9es.<\/p>\n<p>Social Watch B\u00e9nin se r\u00e9serve le droit de ne pas donner une suite \u00e0 cet appel.<\/p>\n<p>&nbsp;<\/p>\n<p style=\"text-align: right;\"><strong>Le Secr\u00e9taire Ex\u00e9cutif<\/strong><\/p>\n","protected":false},"excerpt":{"rendered":"<p>\u00a0001\/2023\/PALIRED-DDC\/SWB \u00a0\u00a0Social Watch B\u00e9nin a obtenu dans le cadre de ses activit\u00e9s des fonds de la Coop\u00e9ration Suisse, afin de contribuer au financement du Programme d\u2019Appui \u00e0 la Lutte contre l\u2019Impunit\u00e9 et au Renforcement de l\u2019\u00c9tat de Droit (PALIRED). Ce programme est mis en \u0153uvre avec Transparency International. Son objectif est de contribuer \u00e0 la [&hellip;]<\/p>\n","protected":false},"author":1,"featured_media":3307,"comment_status":"open","ping_status":"open","sticky":false,"template":"","format":"standard","meta":{"amp_status":"","footnotes":""},"categories":[34,36,90],"tags":[327],"class_list":{"0":"post-3306","1":"post","2":"type-post","3":"status-publish","4":"format-standard","5":"has-post-thumbnail","7":"category-activites","8":"category-opportunites","9":"category-palired","10":"tag-ddc"},"jetpack_featured_media_url":"https:\/\/socialwatch.bj\/wp-content\/uploads\/2023\/04\/Image-guide-couverture-mediatique-procedure-judicaire.jpg","_links":{"self":[{"href":"https:\/\/socialwatch.bj\/index.php?rest_route=\/wp\/v2\/posts\/3306","targetHints":{"allow":["GET"]}}],"collection":[{"href":"https:\/\/socialwatch.bj\/index.php?rest_route=\/wp\/v2\/posts"}],"about":[{"href":"https:\/\/socialwatch.bj\/index.php?rest_route=\/wp\/v2\/types\/post"}],"author":[{"embeddable":true,"href":"https:\/\/socialwatch.bj\/index.php?rest_route=\/wp\/v2\/users\/1"}],"replies":[{"embeddable":true,"href":"https:\/\/socialwatch.bj\/index.php?rest_route=%2Fwp%2Fv2%2Fcomments&post=3306"}],"version-history":[{"count":5,"href":"https:\/\/socialwatch.bj\/index.php?rest_route=\/wp\/v2\/posts\/3306\/revisions"}],"predecessor-version":[{"id":3404,"href":"https:\/\/socialwatch.bj\/index.php?rest_route=\/wp\/v2\/posts\/3306\/revisions\/3404"}],"wp:featuredmedia":[{"embeddable":true,"href":"https:\/\/socialwatch.bj\/index.php?rest_route=\/wp\/v2\/media\/3307"}],"wp:attachment":[{"href":"https:\/\/socialwatch.bj\/index.php?rest_route=%2Fwp%2Fv2%2Fmedia&parent=3306"}],"wp:term":[{"taxonomy":"category","embeddable":true,"href":"https:\/\/socialwatch.bj\/index.php?rest_route=%2Fwp%2Fv2%2Fcategories&post=3306"},{"taxonomy":"post_tag","embeddable":true,"href":"https:\/\/socialwatch.bj\/index.php?rest_route=%2Fwp%2Fv2%2Ftags&post=3306"}],"curies":[{"name":"wp","href":"https:\/\/api.w.org\/{rel}","templated":true}]}}