{"id":3386,"date":"2023-04-19T18:30:46","date_gmt":"2023-04-19T16:30:46","guid":{"rendered":"https:\/\/socialwatch.bj\/?p=3386"},"modified":"2023-04-19T18:58:06","modified_gmt":"2023-04-19T16:58:06","slug":"appel-a-candidature-3","status":"publish","type":"post","link":"https:\/\/socialwatch.bj\/?p=3386","title":{"rendered":"Appel \u00e0 candidature"},"content":{"rendered":"<p style=\"text-align: center;\"><strong>001\/2023\/UNICEF\/SWB<\/strong><\/p>\n<hr \/>\n<ol>\n<li>Social Watch B\u00e9nin est en partenariat avec la section Politiques Sociales de l\u2019UNICEF en vue de la r\u00e9alisation des activit\u00e9s de budg\u00e9tisation sensibles aux enfants sur la p\u00e9riode 2021-2023.<\/li>\n<li>Ce partenariat s\u2019inscrit dans le cadre du programme de coop\u00e9ration entre le B\u00e9nin et l\u2019UNICEF et contribue \u00e0 l\u2019atteinte du produit 3 dudit programme de coop\u00e9ration \u00ab\u00a0<strong>D\u2019ici \u00e0 fin 2023, les acteurs nationaux et locaux sont mieux outill\u00e9s pour une mobilisation accrue, une programmation \u00e9quitable et une gestion efficiente des ressources publiques sensibles aux enfants avec la participation de la soci\u00e9t\u00e9 civile, des femmes, des adolescent(e)s et des jeunes.<\/strong><\/li>\n<li>Social Watch B\u00e9nin cherche \u00e0 recruter un(e) consultant(e) pour <strong>la <\/strong><strong>formation des organisations de jeunes filles\/ de promotion et de d\u00e9fense des droits des filles sur l\u2019analyse et le suivi budg\u00e9taire.<\/strong><\/li>\n<li>La participation \u00e0 cet appel d\u2019offres ouvert telle que d\u00e9finie dans la loi n\u00b0 2020-26 du 29 septembre 2020 portant code des march\u00e9s publics en R\u00e9publique du B\u00e9nin concerne tous les candidats, remplissant les conditions d\u00e9finies dans le pr\u00e9sent Dossier d\u2019Appel d\u2019Offres Ouvert et qui ne sont pas frapp\u00e9s par les dispositions des articles 61 et 121 de ladite loi ou celles de la loi\u00a0n\u00b0 2015-18 du 2 avril 2015 portant\u00a0Statut g\u00e9n\u00e9ral\u00a0de la\u00a0Fonction publique.<\/li>\n<li>Les exigences en mati\u00e8re de qualification sont\u00a0pr\u00e9cis\u00e9es dans les TDR.<\/li>\n<li>Les candidats int\u00e9ress\u00e9s peuvent obtenir les TDR ci-apr\u00e8s : <a href=\"https:\/\/socialwatch.bj\/wp-admin\/admin-ajax.php?juwpfisadmin=false&amp;action=wpfd&amp;task=file.download&amp;wpfd_category_id=328&amp;wpfd_file_id=3387\" target=\"_blank\" rel=\"noopener\">T\u00e9l\u00e9charger les TDR<\/a>\u00a0 ou sur le site de <a href=\"https:\/\/cdiscussion.com\/\">c.Discussion<\/a>\u00a0.<\/li>\n<li>Les offres sont r\u00e9dig\u00e9es en langue fran\u00e7aise et devront \u00eatre en version \u00e9lectronique sous format PDF en fichier unique\u00a0adress\u00e9es \u00e0 l\u2019adresse\u00a0: <a href=\"mailto:appel@socialwatch.bj\">appel@socialwatch.bj<\/a> au plus tard le <strong>30 Avril 2023 <\/strong><strong>\u00e0 18 heures<\/strong>. Les offres qui ne parviendront pas aux heures et date ci-dessus indiqu\u00e9es, seront purement et simplement rejet\u00e9es.<\/li>\n<li>Social Watch B\u00e9nin se r\u00e9serve le droit de ne pas donner une suite \u00e0 cet appel.<\/li>\n<\/ol>\n<p>&nbsp;<\/p>\n<p style=\"text-align: right;\">\u00a0<strong>Le Secr\u00e9taire Ex\u00e9cutif<\/strong><\/p>\n<p>&nbsp;<\/p>\n<blockquote><p><a href=\"https:\/\/socialwatch.bj\/wp-admin\/admin-ajax.php?juwpfisadmin=false&amp;action=wpfd&amp;task=file.download&amp;wpfd_category_id=328&amp;wpfd_file_id=3387\" target=\"_blank\" rel=\"noopener\">T\u00e9l\u00e9charger les TDR<\/a><\/p><\/blockquote>\n","protected":false},"excerpt":{"rendered":"<p>001\/2023\/UNICEF\/SWB Social Watch B\u00e9nin est en partenariat avec la section Politiques Sociales de l\u2019UNICEF en vue de la r\u00e9alisation des activit\u00e9s de budg\u00e9tisation sensibles aux enfants sur la p\u00e9riode 2021-2023. Ce partenariat s\u2019inscrit dans le cadre du programme de coop\u00e9ration entre le B\u00e9nin et l\u2019UNICEF et contribue \u00e0 l\u2019atteinte du produit 3 dudit programme de [&hellip;]<\/p>\n","protected":false},"author":1,"featured_media":3388,"comment_status":"open","ping_status":"open","sticky":false,"template":"","format":"standard","meta":{"amp_status":"","footnotes":""},"categories":[34,36,63],"tags":[306,61],"class_list":{"0":"post-3386","1":"post","2":"type-post","3":"status-publish","4":"format-standard","5":"has-post-thumbnail","7":"category-activites","8":"category-opportunites","9":"category-unicef","10":"tag-suivibudgetaire","11":"tag-unicef"},"jetpack_featured_media_url":"https:\/\/socialwatch.bj\/wp-content\/uploads\/2023\/04\/Appel-a-candidature.jpg","_links":{"self":[{"href":"https:\/\/socialwatch.bj\/index.php?rest_route=\/wp\/v2\/posts\/3386","targetHints":{"allow":["GET"]}}],"collection":[{"href":"https:\/\/socialwatch.bj\/index.php?rest_route=\/wp\/v2\/posts"}],"about":[{"href":"https:\/\/socialwatch.bj\/index.php?rest_route=\/wp\/v2\/types\/post"}],"author":[{"embeddable":true,"href":"https:\/\/socialwatch.bj\/index.php?rest_route=\/wp\/v2\/users\/1"}],"replies":[{"embeddable":true,"href":"https:\/\/socialwatch.bj\/index.php?rest_route=%2Fwp%2Fv2%2Fcomments&post=3386"}],"version-history":[{"count":6,"href":"https:\/\/socialwatch.bj\/index.php?rest_route=\/wp\/v2\/posts\/3386\/revisions"}],"predecessor-version":[{"id":3394,"href":"https:\/\/socialwatch.bj\/index.php?rest_route=\/wp\/v2\/posts\/3386\/revisions\/3394"}],"wp:featuredmedia":[{"embeddable":true,"href":"https:\/\/socialwatch.bj\/index.php?rest_route=\/wp\/v2\/media\/3388"}],"wp:attachment":[{"href":"https:\/\/socialwatch.bj\/index.php?rest_route=%2Fwp%2Fv2%2Fmedia&parent=3386"}],"wp:term":[{"taxonomy":"category","embeddable":true,"href":"https:\/\/socialwatch.bj\/index.php?rest_route=%2Fwp%2Fv2%2Fcategories&post=3386"},{"taxonomy":"post_tag","embeddable":true,"href":"https:\/\/socialwatch.bj\/index.php?rest_route=%2Fwp%2Fv2%2Ftags&post=3386"}],"curies":[{"name":"wp","href":"https:\/\/api.w.org\/{rel}","templated":true}]}}