{"id":3420,"date":"2023-05-23T12:56:25","date_gmt":"2023-05-23T10:56:25","guid":{"rendered":"https:\/\/socialwatch.bj\/?p=3420"},"modified":"2023-05-23T12:56:25","modified_gmt":"2023-05-23T10:56:25","slug":"pour-une-amelioration-de-louverture-du-parlement-au-peuple-beninois-le-reseau-dosp-definit-une-feuille-de-route","status":"publish","type":"post","link":"https:\/\/socialwatch.bj\/?p=3420","title":{"rendered":"Pour une am\u00e9lioration de l\u2019ouverture du parlement au peuple b\u00e9ninois : le r\u00e9seau d\u2019OSP d\u00e9finit une feuille de route"},"content":{"rendered":"<p>Le r\u00e9seau d\u2019Organisations de Suivi Parlementaire (OSP) du B\u00e9nin mis en place par Social Watch B\u00e9nin avec l\u2019appui technique et financier du R\u00e9seau Parlementaire d\u2019Afrique (PNAfrica) a tenu le vendredi 19 mai 2023 dans la salle de conf\u00e9rence de la Maison de la Soci\u00e9t\u00e9 Civile (MdSC) sa deuxi\u00e8me s\u00e9ance de travail de l\u2019ann\u00e9e 2023 apr\u00e8s celle du 16 f\u00e9vrier 2023. Au menu de cette rencontre, figuraient trois points essentiels. Il s\u2019agit du compte rendu de l\u2019audience accord\u00e9e au r\u00e9seau par le pr\u00e9sident de l\u2019assembl\u00e9e nationale le 7 mai 2023, de la d\u00e9termination d\u2019activit\u00e9s assorties de dates \u00e0 mener avec les parlementaires et l\u2019administration du parlement dans les deux prochains mois et enfin de la r\u00e9flexion sur les strat\u00e9gies de diffusion des actions du projet.<br \/>\nAu terme des travaux, deux grandes activit\u00e9s assorties de propositions de dates pour ex\u00e9cution ont \u00e9t\u00e9 retenues par les membres du r\u00e9seau d\u2019Organisations de Suivi Parlementaire (OSP) du B\u00e9nin pour contribuer \u00e0 l\u2019ouverture du parlement au peuple. Il s\u2019agit de \u2018\u2019A l\u2019\u00e9coute de nos d\u00e9put\u00e9s \u2018\u2019 sur Facebook Live d\u2019une part, et des \u2018\u2019Emissions radio et campagne de communication digitale sur la vulgarisation de la plateforme\u2018\u2019 d\u2019autre part. Ces deux activit\u00e9s qui offrent aux populations des opportunit\u00e9s d\u2019\u00e9changes et d\u2019interactions avec les d\u00e9put\u00e9s sur les lois et les pr\u00e9occupations sociales sont pr\u00e9vues pour \u00eatre ex\u00e9cut\u00e9es au mois de juin.<br \/>\nA l\u2019ouverture de la s\u00e9ance, Madame Aline ADJIBI DATO, Directrice ex\u00e9cutive de l\u2019ONG \u00ab Centre de D\u00e9veloppement Economique Local \u00bb (CDEL-ONG), apr\u00e8s avoir souhait\u00e9 au nom de la Pr\u00e9sidente de Social Watch B\u00e9nin la bienvenue aux participants, a expos\u00e9 \u00e0 l\u2019ensemble de l\u2019assistance les d\u00e9fis du r\u00e9seau pour l\u2019am\u00e9lioration de l\u2019ouverture du parlement au peuple b\u00e9ninois. Au regard des enjeux de d\u00e9veloppement que porte l\u2019ouverture du parlement, elle a sollicit\u00e9 de la part des membres du r\u00e9seau pr\u00e9sents \u00e0 la s\u00e9ance une concentration au cours des travaux avant de leur rendre compte de l\u2019audience que le pr\u00e9sident de l\u2019Assembl\u00e9e Nationale a accord\u00e9e au r\u00e9seau le 7 mai 2023.<br \/>\nAbordant ce point de la s\u00e9ance de travail, Madame Aline ADJIBI DATO a soulign\u00e9 l\u2019ouverture du Pr\u00e9sident de l\u2019Assembl\u00e9e Nationale et surtout son engagement pour l\u2019am\u00e9lioration du score du B\u00e9nin pour la prochaine \u00e9valuation de l\u2019Indice du Parlement Ouvert en Afrique (IPO).<br \/>\nIl faut signaler que la mise en \u0153uvre du projet \u00ab Initiative Parlement Ouvert B\u00e9nin \u00bb rel\u00e8ve de CDEL-ONG, membre du r\u00e9seau Social Watch B\u00e9nin.<\/p>\n","protected":false},"excerpt":{"rendered":"<p>Le r\u00e9seau d\u2019Organisations de Suivi Parlementaire (OSP) du B\u00e9nin mis en place par Social Watch B\u00e9nin avec l\u2019appui technique et financier du R\u00e9seau Parlementaire d\u2019Afrique (PNAfrica) a tenu le vendredi 19 mai 2023 dans la salle de conf\u00e9rence de la Maison de la Soci\u00e9t\u00e9 Civile (MdSC) sa deuxi\u00e8me s\u00e9ance de travail de l\u2019ann\u00e9e 2023 apr\u00e8s [&hellip;]<\/p>\n","protected":false},"author":1,"featured_media":3421,"comment_status":"open","ping_status":"open","sticky":false,"template":"","format":"standard","meta":{"amp_status":"","footnotes":""},"categories":[34,315],"tags":[248,266,329,267],"class_list":{"0":"post-3420","1":"post","2":"type-post","3":"status-publish","4":"format-standard","5":"has-post-thumbnail","7":"category-activites","8":"category-parlement-ouvert","9":"tag-opengov","10":"tag-openparliament","11":"tag-parlement","12":"tag-pnafrica"},"jetpack_featured_media_url":"https:\/\/socialwatch.bj\/wp-content\/uploads\/2023\/05\/Activite-PNAfriqua.jpeg.jpg","_links":{"self":[{"href":"https:\/\/socialwatch.bj\/index.php?rest_route=\/wp\/v2\/posts\/3420","targetHints":{"allow":["GET"]}}],"collection":[{"href":"https:\/\/socialwatch.bj\/index.php?rest_route=\/wp\/v2\/posts"}],"about":[{"href":"https:\/\/socialwatch.bj\/index.php?rest_route=\/wp\/v2\/types\/post"}],"author":[{"embeddable":true,"href":"https:\/\/socialwatch.bj\/index.php?rest_route=\/wp\/v2\/users\/1"}],"replies":[{"embeddable":true,"href":"https:\/\/socialwatch.bj\/index.php?rest_route=%2Fwp%2Fv2%2Fcomments&post=3420"}],"version-history":[{"count":1,"href":"https:\/\/socialwatch.bj\/index.php?rest_route=\/wp\/v2\/posts\/3420\/revisions"}],"predecessor-version":[{"id":3422,"href":"https:\/\/socialwatch.bj\/index.php?rest_route=\/wp\/v2\/posts\/3420\/revisions\/3422"}],"wp:featuredmedia":[{"embeddable":true,"href":"https:\/\/socialwatch.bj\/index.php?rest_route=\/wp\/v2\/media\/3421"}],"wp:attachment":[{"href":"https:\/\/socialwatch.bj\/index.php?rest_route=%2Fwp%2Fv2%2Fmedia&parent=3420"}],"wp:term":[{"taxonomy":"category","embeddable":true,"href":"https:\/\/socialwatch.bj\/index.php?rest_route=%2Fwp%2Fv2%2Fcategories&post=3420"},{"taxonomy":"post_tag","embeddable":true,"href":"https:\/\/socialwatch.bj\/index.php?rest_route=%2Fwp%2Fv2%2Ftags&post=3420"}],"curies":[{"name":"wp","href":"https:\/\/api.w.org\/{rel}","templated":true}]}}