{"id":3427,"date":"2023-05-26T10:49:11","date_gmt":"2023-05-26T08:49:11","guid":{"rendered":"https:\/\/socialwatch.bj\/?p=3427"},"modified":"2023-05-26T11:02:49","modified_gmt":"2023-05-26T09:02:49","slug":"situation-des-enfants-et-adolescentes-dans-la-donga","status":"publish","type":"post","link":"https:\/\/socialwatch.bj\/?p=3427","title":{"rendered":"Situation des enfants et adolescentes dans la Donga"},"content":{"rendered":"<p>Dans le cadre du partenariat entre l\u2019UNICEF et Social Watch B\u00e9nin pour une budg\u00e9tisation sensible aux enfants, il a \u00e9t\u00e9 organis\u00e9 les 23 et 24 Mai 2023 \u00e0 la salle de conf\u00e9rence de la mairie de Ouak\u00e9 l\u2019atelier de validation des rapports diagnostics relatifs \u00e0 la situation des enfants et des adolescentes dans les communes de Djougou et de Copargo. Etaient effectivement pr\u00e9sents \u00e0 l\u2019atelier le Pr\u00e9fet du d\u00e9partement de la Donga, le Chef Bureau Natitingou de l&#8217;UNICEF, les cadres des mairies de Djougou et Copargo, les repr\u00e9sentants des Centres de Promotion Sociale des communes de Djougou et Copargo, les services d\u00e9concentr\u00e9s de l\u2019\u00e9ducation, la sant\u00e9, les affaires sociales et des Organisations de la Soci\u00e9t\u00e9 Civile (OSC).<\/p>\n<p>D\u00e9sormais les autorit\u00e9s des communes des communes de Djougou et de Copargo disposent d\u2019un r\u00e9f\u00e9rentiel pour mieux adresser les probl\u00e8mes auxquels sont confront\u00e9s les enfants et adolescentes vivant sur leur territoire. Gr\u00e2ce \u00e0 l\u2019appui financier de l\u2019UNICEF et au terme d\u2019un processus participatif conduit par le consultant Sa\u00ef Sotima Tchantipou, UNICEF et Social Watch B\u00e9nin mettent \u00e0 la disposition de chacune des communes sus nomm\u00e9es un document pouvant orienter les autorit\u00e9s et cadres desdites communes dans leurs actions pour l\u2019effectivit\u00e9 de la protection et de la promotion des droits des enfants et notamment dans le cadre de l\u2019\u00e9laboration du PDC4.<\/p>\n<p>A l\u2019ouverture de l\u2019atelier, Monsieur Isma\u00ebl \u00c9ric Landry PARAISO, Chef bureau de l\u2019UNICEF bas\u00e9 \u00e0 Natitingou a fait observer que la mise en \u0153uvre des interventions li\u00e9es au bien-\u00eatre des enfants requiert une ma\u00eetrise de leurs besoins et l\u2019indentification des goulots d\u2019\u00e9tranglement qui entravent la r\u00e9alisation des droits des enfants. C\u2019est pourquoi, en vue de soutenir l\u2019\u00e9laboration des politiques, la planification, la cr\u00e9ation de partenariats, la mobilisation des ressources, la prise de d\u00e9cisions et l\u2019ex\u00e9cution des programmes favorables \u00e0 la r\u00e9alisation des droits enfants, l\u2019UNICEF fait de la Gestion des donn\u00e9es, des recherches, des \u00e9valuations et des connaissances \u00e0 savoir mener des recherches et produire des donn\u00e9es et d\u2019\u00e9l\u00e9ments de preuve une strat\u00e9gie d\u2019indentification et de mise en \u0153uvre r\u00e9ussie de ses interventions. Pour finir, il a souhait\u00e9 que le processus qui arrive \u00e0 son terme contribue \u00e0 l\u2019am\u00e9lioration de la gouvernance locale pour le bien-\u00eatre des enfants dans les communes de Djougou et Copargo.<\/p>\n<p>Quant \u00e0 Monsieur Eliassou BIAO A\u00cfNIN, Pr\u00e9fet du d\u00e9partement de la Donga, il a exprim\u00e9 \u00e0 l\u2019endroit des organisateurs toute sa gratitude pour le travail combien important r\u00e9alis\u00e9 pour des prises de d\u00e9cisions idoines par les autorit\u00e9s des communes de Djougou et de Copargo en faveur des enfants dont les situations sont tr\u00e8s difficiles et inqui\u00e9tantes au regard des multiples privations persistantes. En effet, souligne le Pr\u00e9fet, les conditions de vie des enfants dans son d\u00e9partement demeurent une pr\u00e9occupation tr\u00e8s importante qui interpelle et m\u00e9rite l\u2019attention de tous les acteurs. C\u2019est pourquoi, il a invit\u00e9 les participants \u00e0 un r\u00e9el engagement en faveur de la r\u00e9solution des probl\u00e8mes identifi\u00e9s et sollicit\u00e9 l\u2019aide des partenaires techniques et financiers comme l\u2019UNICEF.<br \/>\nSoulignons que se d\u00e9roule \u00e0 Djougou le m\u00eame atelier qui regroupe les participants des communes de Bassila et de Ouak\u00e9 et qui prend fin ce vendredi\u00a026\u00a0mai\u00a02023.<\/p>\n<p>&nbsp;<\/p>\n","protected":false},"excerpt":{"rendered":"<p>Dans le cadre du partenariat entre l\u2019UNICEF et Social Watch B\u00e9nin pour une budg\u00e9tisation sensible aux enfants, il a \u00e9t\u00e9 organis\u00e9 les 23 et 24 Mai 2023 \u00e0 la salle de conf\u00e9rence de la mairie de Ouak\u00e9 l\u2019atelier de validation des rapports diagnostics relatifs \u00e0 la situation des enfants et des adolescentes dans les communes [&hellip;]<\/p>\n","protected":false},"author":1,"featured_media":3428,"comment_status":"open","ping_status":"open","sticky":false,"template":"","format":"standard","meta":{"amp_status":"","footnotes":""},"categories":[34,63],"tags":[205],"class_list":{"0":"post-3427","1":"post","2":"type-post","3":"status-publish","4":"format-standard","5":"has-post-thumbnail","7":"category-activites","8":"category-unicef","9":"tag-partenariat-unicef-social-watch-benin"},"jetpack_featured_media_url":"https:\/\/socialwatch.bj\/wp-content\/uploads\/2023\/05\/1.jpg","_links":{"self":[{"href":"https:\/\/socialwatch.bj\/index.php?rest_route=\/wp\/v2\/posts\/3427","targetHints":{"allow":["GET"]}}],"collection":[{"href":"https:\/\/socialwatch.bj\/index.php?rest_route=\/wp\/v2\/posts"}],"about":[{"href":"https:\/\/socialwatch.bj\/index.php?rest_route=\/wp\/v2\/types\/post"}],"author":[{"embeddable":true,"href":"https:\/\/socialwatch.bj\/index.php?rest_route=\/wp\/v2\/users\/1"}],"replies":[{"embeddable":true,"href":"https:\/\/socialwatch.bj\/index.php?rest_route=%2Fwp%2Fv2%2Fcomments&post=3427"}],"version-history":[{"count":1,"href":"https:\/\/socialwatch.bj\/index.php?rest_route=\/wp\/v2\/posts\/3427\/revisions"}],"predecessor-version":[{"id":3429,"href":"https:\/\/socialwatch.bj\/index.php?rest_route=\/wp\/v2\/posts\/3427\/revisions\/3429"}],"wp:featuredmedia":[{"embeddable":true,"href":"https:\/\/socialwatch.bj\/index.php?rest_route=\/wp\/v2\/media\/3428"}],"wp:attachment":[{"href":"https:\/\/socialwatch.bj\/index.php?rest_route=%2Fwp%2Fv2%2Fmedia&parent=3427"}],"wp:term":[{"taxonomy":"category","embeddable":true,"href":"https:\/\/socialwatch.bj\/index.php?rest_route=%2Fwp%2Fv2%2Fcategories&post=3427"},{"taxonomy":"post_tag","embeddable":true,"href":"https:\/\/socialwatch.bj\/index.php?rest_route=%2Fwp%2Fv2%2Ftags&post=3427"}],"curies":[{"name":"wp","href":"https:\/\/api.w.org\/{rel}","templated":true}]}}