{"id":3430,"date":"2023-05-26T16:19:42","date_gmt":"2023-05-26T14:19:42","guid":{"rendered":"https:\/\/socialwatch.bj\/?p=3430"},"modified":"2023-05-26T16:19:42","modified_gmt":"2023-05-26T14:19:42","slug":"situation-des-enfants-et-adolescentes-dans-la-donga-2","status":"publish","type":"post","link":"https:\/\/socialwatch.bj\/?p=3430","title":{"rendered":"Situation des enfants et adolescentes dans la Donga"},"content":{"rendered":"<p>Dans le cadre du partenariat entre l\u2019UNICEF et Social Watch B\u00e9nin pour une budg\u00e9tisation sensible aux enfants, les cadres des mairies de Bassila et Ouak\u00e9, les repr\u00e9sentants des Centres de Promotion Sociale desdites communes ainsi que les services d\u00e9concentr\u00e9s de l\u2019\u00e9ducation, la sant\u00e9, les affaires sociales et des Organisations de la Soci\u00e9t\u00e9 Civile (OSC) de celles-ci prennent part depuis le jeudi 25 mai 2023 \u00e0 l\u2019atelier de validation des rapports diagnostics relatifs \u00e0 la situation des enfants et des adolescentes dans leurs communes. C\u2019est la salle de conf\u00e9rence de la pr\u00e9fecture de la Donga qui sert de cadre \u00e0 la tenue de cet atelier apr\u00e8s celui de Ouak\u00e9.<\/p>\n<p>Pr\u00e9sentation des rapports diagnostics, \u00e9changes sur les donn\u00e9es pr\u00e9sent\u00e9es, travaux en groupes et \u00e9bauche de plans d\u2019actions d\u00e9coulant du diagnostic avec les parties prenantes sont, \u00e0 l\u2019instar de celui de Ouak\u00e9, les grandes articulations de l\u2019atelier qui se d\u00e9roule \u00e0 Djougou en pr\u00e9sence de Monsieur H. Salihou Harouna, Charg\u00e9 de mission pr\u00e9fet du d\u00e9partement de la Donga et de Monsieur Isma\u00ebl \u00c9ric Landry PARAISO, Chef bureau de l\u2019UNICEF bas\u00e9 \u00e0 Natitingou.<\/p>\n<p>La premi\u00e8re journ\u00e9e de l\u2019atelier a \u00e9t\u00e9 meubl\u00e9e par la pr\u00e9sentation des rapports diagnostics sur la situation des enfants et adolescentes dans les communes de Bassila et Ouak\u00e9. Abordant la pr\u00e9sentation des rapports diagnostics assur\u00e9e par Monsieur Sa\u00ef Sotima Tchantipou, consultant recrut\u00e9 pour faire le diagnostic a rappel\u00e9 le contexte et les objectifs de sa mission, expos\u00e9 la m\u00e9thodologie de conduite de sa mission, partag\u00e9 avec les participants les enjeux et d\u00e9fis li\u00e9s aux secteurs sociaux sensibles aux enfants et adolescentes des deux communes avant de r\u00e9v\u00e9ler \u00e0 l\u2019assistance les niveaux d\u2019allocation et d\u2019ex\u00e9cution des ressources sur les trois derni\u00e8res ann\u00e9es.<\/p>\n<p>Au terme de la pr\u00e9sentation des rapports diagnostics, les participants ont exprim\u00e9 leurs pr\u00e9occupations et contribu\u00e9 \u00e0 l\u2019am\u00e9lioration desdits rapports \u00e0 travers des apports de qualit\u00e9 en travaux de groupes.<br \/>\nPour finir, les participants venus de chaque commune ont, suivant un canevas pour \u00e9laborer un plan d\u2019actions dont la prise en compte dans les PDC 4 est vivement souhait\u00e9e ainsi que la synergie d&#8217;actions des diff\u00e9rents acteurs communaux pour r\u00e9duire les privations et les violations de leurs droits dont sont victimes les enfants desdites\u00a0communes.<\/p>\n","protected":false},"excerpt":{"rendered":"<p>Dans le cadre du partenariat entre l\u2019UNICEF et Social Watch B\u00e9nin pour une budg\u00e9tisation sensible aux enfants, les cadres des mairies de Bassila et Ouak\u00e9, les repr\u00e9sentants des Centres de Promotion Sociale desdites communes ainsi que les services d\u00e9concentr\u00e9s de l\u2019\u00e9ducation, la sant\u00e9, les affaires sociales et des Organisations de la Soci\u00e9t\u00e9 Civile (OSC) de [&hellip;]<\/p>\n","protected":false},"author":1,"featured_media":3431,"comment_status":"open","ping_status":"open","sticky":false,"template":"","format":"standard","meta":{"amp_status":"","footnotes":""},"categories":[34,63],"tags":[205],"class_list":{"0":"post-3430","1":"post","2":"type-post","3":"status-publish","4":"format-standard","5":"has-post-thumbnail","7":"category-activites","8":"category-unicef","9":"tag-partenariat-unicef-social-watch-benin"},"jetpack_featured_media_url":"https:\/\/socialwatch.bj\/wp-content\/uploads\/2023\/05\/2.jpg","_links":{"self":[{"href":"https:\/\/socialwatch.bj\/index.php?rest_route=\/wp\/v2\/posts\/3430","targetHints":{"allow":["GET"]}}],"collection":[{"href":"https:\/\/socialwatch.bj\/index.php?rest_route=\/wp\/v2\/posts"}],"about":[{"href":"https:\/\/socialwatch.bj\/index.php?rest_route=\/wp\/v2\/types\/post"}],"author":[{"embeddable":true,"href":"https:\/\/socialwatch.bj\/index.php?rest_route=\/wp\/v2\/users\/1"}],"replies":[{"embeddable":true,"href":"https:\/\/socialwatch.bj\/index.php?rest_route=%2Fwp%2Fv2%2Fcomments&post=3430"}],"version-history":[{"count":1,"href":"https:\/\/socialwatch.bj\/index.php?rest_route=\/wp\/v2\/posts\/3430\/revisions"}],"predecessor-version":[{"id":3432,"href":"https:\/\/socialwatch.bj\/index.php?rest_route=\/wp\/v2\/posts\/3430\/revisions\/3432"}],"wp:featuredmedia":[{"embeddable":true,"href":"https:\/\/socialwatch.bj\/index.php?rest_route=\/wp\/v2\/media\/3431"}],"wp:attachment":[{"href":"https:\/\/socialwatch.bj\/index.php?rest_route=%2Fwp%2Fv2%2Fmedia&parent=3430"}],"wp:term":[{"taxonomy":"category","embeddable":true,"href":"https:\/\/socialwatch.bj\/index.php?rest_route=%2Fwp%2Fv2%2Fcategories&post=3430"},{"taxonomy":"post_tag","embeddable":true,"href":"https:\/\/socialwatch.bj\/index.php?rest_route=%2Fwp%2Fv2%2Ftags&post=3430"}],"curies":[{"name":"wp","href":"https:\/\/api.w.org\/{rel}","templated":true}]}}