{"id":3443,"date":"2023-06-12T19:59:13","date_gmt":"2023-06-12T17:59:13","guid":{"rendered":"https:\/\/socialwatch.bj\/?p=3443"},"modified":"2023-06-13T18:45:46","modified_gmt":"2023-06-13T16:45:46","slug":"avis-dappel-doffres-15","status":"publish","type":"post","link":"https:\/\/socialwatch.bj\/?p=3443","title":{"rendered":"Avis d\u2019appel d\u2019offres"},"content":{"rendered":"<p style=\"text-align: center;\">002\/2023\/PALIRED-DDC\/SWB<\/p>\n<hr \/>\n<p>Social Watch B\u00e9nin a obtenu dans le cadre de ses activit\u00e9s des fonds de la Direction du D\u00e9veloppement et de la Coop\u00e9ration Suisse (DDC), afin de contribuer au financement du Programme d\u2019Appui \u00e0 la Lutte contre l\u2019Impunit\u00e9 et au Renforcement de l\u2019\u00c9tat de Droit. Sur la base de ce financement, Social Watch B\u00e9nin recrute des chercheurs-euses pour la<em> \u00ab<\/em><strong>R\u00e9alisation d\u2019une seconde phase <em>de l\u2019exp\u00e9rience du Syst\u00e8me Local d\u2019Int\u00e9grit\u00e9 (SLI) dans huit communes du B\u00e9nin\u00bb.<\/em><\/strong><\/p>\n<ol>\n<li>La participation \u00e0 cet appel d&#8217;offres ouvert concerne tous les candidats, remplissant les conditions d\u00e9finies dans le pr\u00e9sent Dossier d&#8217;Appel d&#8217;Offres.<\/li>\n<li>Les exigences en mati\u00e8re de qualification sont\u00a0pr\u00e9cis\u00e9es dans les <a href=\"https:\/\/socialwatch.bj\/wp-admin\/admin-ajax.php?juwpfisadmin=false&amp;action=wpfd&amp;task=file.download&amp;wpfd_category_id=328&amp;wpfd_file_id=3446\">TDR<\/a>.<\/li>\n<li>Les candidats int\u00e9ress\u00e9s peuvent obtenir les <a href=\"https:\/\/socialwatch.bj\/wp-admin\/admin-ajax.php?juwpfisadmin=false&amp;action=wpfd&amp;task=file.download&amp;wpfd_category_id=328&amp;wpfd_file_id=3446\">TDR<\/a> sur le site Web\u00a0: <a href=\"http:\/\/www.socialwatch.bj\">socialwatch.bj<\/a>. ou sur <a href=\"https:\/\/www.cdiscussion.com\/offre-d-emploi\/?details-job=1116041\">cdiscussion.com<\/a><\/li>\n<li>Les offres sont r\u00e9dig\u00e9es en langue fran\u00e7aise et devront \u00eatre envoy\u00e9es <strong>en version \u00e9lectronique sous format PDF et en fichier unique \u00e0 <\/strong><a href=\"mailto:appel@socialwatch.bj\"><strong>appel@socialwatch.bj<\/strong><\/a><strong>, ou en version papier au si\u00e8ge de Social Watch Benin<\/strong> <strong>au plus tard le 22 juin 2023 \u00e0 17h00 <\/strong>avec en objet <strong><em>\u00ab\u00a0Recrutement de chercheurs-euses dans le cadre de la seconde phase de \u00a0l\u2019exp\u00e9rience du Syst\u00e8me Local d\u2019Int\u00e9grit\u00e9\u00bb<\/em><\/strong>. Les offres qui ne parviendront pas aux heures et date ci-dessus indiqu\u00e9es, seront purement et simplement rejet\u00e9es.<\/li>\n<li>Social Watch B\u00e9nin se r\u00e9serve le droit de ne pas donner une suite \u00e0 cet appel.<\/li>\n<\/ol>\n<p style=\"text-align: right;\">\u00a0<strong>Le Secr\u00e9taire Ex\u00e9cutif<\/strong><\/p>\n<blockquote>\n<p style=\"text-align: center;\"><a href=\"https:\/\/socialwatch.bj\/wp-admin\/admin-ajax.php?juwpfisadmin=false&amp;action=wpfd&amp;task=file.download&amp;wpfd_category_id=328&amp;wpfd_file_id=3446\">Les termes de r\u00e9f\u00e9rences<\/a><\/p>\n<\/blockquote>\n","protected":false},"excerpt":{"rendered":"<p>002\/2023\/PALIRED-DDC\/SWB Social Watch B\u00e9nin a obtenu dans le cadre de ses activit\u00e9s des fonds de la Direction du D\u00e9veloppement et de la Coop\u00e9ration Suisse (DDC), afin de contribuer au financement du Programme d\u2019Appui \u00e0 la Lutte contre l\u2019Impunit\u00e9 et au Renforcement de l\u2019\u00c9tat de Droit. Sur la base de ce financement, Social Watch B\u00e9nin recrute [&hellip;]<\/p>\n","protected":false},"author":1,"featured_media":3445,"comment_status":"open","ping_status":"open","sticky":false,"template":"","format":"standard","meta":{"amp_status":"","footnotes":""},"categories":[34,90],"tags":[323],"class_list":{"0":"post-3443","1":"post","2":"type-post","3":"status-publish","4":"format-standard","5":"has-post-thumbnail","7":"category-activites","8":"category-palired","9":"tag-systeme-local-dintegrite"},"jetpack_featured_media_url":"https:\/\/socialwatch.bj\/wp-content\/uploads\/2023\/06\/Sni.png","_links":{"self":[{"href":"https:\/\/socialwatch.bj\/index.php?rest_route=\/wp\/v2\/posts\/3443","targetHints":{"allow":["GET"]}}],"collection":[{"href":"https:\/\/socialwatch.bj\/index.php?rest_route=\/wp\/v2\/posts"}],"about":[{"href":"https:\/\/socialwatch.bj\/index.php?rest_route=\/wp\/v2\/types\/post"}],"author":[{"embeddable":true,"href":"https:\/\/socialwatch.bj\/index.php?rest_route=\/wp\/v2\/users\/1"}],"replies":[{"embeddable":true,"href":"https:\/\/socialwatch.bj\/index.php?rest_route=%2Fwp%2Fv2%2Fcomments&post=3443"}],"version-history":[{"count":6,"href":"https:\/\/socialwatch.bj\/index.php?rest_route=\/wp\/v2\/posts\/3443\/revisions"}],"predecessor-version":[{"id":3453,"href":"https:\/\/socialwatch.bj\/index.php?rest_route=\/wp\/v2\/posts\/3443\/revisions\/3453"}],"wp:featuredmedia":[{"embeddable":true,"href":"https:\/\/socialwatch.bj\/index.php?rest_route=\/wp\/v2\/media\/3445"}],"wp:attachment":[{"href":"https:\/\/socialwatch.bj\/index.php?rest_route=%2Fwp%2Fv2%2Fmedia&parent=3443"}],"wp:term":[{"taxonomy":"category","embeddable":true,"href":"https:\/\/socialwatch.bj\/index.php?rest_route=%2Fwp%2Fv2%2Fcategories&post=3443"},{"taxonomy":"post_tag","embeddable":true,"href":"https:\/\/socialwatch.bj\/index.php?rest_route=%2Fwp%2Fv2%2Ftags&post=3443"}],"curies":[{"name":"wp","href":"https:\/\/api.w.org\/{rel}","templated":true}]}}