{"id":3459,"date":"2023-06-23T16:21:11","date_gmt":"2023-06-23T14:21:11","guid":{"rendered":"https:\/\/socialwatch.bj\/?p=3459"},"modified":"2023-06-23T16:21:11","modified_gmt":"2023-06-23T14:21:11","slug":"pour-un-controle-citoyen-de-laction-publique-efficace","status":"publish","type":"post","link":"https:\/\/socialwatch.bj\/?p=3459","title":{"rendered":"Pour un contr\u00f4le citoyen de l\u2019action publique efficace"},"content":{"rendered":"<p>Dans le cadre de son partenariat avec la Fondation Hanns Seidel, Social Watch B\u00e9nin organise ce vendredi 23 juin 2023 \u00e0 l\u2019h\u00f4tel Espace 2000 de Bohicon un atelier de renforcement des capacit\u00e9s des Organisations de la Soci\u00e9t\u00e9 Civile (OSC) sur le contr\u00f4le citoyen de l\u2019action publique (CCAP). Prennent part \u00e0 cet atelier une quinzaine d\u2019OSC venues des d\u00e9partements du Littoral, de l\u2019Atlantique, de l\u2019Ou\u00e9m\u00e9, du Plateau, du Couffo et du Zou.<\/p>\n<p>Mieux contribuer \u00e0 l\u2019am\u00e9lioration des services publics tant au niveau national que local est l\u2019objectif principal pour lequel Social Watch B\u00e9nin a convi\u00e9 ce jour la quinzaine d\u2019OSC \u00e0 l\u2019atelier de Bohicon. Il s\u2019agit au cours de cet atelier d\u2019approfondir les principes et outils op\u00e9rationnels du CCAP d\u2019une part, et d\u2019explorer les pistes de mise en place d\u2019un dispositif de veille informationnelle au profit du CCAP d\u2019autre part. Deux modules intitul\u00e9s \u00ab Le Contr\u00f4le Citoyen de l\u2019Action Publique : principes et outils \u00bb et \u00abLa veille informationnelle au profit du CCAP \u00bb sont programm\u00e9s pour \u00eatre d\u00e9velopp\u00e9s.<br \/>\nA l\u2019ouverture de l\u2019atelier, Monsieur Florentin BOCOVO, Administrateur de Zone du Zou de Social Watch B\u00e9nin a souhait\u00e9 aux diff\u00e9rents participants la bienvenue et exprim\u00e9 toute sa joie de recevoir l\u2019ensemble des OSC de la partie m\u00e9ridionale du pays.<br \/>\nQuant \u00e0 Madame Blanche SONON, pr\u00e9sidente de Social Watch B\u00e9nin, elle a rappel\u00e9 le contexte de la formation et mis l\u2019accent sur la n\u00e9cessit\u00e9 de renforcer les capacit\u00e9s des OSC membres de Social Watch B\u00e9nin sur le CCAP et la veille informationnelle au regard des r\u00e9formes intervenues dans le domaine de la d\u00e9centralisation. \u00ab On ne peut pas faire de la veille citoyenne sans avoir un m\u00e9canisme de renseignement citoyen, sans faire une veille informationnelle \u00bb a-t-elle d\u00e9clar\u00e9 avant de rendre hommage \u00e0 Madame Huguette AKPLOGAN DOSSA et Monsieur Abel GBETOENONMON qui ont accept\u00e9 animer la session de formation et mettre leurs exp\u00e9riences au profit des participants. Enfin, elle a invit\u00e9 les membres des OSC pr\u00e9sents \u00e0 une participation active et dynamique.<\/p>\n","protected":false},"excerpt":{"rendered":"<p>Dans le cadre de son partenariat avec la Fondation Hanns Seidel, Social Watch B\u00e9nin organise ce vendredi 23 juin 2023 \u00e0 l\u2019h\u00f4tel Espace 2000 de Bohicon un atelier de renforcement des capacit\u00e9s des Organisations de la Soci\u00e9t\u00e9 Civile (OSC) sur le contr\u00f4le citoyen de l\u2019action publique (CCAP). Prennent part \u00e0 cet atelier une quinzaine d\u2019OSC [&hellip;]<\/p>\n","protected":false},"author":1,"featured_media":3460,"comment_status":"open","ping_status":"open","sticky":false,"template":"","format":"standard","meta":{"amp_status":"","footnotes":""},"categories":[34],"tags":[330],"class_list":{"0":"post-3459","1":"post","2":"type-post","3":"status-publish","4":"format-standard","5":"has-post-thumbnail","7":"category-activites","8":"tag-fondation-hanns-seidel"},"jetpack_featured_media_url":"https:\/\/socialwatch.bj\/wp-content\/uploads\/2023\/06\/WhatsApp-Image-2023-06-23-at-11.29.06.jpeg","_links":{"self":[{"href":"https:\/\/socialwatch.bj\/index.php?rest_route=\/wp\/v2\/posts\/3459","targetHints":{"allow":["GET"]}}],"collection":[{"href":"https:\/\/socialwatch.bj\/index.php?rest_route=\/wp\/v2\/posts"}],"about":[{"href":"https:\/\/socialwatch.bj\/index.php?rest_route=\/wp\/v2\/types\/post"}],"author":[{"embeddable":true,"href":"https:\/\/socialwatch.bj\/index.php?rest_route=\/wp\/v2\/users\/1"}],"replies":[{"embeddable":true,"href":"https:\/\/socialwatch.bj\/index.php?rest_route=%2Fwp%2Fv2%2Fcomments&post=3459"}],"version-history":[{"count":1,"href":"https:\/\/socialwatch.bj\/index.php?rest_route=\/wp\/v2\/posts\/3459\/revisions"}],"predecessor-version":[{"id":3461,"href":"https:\/\/socialwatch.bj\/index.php?rest_route=\/wp\/v2\/posts\/3459\/revisions\/3461"}],"wp:featuredmedia":[{"embeddable":true,"href":"https:\/\/socialwatch.bj\/index.php?rest_route=\/wp\/v2\/media\/3460"}],"wp:attachment":[{"href":"https:\/\/socialwatch.bj\/index.php?rest_route=%2Fwp%2Fv2%2Fmedia&parent=3459"}],"wp:term":[{"taxonomy":"category","embeddable":true,"href":"https:\/\/socialwatch.bj\/index.php?rest_route=%2Fwp%2Fv2%2Fcategories&post=3459"},{"taxonomy":"post_tag","embeddable":true,"href":"https:\/\/socialwatch.bj\/index.php?rest_route=%2Fwp%2Fv2%2Ftags&post=3459"}],"curies":[{"name":"wp","href":"https:\/\/api.w.org\/{rel}","templated":true}]}}