{"id":3491,"date":"2023-07-06T17:37:17","date_gmt":"2023-07-06T15:37:17","guid":{"rendered":"https:\/\/socialwatch.bj\/?p=3491"},"modified":"2023-07-07T19:06:14","modified_gmt":"2023-07-07T17:06:14","slug":"finances-publiques-sensibles-aux-enfants","status":"publish","type":"post","link":"https:\/\/socialwatch.bj\/?p=3491","title":{"rendered":"Finances publiques sensibles aux enfants"},"content":{"rendered":"<p>Dans l\u2019apr\u00e8s-midi du mercredi 05 juillet 2023, Social Watch B\u00e9nin a organis\u00e9 avec l\u2019appui de l\u2019UNICEF un webinaire sur les finances publiques sensibles aux enfants \u00e0 l\u2019intention des diff\u00e9rents acteurs intervenant directement dans les communaut\u00e9s et dont le travail d\u00e9bouche tr\u00e8s souvent sur des plaidoyers.<\/p>\n<p>Premier d\u2019une s\u00e9rie de six, ce webinaire s\u2019inscrit dans le cadre du partenariat entre Social Watch B\u00e9nin et l\u2019UNICEF.<\/p>\n<p>D\u00e9marr\u00e9 \u00e0 13h00, le webinaire a pour objectif de diss\u00e9miner les r\u00e9sultats des notes budg\u00e9taires \u00e9labor\u00e9es afin que les acteurs de la soci\u00e9t\u00e9 que sont les U-reporters, OSC et acteurs de m\u00e9dias puissent les exploiter dans leur travail communautaire et de plaidoyer.<\/p>\n<p>Mod\u00e9r\u00e9 par Madame Pamela AGBOZO, Responsable des Programmes de Social Watch B\u00e9nin, il a \u00e9t\u00e9 anim\u00e9 par Monsieur Mohamed ABOUBAKARI, Sp\u00e9cialiste Politiques Sociales charg\u00e9 des Finances \u00e0 la section Politiques Sociales de l\u2019UNICEF qui a expliqu\u00e9 aux participants les raisons de l\u2019engagement de l\u2019UNICEF sur les questions de finances publiques, d\u00e9fini les contours de cet engagement et ce que signifie \u00ab Finances publiques pour les enfants \u00bb et comment s\u2019y engager.<\/p>\n<p>Abordant la th\u00e9matique objet de la rencontre, Monsieur Mohamed ABOUBAKARI fait observer que l\u2019expression \u00ab Finances publiques pour les enfants \u00bb a pour synonymes \u00ab Budg\u00e9tisation sensible aux enfants \u00bb et \u00ab Budget sensible aux enfants \u00bb. Il a ensuite partag\u00e9 quelques donn\u00e9es d\u00e9mographiques du B\u00e9nin relatives aux enfants et adolescents avec les participants pour montrer l\u2019importance de cette couche de la population. Par ailleurs, il a d\u00e9fini ce qu\u2019est un budget et pr\u00e9sent\u00e9 les limites du champ de travail de l\u2019UNICEF sur le budget ou sur les finances publiques.<\/p>\n<blockquote><p><em>Pourquoi s\u2019engager dans les finances publiques pour les enfants ?<\/em><\/p><\/blockquote>\n<p>A cette pr\u00e9occupation, le Sp\u00e9cialiste Politiques Sociales charg\u00e9 des Finances \u00e0 la section Politiques Sociales de l\u2019UNICEF fait remarquer que donner une priorit\u00e9 aux enfants en Finances publiques rel\u00e8ve d\u2019un bon sens en termes \u00e9conomiques pour les Gouvernements et les acteurs de d\u00e9veloppement que sont les participants. \u00ab Les investissements publics faits aujourd\u2019hui en faveur des enfants auront un impact durable sur la croissance future, le d\u00e9veloppement durable et la coh\u00e9sion sociale \u00bb a d\u00e9clar\u00e9 Monsieur Mohamed ABOUBAKARI.<\/p>\n<p>Pour parvenir au d\u00e9veloppement durable et la coh\u00e9sion sociale d\u2019un pays, Monsieur Mohamed ABOUBAKARI rappelle aux participants que chacun doit pouvoir jouer sa partition pour changer la situation des enfants, aider les autorit\u00e9s locales \u00e0 avoir les informations utiles sur la situation des enfants et travailler au renforcement de la transparence budg\u00e9taire et au raffermissement de la participation citoyenne.<\/p>\n<p>Pour finir, il a donn\u00e9 \u00e0 l\u2019auditoire quelques pistes \u00e0 suivre pour s\u2019engager en faveur des finances publiques pour les enfants ou la budg\u00e9tisation sensible aux enfants tant au niveau national qu\u2019au niveau local.<\/p>\n<p>Si vous \u00eates int\u00e9ress\u00e9s par la communication donn\u00e9e par Monsieur Mohamed ABOUBAKARI, cliquez sur le lien suivant pour suivre l\u2019int\u00e9gralit\u00e9 de celle-ci \u00e0 la une du pr\u00e9sent article.<\/p>\n","protected":false},"excerpt":{"rendered":"<p>Dans l\u2019apr\u00e8s-midi du mercredi 05 juillet 2023, Social Watch B\u00e9nin a organis\u00e9 avec l\u2019appui de l\u2019UNICEF un webinaire sur les finances publiques sensibles aux enfants \u00e0 l\u2019intention des diff\u00e9rents acteurs intervenant directement dans les communaut\u00e9s et dont le travail d\u00e9bouche tr\u00e8s souvent sur des plaidoyers. Premier d\u2019une s\u00e9rie de six, ce webinaire s\u2019inscrit dans le [&hellip;]<\/p>\n","protected":false},"author":1,"featured_media":3492,"comment_status":"open","ping_status":"open","sticky":false,"template":"","format":"standard","meta":{"amp_status":"","footnotes":""},"categories":[34,72,63],"tags":[306,236],"class_list":{"0":"post-3491","1":"post","2":"type-post","3":"status-publish","4":"format-standard","5":"has-post-thumbnail","7":"category-activites","8":"category-suivi-budgetaire","9":"category-unicef","10":"tag-suivibudgetaire","11":"tag-budget-sensible-enfant"},"jetpack_featured_media_url":"https:\/\/socialwatch.bj\/wp-content\/uploads\/2023\/07\/Zoom-1-.jpg","_links":{"self":[{"href":"https:\/\/socialwatch.bj\/index.php?rest_route=\/wp\/v2\/posts\/3491","targetHints":{"allow":["GET"]}}],"collection":[{"href":"https:\/\/socialwatch.bj\/index.php?rest_route=\/wp\/v2\/posts"}],"about":[{"href":"https:\/\/socialwatch.bj\/index.php?rest_route=\/wp\/v2\/types\/post"}],"author":[{"embeddable":true,"href":"https:\/\/socialwatch.bj\/index.php?rest_route=\/wp\/v2\/users\/1"}],"replies":[{"embeddable":true,"href":"https:\/\/socialwatch.bj\/index.php?rest_route=%2Fwp%2Fv2%2Fcomments&post=3491"}],"version-history":[{"count":1,"href":"https:\/\/socialwatch.bj\/index.php?rest_route=\/wp\/v2\/posts\/3491\/revisions"}],"predecessor-version":[{"id":3493,"href":"https:\/\/socialwatch.bj\/index.php?rest_route=\/wp\/v2\/posts\/3491\/revisions\/3493"}],"wp:featuredmedia":[{"embeddable":true,"href":"https:\/\/socialwatch.bj\/index.php?rest_route=\/wp\/v2\/media\/3492"}],"wp:attachment":[{"href":"https:\/\/socialwatch.bj\/index.php?rest_route=%2Fwp%2Fv2%2Fmedia&parent=3491"}],"wp:term":[{"taxonomy":"category","embeddable":true,"href":"https:\/\/socialwatch.bj\/index.php?rest_route=%2Fwp%2Fv2%2Fcategories&post=3491"},{"taxonomy":"post_tag","embeddable":true,"href":"https:\/\/socialwatch.bj\/index.php?rest_route=%2Fwp%2Fv2%2Ftags&post=3491"}],"curies":[{"name":"wp","href":"https:\/\/api.w.org\/{rel}","templated":true}]}}