{"id":3521,"date":"2023-07-24T12:02:58","date_gmt":"2023-07-24T10:02:58","guid":{"rendered":"https:\/\/socialwatch.bj\/?p=3521"},"modified":"2023-07-24T12:02:58","modified_gmt":"2023-07-24T10:02:58","slug":"%f0%9f%8e%af-finances-publiques-sensibles-aux-enfants-et-son-impact-sur-le-capital-humain","status":"publish","type":"post","link":"https:\/\/socialwatch.bj\/?p=3521","title":{"rendered":"\ud83c\udfaf Finances publiques sensibles aux enfants et son impact sur le capital humain"},"content":{"rendered":"<p>Social Watch Benin en partenariat avec l\u2019UNICEF a l\u2019honneur de vous inviter au webinaire sur le th\u00e8me :<\/p>\n<p><strong>SITUATION ET FINANCEMENT DE L\u2019EDUCATION PRESCOLAIRE AU BENIN<\/strong><\/p>\n<p>\u23f3Mercredi 26\/07\/2023<br \/>\n\u23f1\ufe0f16h-17h30 (Cotonou)<br \/>\n\ud83c\udf10Connectez-vous sur \ud83d\udc47\ud83c\udffe<br \/>\n<a href=\"https:\/\/bit.ly\/3Oksvba\">https:\/\/bit.ly\/3Oksvba<\/a><\/p>\n<p>INTERVENANTS<\/p>\n<ul>\n<li>Mme HOUNNOU\u00a0No\u00e9lie \u00e9pse FADONOUGBO, personne ne ressource et experte en analyse budg\u00e9taire\u00a0;<\/li>\n<li>\u00a0Mme AFOUDA Mireille \u00e9pse WOROU, Directrice de l&#8217;Enseignement Maternel au Minist\u00e8re des Enseignements Maternel et Primaire (MEMP)\u00a0;<\/li>\n<li>Monsieur YAROU Mouhamadou, Conseiller en Education \u00e0 Plan Benin<\/li>\n<\/ul>\n<p>Mod\u00e9rateur<\/p>\n<ul>\n<li>Pamela Ariane AGBOZO, Charg\u00e9e de coordination du partenariat UNICEF-SWB.<\/li>\n<\/ul>\n<p>Vous n\u2019aviez pas suivi notre premier webinaire sur les finances publiques sensibles aux enfants ? \u00a0Retrouvez-le en replay sur YouTube :\u00a0 <a href=\"https:\/\/youtu.be\/Pe1vn2qgRoM\">https:\/\/youtu.be\/Pe1vn2qgRoM<\/a><\/p>\n<p>&nbsp;<\/p>\n<p>&nbsp;<\/p>\n","protected":false},"excerpt":{"rendered":"<p>Social Watch Benin en partenariat avec l\u2019UNICEF a l\u2019honneur de vous inviter au webinaire sur le th\u00e8me : SITUATION ET FINANCEMENT DE L\u2019EDUCATION PRESCOLAIRE AU BENIN \u23f3Mercredi 26\/07\/2023 \u23f1\ufe0f16h-17h30 (Cotonou) \ud83c\udf10Connectez-vous sur \ud83d\udc47\ud83c\udffe https:\/\/bit.ly\/3Oksvba INTERVENANTS Mme HOUNNOU\u00a0No\u00e9lie \u00e9pse FADONOUGBO, personne ne ressource et experte en analyse budg\u00e9taire\u00a0; \u00a0Mme AFOUDA Mireille \u00e9pse WOROU, Directrice de l&#8217;Enseignement [&hellip;]<\/p>\n","protected":false},"author":1,"featured_media":3522,"comment_status":"open","ping_status":"open","sticky":false,"template":"","format":"standard","meta":{"amp_status":"","footnotes":""},"categories":[34,63],"tags":[306,236],"class_list":{"0":"post-3521","1":"post","2":"type-post","3":"status-publish","4":"format-standard","5":"has-post-thumbnail","7":"category-activites","8":"category-unicef","9":"tag-suivibudgetaire","10":"tag-budget-sensible-enfant"},"jetpack_featured_media_url":"https:\/\/socialwatch.bj\/wp-content\/uploads\/2023\/07\/Webinaire-du-26-07-2023-scaled.jpg","_links":{"self":[{"href":"https:\/\/socialwatch.bj\/index.php?rest_route=\/wp\/v2\/posts\/3521","targetHints":{"allow":["GET"]}}],"collection":[{"href":"https:\/\/socialwatch.bj\/index.php?rest_route=\/wp\/v2\/posts"}],"about":[{"href":"https:\/\/socialwatch.bj\/index.php?rest_route=\/wp\/v2\/types\/post"}],"author":[{"embeddable":true,"href":"https:\/\/socialwatch.bj\/index.php?rest_route=\/wp\/v2\/users\/1"}],"replies":[{"embeddable":true,"href":"https:\/\/socialwatch.bj\/index.php?rest_route=%2Fwp%2Fv2%2Fcomments&post=3521"}],"version-history":[{"count":1,"href":"https:\/\/socialwatch.bj\/index.php?rest_route=\/wp\/v2\/posts\/3521\/revisions"}],"predecessor-version":[{"id":3523,"href":"https:\/\/socialwatch.bj\/index.php?rest_route=\/wp\/v2\/posts\/3521\/revisions\/3523"}],"wp:featuredmedia":[{"embeddable":true,"href":"https:\/\/socialwatch.bj\/index.php?rest_route=\/wp\/v2\/media\/3522"}],"wp:attachment":[{"href":"https:\/\/socialwatch.bj\/index.php?rest_route=%2Fwp%2Fv2%2Fmedia&parent=3521"}],"wp:term":[{"taxonomy":"category","embeddable":true,"href":"https:\/\/socialwatch.bj\/index.php?rest_route=%2Fwp%2Fv2%2Fcategories&post=3521"},{"taxonomy":"post_tag","embeddable":true,"href":"https:\/\/socialwatch.bj\/index.php?rest_route=%2Fwp%2Fv2%2Ftags&post=3521"}],"curies":[{"name":"wp","href":"https:\/\/api.w.org\/{rel}","templated":true}]}}