{"id":3551,"date":"2023-08-08T16:14:18","date_gmt":"2023-08-08T14:14:18","guid":{"rendered":"https:\/\/socialwatch.bj\/?p=3551"},"modified":"2023-08-08T17:11:56","modified_gmt":"2023-08-08T15:11:56","slug":"budgetisation-sensible-aux-enfants-et-mecanisme-de-participation-citoyenne-elus-locaux-cadres-communaux-et-prefectoraux-et-osc-de-la-donga-renforces","status":"publish","type":"post","link":"https:\/\/socialwatch.bj\/?p=3551","title":{"rendered":"Budg\u00e9tisation sensible aux enfants et m\u00e9canisme de participation citoyenne :   Elus locaux, cadres communaux et pr\u00e9fectoraux, et OSC de la Donga renforc\u00e9s"},"content":{"rendered":"<p>Dans le but de renforcer les capacit\u00e9s des \u00e9lus locaux, des cadres communaux et pr\u00e9fectoraux et des organisations de la Soci\u00e9t\u00e9 Civile locale du d\u00e9partement de la Donga sur la budg\u00e9tisation sensible aux enfants et le m\u00e9canisme de participation citoyenne, Social Watch B\u00e9nin organise du 08 au 10 Ao\u00fbt 2023 \u00e0 l\u2019h\u00f4tel KABA de Natitingou un atelier de formation. Cet\u00a0 atelier s\u2019inscrit dans le cadre de son partenariat avec Unicef.<\/p>\n<p>\u00ab Le renforcement ou l\u2019instauration de la culture de la transparence budg\u00e9taire au niveau local appelle la n\u00e9cessit\u00e9 d\u2019informer et de sensibiliser les \u00e9lus locaux, et de communiquer sur les pratiques de bonne gouvernance en faveur d\u2019une budg\u00e9tisation sensible aux enfants dans les secteurs sociaux d\u00e9volus aux collectivit\u00e9s territoriales. \u00bb C\u2019est la raison fondamentale pour laquelle Social Watch B\u00e9nin organise le pr\u00e9sent atelier de renforcement des capacit\u00e9s des \u00e9lus locaux, cadres communaux et pr\u00e9fectoraux, et des OSC de la Donga avec le soutien financier de l\u2019Unicef.<\/p>\n<figure id=\"attachment_3554\" aria-describedby=\"caption-attachment-3554\" style=\"width: 696px\" class=\"wp-caption alignnone\"><img loading=\"lazy\" decoding=\"async\" class=\"wp-image-3554 size-large\" src=\"https:\/\/socialwatch.bj\/wp-content\/uploads\/2023\/08\/WhatsApp-Image-2023-08-08-at-2.44.22-PM-1024x682.jpeg\" alt=\"\" width=\"696\" height=\"464\" srcset=\"https:\/\/socialwatch.bj\/wp-content\/uploads\/2023\/08\/WhatsApp-Image-2023-08-08-at-2.44.22-PM-1024x682.jpeg 1024w, https:\/\/socialwatch.bj\/wp-content\/uploads\/2023\/08\/WhatsApp-Image-2023-08-08-at-2.44.22-PM-300x200.jpeg 300w, https:\/\/socialwatch.bj\/wp-content\/uploads\/2023\/08\/WhatsApp-Image-2023-08-08-at-2.44.22-PM-768x512.jpeg 768w, https:\/\/socialwatch.bj\/wp-content\/uploads\/2023\/08\/WhatsApp-Image-2023-08-08-at-2.44.22-PM-1536x1023.jpeg 1536w, https:\/\/socialwatch.bj\/wp-content\/uploads\/2023\/08\/WhatsApp-Image-2023-08-08-at-2.44.22-PM-696x464.jpeg 696w, https:\/\/socialwatch.bj\/wp-content\/uploads\/2023\/08\/WhatsApp-Image-2023-08-08-at-2.44.22-PM-1068x712.jpeg 1068w, https:\/\/socialwatch.bj\/wp-content\/uploads\/2023\/08\/WhatsApp-Image-2023-08-08-at-2.44.22-PM-630x420.jpeg 630w, https:\/\/socialwatch.bj\/wp-content\/uploads\/2023\/08\/WhatsApp-Image-2023-08-08-at-2.44.22-PM.jpeg 1600w\" sizes=\"auto, (max-width: 696px) 100vw, 696px\" \/><figcaption id=\"caption-attachment-3554\" class=\"wp-caption-text\">Les participants \u00e0 l&#8217;atelier<\/figcaption><\/figure>\n<p>Pour y parvenir, les participants \u00e0 cet atelier vont suivre cinq communications au cours desquelles ils apprendront et \u00e9changeront sur des notions de budg\u00e9tisation sensible aux enfants et les indicateurs cl\u00e9s sur la situation des enfants dans les communes de leur d\u00e9partement, la Donga. Ils auront \u00e0 se familiariser avec les concepts de la transparence, de l\u2019analyse et de suivi budg\u00e9taire. Aussi, l\u2019occasion leur sera offerte pour \u00e9changer et partager les connaissances et exp\u00e9riences dans le domaine de la participation citoyenne, de la redevabilit\u00e9 et surtout les difficult\u00e9s rencontr\u00e9es au cours de la mise en pratique de ces outils.<\/p>\n<figure id=\"attachment_3558\" aria-describedby=\"caption-attachment-3558\" style=\"width: 696px\" class=\"wp-caption alignnone\"><img loading=\"lazy\" decoding=\"async\" class=\"wp-image-3558 size-large\" src=\"https:\/\/socialwatch.bj\/wp-content\/uploads\/2023\/08\/WhatsApp-Image-2023-08-08-at-1.34.37-PM-1024x682.jpeg\" alt=\"\" width=\"696\" height=\"464\" srcset=\"https:\/\/socialwatch.bj\/wp-content\/uploads\/2023\/08\/WhatsApp-Image-2023-08-08-at-1.34.37-PM-1024x682.jpeg 1024w, https:\/\/socialwatch.bj\/wp-content\/uploads\/2023\/08\/WhatsApp-Image-2023-08-08-at-1.34.37-PM-300x200.jpeg 300w, https:\/\/socialwatch.bj\/wp-content\/uploads\/2023\/08\/WhatsApp-Image-2023-08-08-at-1.34.37-PM-768x512.jpeg 768w, https:\/\/socialwatch.bj\/wp-content\/uploads\/2023\/08\/WhatsApp-Image-2023-08-08-at-1.34.37-PM-1536x1023.jpeg 1536w, https:\/\/socialwatch.bj\/wp-content\/uploads\/2023\/08\/WhatsApp-Image-2023-08-08-at-1.34.37-PM-696x464.jpeg 696w, https:\/\/socialwatch.bj\/wp-content\/uploads\/2023\/08\/WhatsApp-Image-2023-08-08-at-1.34.37-PM-1068x712.jpeg 1068w, https:\/\/socialwatch.bj\/wp-content\/uploads\/2023\/08\/WhatsApp-Image-2023-08-08-at-1.34.37-PM-630x420.jpeg 630w, https:\/\/socialwatch.bj\/wp-content\/uploads\/2023\/08\/WhatsApp-Image-2023-08-08-at-1.34.37-PM.jpeg 1600w\" sizes=\"auto, (max-width: 696px) 100vw, 696px\" \/><figcaption id=\"caption-attachment-3558\" class=\"wp-caption-text\">Le pr\u00e9sidium \u00e0 l&#8217;ouverture de l&#8217;atelier<\/figcaption><\/figure>\n<p>Pour Mr Isma\u00ebl PARAISO, Chef Bureau UNICEF de Natitingou PARAISO, la question de la budg\u00e9tisation sensible aux enfants demeure une des pr\u00e9occupations majeures de l&#8217;UNICEF depuis plusieurs ann\u00e9es. Et pour y parvenir, il importe de renforcer les capacit\u00e9s des \u00e9lus et des cadres de l&#8217;administration communale afin qu\u2019ils puissent efficacement accompagner les Organisations de la Soci\u00e9t\u00e9 Civile (OSC) dans la r\u00e9alisation d\u2019actions d&#8217;envergure pour la d\u00e9fense des int\u00e9r\u00eats des enfants. Il a remerci\u00e9 Social Watch pour le travail dans le cadre de son partenariat avec l&#8217;UNICEF et souhait\u00e9 que le partenariat entre les deux structures se consolide au fil des ann\u00e9es.<br \/>\nQuant \u00e0 Mr Idelphonse KAKPO, repr\u00e9sentant du pr\u00e9fet de l&#8217;Atacora, cet atelier vient \u00e0 point nomm\u00e9 parce qu\u2019il va non seulement permettre de renforcer les capacit\u00e9s des acteurs communaux et pr\u00e9fectoraux mais aussi contribuer au renforcement de la synergie dans le cadre des nombreuses actions men\u00e9es par les OSC. Pour lui, la budg\u00e9tisation sensible aux enfants est tr\u00e8s capitale pour la prise en compte des besoins des enfants, depuis l&#8217;\u00e9laboration des PDC jusqu&#8217;\u00e0 l&#8217;\u00e9laboration des PAI. Apr\u00e8s avoir exprim\u00e9 sa certitude de la qualit\u00e9 des modules qui seront d\u00e9velopp\u00e9s aux acteurs des diff\u00e9rentes communes de la Donga pour mieux les outiller, il a d\u00e9clar\u00e9 au nom de madame la Pr\u00e9fet ouverts les travaux de l&#8217;atelier.<\/p>\n","protected":false},"excerpt":{"rendered":"<p>Dans le but de renforcer les capacit\u00e9s des \u00e9lus locaux, des cadres communaux et pr\u00e9fectoraux et des organisations de la Soci\u00e9t\u00e9 Civile locale du d\u00e9partement de la Donga sur la budg\u00e9tisation sensible aux enfants et le m\u00e9canisme de participation citoyenne, Social Watch B\u00e9nin organise du 08 au 10 Ao\u00fbt 2023 \u00e0 l\u2019h\u00f4tel KABA de Natitingou [&hellip;]<\/p>\n","protected":false},"author":10,"featured_media":3556,"comment_status":"open","ping_status":"open","sticky":false,"template":"","format":"standard","meta":{"amp_status":"","footnotes":""},"categories":[1],"tags":[],"class_list":{"0":"post-3551","1":"post","2":"type-post","3":"status-publish","4":"format-standard","5":"has-post-thumbnail","7":"category-social-watch-benin"},"jetpack_featured_media_url":"https:\/\/socialwatch.bj\/wp-content\/uploads\/2023\/08\/WhatsApp-Image-2023-08-08-at-1.35.21-PM-1.jpeg","_links":{"self":[{"href":"https:\/\/socialwatch.bj\/index.php?rest_route=\/wp\/v2\/posts\/3551","targetHints":{"allow":["GET"]}}],"collection":[{"href":"https:\/\/socialwatch.bj\/index.php?rest_route=\/wp\/v2\/posts"}],"about":[{"href":"https:\/\/socialwatch.bj\/index.php?rest_route=\/wp\/v2\/types\/post"}],"author":[{"embeddable":true,"href":"https:\/\/socialwatch.bj\/index.php?rest_route=\/wp\/v2\/users\/10"}],"replies":[{"embeddable":true,"href":"https:\/\/socialwatch.bj\/index.php?rest_route=%2Fwp%2Fv2%2Fcomments&post=3551"}],"version-history":[{"count":5,"href":"https:\/\/socialwatch.bj\/index.php?rest_route=\/wp\/v2\/posts\/3551\/revisions"}],"predecessor-version":[{"id":3561,"href":"https:\/\/socialwatch.bj\/index.php?rest_route=\/wp\/v2\/posts\/3551\/revisions\/3561"}],"wp:featuredmedia":[{"embeddable":true,"href":"https:\/\/socialwatch.bj\/index.php?rest_route=\/wp\/v2\/media\/3556"}],"wp:attachment":[{"href":"https:\/\/socialwatch.bj\/index.php?rest_route=%2Fwp%2Fv2%2Fmedia&parent=3551"}],"wp:term":[{"taxonomy":"category","embeddable":true,"href":"https:\/\/socialwatch.bj\/index.php?rest_route=%2Fwp%2Fv2%2Fcategories&post=3551"},{"taxonomy":"post_tag","embeddable":true,"href":"https:\/\/socialwatch.bj\/index.php?rest_route=%2Fwp%2Fv2%2Ftags&post=3551"}],"curies":[{"name":"wp","href":"https:\/\/api.w.org\/{rel}","templated":true}]}}