{"id":3586,"date":"2023-08-17T11:25:04","date_gmt":"2023-08-17T09:25:04","guid":{"rendered":"https:\/\/socialwatch.bj\/?p=3586"},"modified":"2023-08-17T14:24:16","modified_gmt":"2023-08-17T12:24:16","slug":"budgetisation-sensible-aux-enfants-et-mecanisme-de-participation-citoyenne-renforcement-des-capacites-des-elus-locaux-cadres-communaux-et-prefectoraux-et-osc-de-latakora","status":"publish","type":"post","link":"https:\/\/socialwatch.bj\/?p=3586","title":{"rendered":"Budg\u00e9tisation sensible aux enfants et participation citoyenne : Renforcement des capacit\u00e9s des \u00e9lus locaux, cadres communaux et pr\u00e9fectoraux, et OSC de l\u2019Atacora"},"content":{"rendered":"<p>En vue du renforcement et de l\u2019instauration de la culture de la transparence budg\u00e9taire\u00a0 en faveur d&#8217;une budg\u00e9tisation sensible aux enfants au niveau local, Social Watch B\u00e9nin organise du 16 au 18 Ao\u00fbt 2023 \u00e0 l\u2019h\u00f4tel CATHAS de Djougou, un atelier de\u00a0 renforcement de capacit\u00e9s des \u00e9lus locaux, des cadres communaux et pr\u00e9fectoraux et des organisations de la Soci\u00e9t\u00e9 Civile locale du d\u00e9partement de l\u2019Atacora sur la budg\u00e9tisation sensible aux enfants et le m\u00e9canisme de participation citoyenne,\u00a0 Cet\u00a0 atelier s\u2019inscrit dans le cadre de son partenariat avec UNICEF.<\/p>\n<figure id=\"attachment_3588\" aria-describedby=\"caption-attachment-3588\" style=\"width: 1008px\" class=\"wp-caption alignnone\"><img loading=\"lazy\" decoding=\"async\" class=\"wp-image-3588 size-full\" src=\"https:\/\/socialwatch.bj\/wp-content\/uploads\/2023\/08\/Photo-4-Djougou.jpeg\" alt=\"\" width=\"1008\" height=\"756\" srcset=\"https:\/\/socialwatch.bj\/wp-content\/uploads\/2023\/08\/Photo-4-Djougou.jpeg 1008w, https:\/\/socialwatch.bj\/wp-content\/uploads\/2023\/08\/Photo-4-Djougou-300x225.jpeg 300w, https:\/\/socialwatch.bj\/wp-content\/uploads\/2023\/08\/Photo-4-Djougou-768x576.jpeg 768w, https:\/\/socialwatch.bj\/wp-content\/uploads\/2023\/08\/Photo-4-Djougou-80x60.jpeg 80w, https:\/\/socialwatch.bj\/wp-content\/uploads\/2023\/08\/Photo-4-Djougou-265x198.jpeg 265w, https:\/\/socialwatch.bj\/wp-content\/uploads\/2023\/08\/Photo-4-Djougou-696x522.jpeg 696w, https:\/\/socialwatch.bj\/wp-content\/uploads\/2023\/08\/Photo-4-Djougou-560x420.jpeg 560w\" sizes=\"auto, (max-width: 1008px) 100vw, 1008px\" \/><figcaption id=\"caption-attachment-3588\" class=\"wp-caption-text\">Les participants \u00e0 l&#8217;atelier<\/figcaption><\/figure>\n<p>Au cours de l\u2019atelier, les\u00a0 participants\u00a0 suivront cinq communications qui leur permettront d\u2019apprendre et d\u2019\u00e9changer \u00a0sur des notions de budg\u00e9tisation sensible aux enfants et les indicateurs cl\u00e9s sur la situation des enfants dans les communes du d\u00e9partement de\u00a0 l\u2019Atacora. Ils auront \u00e0 se familiariser avec les concepts de la transparence, de l\u2019analyse et du suivi budg\u00e9taires. Aussi, l\u2019occasion leur sera offerte pour \u00e9changer et partager les connaissances et exp\u00e9riences dans le domaine de la participation citoyenne, de la redevabilit\u00e9 et surtout les difficult\u00e9s rencontr\u00e9es au cours de la mise en pratique de ces outils.<\/p>\n<figure id=\"attachment_3589\" aria-describedby=\"caption-attachment-3589\" style=\"width: 1008px\" class=\"wp-caption alignnone\"><img loading=\"lazy\" decoding=\"async\" class=\"wp-image-3589 size-full\" src=\"https:\/\/socialwatch.bj\/wp-content\/uploads\/2023\/08\/Photo-3-Djougou-.jpeg\" alt=\"\" width=\"1008\" height=\"756\" srcset=\"https:\/\/socialwatch.bj\/wp-content\/uploads\/2023\/08\/Photo-3-Djougou-.jpeg 1008w, https:\/\/socialwatch.bj\/wp-content\/uploads\/2023\/08\/Photo-3-Djougou--300x225.jpeg 300w, https:\/\/socialwatch.bj\/wp-content\/uploads\/2023\/08\/Photo-3-Djougou--768x576.jpeg 768w, https:\/\/socialwatch.bj\/wp-content\/uploads\/2023\/08\/Photo-3-Djougou--80x60.jpeg 80w, https:\/\/socialwatch.bj\/wp-content\/uploads\/2023\/08\/Photo-3-Djougou--265x198.jpeg 265w, https:\/\/socialwatch.bj\/wp-content\/uploads\/2023\/08\/Photo-3-Djougou--696x522.jpeg 696w, https:\/\/socialwatch.bj\/wp-content\/uploads\/2023\/08\/Photo-3-Djougou--560x420.jpeg 560w\" sizes=\"auto, (max-width: 1008px) 100vw, 1008px\" \/><figcaption id=\"caption-attachment-3589\" class=\"wp-caption-text\">Le pr\u00e9sidium \u00e0 l&#8217;ouverture de l&#8217;atelier<\/figcaption><\/figure>\n<p>Selon monsieur Isma\u00ebl Paraiso, chef bureau UNICEF bas\u00e9 \u00e0 Natitingou, la situation des enfants et des adolescentes dans l\u2019Atacora n\u2019est pas reluisante.\u00a0 Il a expliqu\u00e9 que n\u2019ayant pas assez de ressources\u00a0 pour r\u00e9gler tous les probl\u00e8mes, l\u2019UNICEF travaille pour amener les acteurs notamment les \u00e9lus et les cadres ainsi que les OSC locales \u00e0 s\u2019engager pour la budg\u00e9tisation sensible aux enfants dans la planification et la mise en \u0153uvre des projets et programmes au niveau des collectivit\u00e9s territoriales.<\/p>\n<p>L\u2019UNICEF esp\u00e8re que cette formation sera d\u2019un grand int\u00e9r\u00eat pour la cause des enfants au niveau des diff\u00e9rentes mairies.<\/p>\n<p>Monsieur Charifoudine ABOUDOU AZ Donga, Repr\u00e9sentant la Pr\u00e9sidente du Conseil d&#8217;administration de Social Watch B\u00e9nin, a remerci\u00e9 les participants pour leur pr\u00e9sence \u00e0 cet atelier et a rappel\u00e9 que la budg\u00e9tisation sensible aux enfants est un travail qui n\u00e9cessite la collaboration de tous les acteurs. Il a remerci\u00e9 l\u2019UNICEF pour son appui technique et financier \u00e0 Social Watch dans le cadre du\u00a0 plaidoyer en faveur des secteurs sociaux.<\/p>\n<p>&nbsp;<\/p>\n","protected":false},"excerpt":{"rendered":"<p>En vue du renforcement et de l\u2019instauration de la culture de la transparence budg\u00e9taire\u00a0 en faveur d&#8217;une budg\u00e9tisation sensible aux enfants au niveau local, Social Watch B\u00e9nin organise du 16 au 18 Ao\u00fbt 2023 \u00e0 l\u2019h\u00f4tel CATHAS de Djougou, un atelier de\u00a0 renforcement de capacit\u00e9s des \u00e9lus locaux, des cadres communaux et pr\u00e9fectoraux et des [&hellip;]<\/p>\n","protected":false},"author":10,"featured_media":3596,"comment_status":"open","ping_status":"open","sticky":false,"template":"","format":"standard","meta":{"amp_status":"enabled","footnotes":""},"categories":[63],"tags":[],"class_list":{"0":"post-3586","1":"post","2":"type-post","3":"status-publish","4":"format-standard","5":"has-post-thumbnail","7":"category-unicef"},"jetpack_featured_media_url":"https:\/\/socialwatch.bj\/wp-content\/uploads\/2023\/08\/Famille-Unicef.jpg","_links":{"self":[{"href":"https:\/\/socialwatch.bj\/index.php?rest_route=\/wp\/v2\/posts\/3586","targetHints":{"allow":["GET"]}}],"collection":[{"href":"https:\/\/socialwatch.bj\/index.php?rest_route=\/wp\/v2\/posts"}],"about":[{"href":"https:\/\/socialwatch.bj\/index.php?rest_route=\/wp\/v2\/types\/post"}],"author":[{"embeddable":true,"href":"https:\/\/socialwatch.bj\/index.php?rest_route=\/wp\/v2\/users\/10"}],"replies":[{"embeddable":true,"href":"https:\/\/socialwatch.bj\/index.php?rest_route=%2Fwp%2Fv2%2Fcomments&post=3586"}],"version-history":[{"count":6,"href":"https:\/\/socialwatch.bj\/index.php?rest_route=\/wp\/v2\/posts\/3586\/revisions"}],"predecessor-version":[{"id":3597,"href":"https:\/\/socialwatch.bj\/index.php?rest_route=\/wp\/v2\/posts\/3586\/revisions\/3597"}],"wp:featuredmedia":[{"embeddable":true,"href":"https:\/\/socialwatch.bj\/index.php?rest_route=\/wp\/v2\/media\/3596"}],"wp:attachment":[{"href":"https:\/\/socialwatch.bj\/index.php?rest_route=%2Fwp%2Fv2%2Fmedia&parent=3586"}],"wp:term":[{"taxonomy":"category","embeddable":true,"href":"https:\/\/socialwatch.bj\/index.php?rest_route=%2Fwp%2Fv2%2Fcategories&post=3586"},{"taxonomy":"post_tag","embeddable":true,"href":"https:\/\/socialwatch.bj\/index.php?rest_route=%2Fwp%2Fv2%2Ftags&post=3586"}],"curies":[{"name":"wp","href":"https:\/\/api.w.org\/{rel}","templated":true}]}}