{"id":3715,"date":"2023-10-29T11:34:38","date_gmt":"2023-10-29T10:34:38","guid":{"rendered":"https:\/\/socialwatch.bj\/?p=3715"},"modified":"2023-11-15T10:57:01","modified_gmt":"2023-11-15T09:57:01","slug":"budgetisation-sensible-aux-enfants-finances-publiques-pour-les-enfants-social-watch-benin-etait-avec-ses-pairs-en-face-des-deputes","status":"publish","type":"post","link":"https:\/\/socialwatch.bj\/?p=3715","title":{"rendered":"Budg\u00e9tisation Sensible aux Enfants \/ Finances Publiques pour les Enfants : Social Watch B\u00e9nin \u00e9tait avec ses pairs en face des d\u00e9put\u00e9s"},"content":{"rendered":"<p>Dans le cadre de son partenariat avec l\u2019UNICEF, le r\u00e9seau Social Watch B\u00e9nin a organis\u00e9 ce vendredi 27 octobre 2023 avec les honorables d\u00e9put\u00e9s de la neuvi\u00e8me l\u00e9gislature, membres du r\u00e9seau parlementaire \u2018\u2019Population et D\u00e9veloppement \u2018\u2019 un atelier d\u2019\u00e9changes sur la probl\u00e9matique des finances publiques sensibles aux enfants au cours duquel la coalition des Organisations de la soci\u00e9t\u00e9 civile conduite par Social Watch B\u00e9nin a fait en faveur des enfants un plaidoyer pour la promotion et de la protection de leurs droits. C\u2019est l\u2019h\u00e9micycle de l\u2019Assembl\u00e9e Nationale qui a servi de cadre aux travaux dudit atelier.<\/p>\n<p>Echanger avec les d\u00e9put\u00e9s sur la situation des enfants au B\u00e9nin et les d\u00e9fis inh\u00e9rents \u00e0 leur mieux-\u00eatre dans les diff\u00e9rents secteurs sociaux ainsi que la n\u00e9cessit\u00e9 d\u2019investir sur les enfants d\u2019une part, et les sensibiliser sur les finances publiques sensibles aux enfants et leur r\u00f4le dans l\u2019allocation de meilleures ressources aux secteurs sociaux les affectant ainsi que dans le contr\u00f4le de la qualit\u00e9 des d\u00e9penses desdits secteurs.<\/p>\n<p>Tels sont les objectifs de l\u2019atelier qui a r\u00e9uni aussi bien les honorables d\u00e9put\u00e9s du R\u00e9seau Parlementaire \u2018\u2019Population et D\u00e9veloppement\u2019\u2019 que les OSC membres de la coalition de d\u00e9fense des droits des enfants compos\u00e9e de Social Watch B\u00e9nin, ALCRER, du CANEA, du RIFONGA-B\u00e9nin, de la FAPHB, du FODDEB, de l\u2019ANACEB et de Educo.<\/p>\n<p>Trois temps forts que sont la c\u00e9r\u00e9monie d\u2019ouverture de l\u2019atelier, la pr\u00e9sentation de deux communications suivies de d\u00e9bats et enfin la remise au R\u00e9seau Parlementaire \u2018\u2019Population et D\u00e9veloppement\u2019\u2019 du document de plaidoyer des enfants pour leur implication et l\u2019engagement des d\u00e9put\u00e9s en faveur de leur cause.<\/p>\n<figure id=\"attachment_3717\" aria-describedby=\"caption-attachment-3717\" style=\"width: 696px\" class=\"wp-caption alignnone\"><img loading=\"lazy\" decoding=\"async\" class=\"wp-image-3717 size-large\" src=\"https:\/\/socialwatch.bj\/wp-content\/uploads\/2023\/10\/WhatsApp-Image-2023-10-27-at-16.44.13-1024x768.jpeg\" alt=\"\" width=\"696\" height=\"522\" srcset=\"https:\/\/socialwatch.bj\/wp-content\/uploads\/2023\/10\/WhatsApp-Image-2023-10-27-at-16.44.13-1024x768.jpeg 1024w, https:\/\/socialwatch.bj\/wp-content\/uploads\/2023\/10\/WhatsApp-Image-2023-10-27-at-16.44.13-300x225.jpeg 300w, https:\/\/socialwatch.bj\/wp-content\/uploads\/2023\/10\/WhatsApp-Image-2023-10-27-at-16.44.13-768x576.jpeg 768w, https:\/\/socialwatch.bj\/wp-content\/uploads\/2023\/10\/WhatsApp-Image-2023-10-27-at-16.44.13-1536x1152.jpeg 1536w, https:\/\/socialwatch.bj\/wp-content\/uploads\/2023\/10\/WhatsApp-Image-2023-10-27-at-16.44.13-80x60.jpeg 80w, https:\/\/socialwatch.bj\/wp-content\/uploads\/2023\/10\/WhatsApp-Image-2023-10-27-at-16.44.13-265x198.jpeg 265w, https:\/\/socialwatch.bj\/wp-content\/uploads\/2023\/10\/WhatsApp-Image-2023-10-27-at-16.44.13-696x522.jpeg 696w, https:\/\/socialwatch.bj\/wp-content\/uploads\/2023\/10\/WhatsApp-Image-2023-10-27-at-16.44.13-1068x801.jpeg 1068w, https:\/\/socialwatch.bj\/wp-content\/uploads\/2023\/10\/WhatsApp-Image-2023-10-27-at-16.44.13-560x420.jpeg 560w, https:\/\/socialwatch.bj\/wp-content\/uploads\/2023\/10\/WhatsApp-Image-2023-10-27-at-16.44.13.jpeg 1600w\" sizes=\"auto, (max-width: 696px) 100vw, 696px\" \/><figcaption id=\"caption-attachment-3717\" class=\"wp-caption-text\">L&#8217;honorable Sofiatou SCHANOU et la r\u00e9pr\u00e9sentante de la Pr\u00e9sidente de Social Watch B\u00e9nin, Marie Odile KINTOSSOU proc\u00e9dandant \u00e0 l&#8217;ouverture des travaux.<\/figcaption><\/figure>\n<p>Apr\u00e8s la c\u00e9r\u00e9monie d\u2019ouverture marqu\u00e9e par les deux allocutions prononc\u00e9es l\u2019une par Madame Marie-Claude AGLIGO KINTOSSOU, repr\u00e9sentante de la Pr\u00e9sidente de Social Watch B\u00e9nin et l\u2019autre par l\u2019Honorable Sofiatou SCHANOU, l\u2019honneur est revenu \u00e0 Madame Pamela AGBOZO, Responsable des Programmes de Social Watch B\u00e9nin de pr\u00e9senter, \u00e0 l\u2019ensemble des d\u00e9put\u00e9s et cadres de l\u2019Assembl\u00e9e Nationale pr\u00e9sents, deux communications au cours desquelles non seulement l\u2019\u00e9tat des lieux de la situation des enfants au B\u00e9nin a \u00e9t\u00e9 fait mais \u00e9galement les raisons pour lesquelles il importe d\u2019investir sur les enfants ont \u00e9t\u00e9 suffisamment \u00e9voqu\u00e9es.<\/p>\n<figure id=\"attachment_3718\" aria-describedby=\"caption-attachment-3718\" style=\"width: 696px\" class=\"wp-caption alignnone\"><img loading=\"lazy\" decoding=\"async\" class=\"wp-image-3718 size-large\" src=\"https:\/\/socialwatch.bj\/wp-content\/uploads\/2023\/10\/WhatsApp-Image-2023-10-27-at-16.40.38-1024x768.jpeg\" alt=\"\" width=\"696\" height=\"522\" srcset=\"https:\/\/socialwatch.bj\/wp-content\/uploads\/2023\/10\/WhatsApp-Image-2023-10-27-at-16.40.38-1024x768.jpeg 1024w, https:\/\/socialwatch.bj\/wp-content\/uploads\/2023\/10\/WhatsApp-Image-2023-10-27-at-16.40.38-300x225.jpeg 300w, https:\/\/socialwatch.bj\/wp-content\/uploads\/2023\/10\/WhatsApp-Image-2023-10-27-at-16.40.38-768x576.jpeg 768w, https:\/\/socialwatch.bj\/wp-content\/uploads\/2023\/10\/WhatsApp-Image-2023-10-27-at-16.40.38-1536x1152.jpeg 1536w, https:\/\/socialwatch.bj\/wp-content\/uploads\/2023\/10\/WhatsApp-Image-2023-10-27-at-16.40.38-80x60.jpeg 80w, https:\/\/socialwatch.bj\/wp-content\/uploads\/2023\/10\/WhatsApp-Image-2023-10-27-at-16.40.38-265x198.jpeg 265w, https:\/\/socialwatch.bj\/wp-content\/uploads\/2023\/10\/WhatsApp-Image-2023-10-27-at-16.40.38-696x522.jpeg 696w, https:\/\/socialwatch.bj\/wp-content\/uploads\/2023\/10\/WhatsApp-Image-2023-10-27-at-16.40.38-1068x801.jpeg 1068w, https:\/\/socialwatch.bj\/wp-content\/uploads\/2023\/10\/WhatsApp-Image-2023-10-27-at-16.40.38-560x420.jpeg 560w, https:\/\/socialwatch.bj\/wp-content\/uploads\/2023\/10\/WhatsApp-Image-2023-10-27-at-16.40.38.jpeg 1600w\" sizes=\"auto, (max-width: 696px) 100vw, 696px\" \/><figcaption id=\"caption-attachment-3718\" class=\"wp-caption-text\">La coalition de d\u00e9fense des droits des enfants compos\u00e9e de Social Watch B\u00e9nin, ALCRER, du CANEA, du RIFONGA-B\u00e9nin, de la FAPHB, du FODDEB, de l\u2019ANACEB et de Educo.<\/figcaption><\/figure>\n<p>A sa suite, Monsieur F\u00e9lix ADEGNIKA, Vice-Pr\u00e9sident du Cadre des Acteurs Non Etatiques du secteur Eau et Assainissement du B\u00e9nin (CANEA) a pr\u00e9sent\u00e9 la situation des enfants dans les secteurs Eau, Hygi\u00e8ne et Assainissement o\u00f9, tout en reconnaissant les efforts faits dans le secteur de l\u2019eau, il a invit\u00e9 les Honorables \u00e0 \u00eatre plus regardants sur l\u2019hygi\u00e8ne et l\u2019Assainissement. Ce dernier a \u00e9t\u00e9 suivi de Madame ADEBIYI ADAM Sadia, de Messieurs BIAOU Bio Romulus et Fiacre AKPONDEHOU, respectivement Vice-Pr\u00e9sident du R\u00e9seau pour l&#8217;Int\u00e9gration des Femmes des Organisations Non Gouvernementales et Associations Africaines (Rifonga)-B\u00e9nin, repr\u00e9sentant de la F\u00e9d\u00e9ration des Associations de Personnes Handicap\u00e9es du B\u00e9nin (FAPHB) et Charg\u00e9 de Programmes \u00e0 Educo. Ces communications, si \u00e9vocatrices des d\u00e9fis li\u00e9s \u00e0 l\u2019\u00e9ducation en tous points de vue, ont donn\u00e9 l\u2019occasion \u00e0 de riches d\u00e9bats montrant combien de fois toutes les composantes de la soci\u00e9t\u00e9 devraient accorder une importance aux enfants pour la construction d\u2019une nation unie avec elle-m\u00eame.<\/p>\n<figure id=\"attachment_3719\" aria-describedby=\"caption-attachment-3719\" style=\"width: 696px\" class=\"wp-caption alignnone\"><img loading=\"lazy\" decoding=\"async\" class=\"wp-image-3719 size-large\" src=\"https:\/\/socialwatch.bj\/wp-content\/uploads\/2023\/10\/WhatsApp-Image-2023-10-27-at-16.45.26-1024x768.jpeg\" alt=\"\" width=\"696\" height=\"522\" srcset=\"https:\/\/socialwatch.bj\/wp-content\/uploads\/2023\/10\/WhatsApp-Image-2023-10-27-at-16.45.26-1024x768.jpeg 1024w, https:\/\/socialwatch.bj\/wp-content\/uploads\/2023\/10\/WhatsApp-Image-2023-10-27-at-16.45.26-300x225.jpeg 300w, https:\/\/socialwatch.bj\/wp-content\/uploads\/2023\/10\/WhatsApp-Image-2023-10-27-at-16.45.26-768x576.jpeg 768w, https:\/\/socialwatch.bj\/wp-content\/uploads\/2023\/10\/WhatsApp-Image-2023-10-27-at-16.45.26-1536x1152.jpeg 1536w, https:\/\/socialwatch.bj\/wp-content\/uploads\/2023\/10\/WhatsApp-Image-2023-10-27-at-16.45.26-80x60.jpeg 80w, https:\/\/socialwatch.bj\/wp-content\/uploads\/2023\/10\/WhatsApp-Image-2023-10-27-at-16.45.26-265x198.jpeg 265w, https:\/\/socialwatch.bj\/wp-content\/uploads\/2023\/10\/WhatsApp-Image-2023-10-27-at-16.45.26-696x522.jpeg 696w, https:\/\/socialwatch.bj\/wp-content\/uploads\/2023\/10\/WhatsApp-Image-2023-10-27-at-16.45.26-1068x801.jpeg 1068w, https:\/\/socialwatch.bj\/wp-content\/uploads\/2023\/10\/WhatsApp-Image-2023-10-27-at-16.45.26-560x420.jpeg 560w, https:\/\/socialwatch.bj\/wp-content\/uploads\/2023\/10\/WhatsApp-Image-2023-10-27-at-16.45.26.jpeg 1600w\" sizes=\"auto, (max-width: 696px) 100vw, 696px\" \/><figcaption id=\"caption-attachment-3719\" class=\"wp-caption-text\">Des honorabes d\u00e9put\u00e9s<\/figcaption><\/figure>\n<p>Au terme des d\u00e9bats, l\u2019Honorable Sofiatou SCHANOU, Coordonnatrice du R\u00e9seau Parlementaire \u2018\u2019Population et D\u00e9veloppement\u2019\u2019, a exprim\u00e9 au r\u00e9seau Social Watch B\u00e9nin les remerciements des membres du R\u00e9seau Parlementaire \u2018\u2019Population et D\u00e9veloppement\u2019\u2019 et ceux des autres d\u00e9put\u00e9s pour avoir initi\u00e9 cet atelier d\u2019\u00e9changes avec eux au bon moment, \u00e0 la veille de la session budg\u00e9taire. Au nom du R\u00e9seau, elle s\u2019est engag\u00e9e pour \u0153uvrer \u00e0 l\u2019am\u00e9lioration des situations des enfants dans le pays. A cet effet, elle a \u00e9galement annonc\u00e9 une s\u00e9rie d\u2019activit\u00e9s devant les conduire sur le terrain pour constater les situations des enfants notamment au niveau du fonctionnement des cantines scolaires dans le pays afin d\u2019agir en cons\u00e9quence pour leur am\u00e9lioration.<\/p>\n<p><img loading=\"lazy\" decoding=\"async\" class=\"alignnone size-large wp-image-3720\" src=\"https:\/\/socialwatch.bj\/wp-content\/uploads\/2023\/10\/WhatsApp-Image-2023-10-27-at-16.42.53-1024x768.jpeg\" alt=\"\" width=\"696\" height=\"522\" srcset=\"https:\/\/socialwatch.bj\/wp-content\/uploads\/2023\/10\/WhatsApp-Image-2023-10-27-at-16.42.53-1024x768.jpeg 1024w, https:\/\/socialwatch.bj\/wp-content\/uploads\/2023\/10\/WhatsApp-Image-2023-10-27-at-16.42.53-300x225.jpeg 300w, https:\/\/socialwatch.bj\/wp-content\/uploads\/2023\/10\/WhatsApp-Image-2023-10-27-at-16.42.53-768x576.jpeg 768w, https:\/\/socialwatch.bj\/wp-content\/uploads\/2023\/10\/WhatsApp-Image-2023-10-27-at-16.42.53-1536x1152.jpeg 1536w, https:\/\/socialwatch.bj\/wp-content\/uploads\/2023\/10\/WhatsApp-Image-2023-10-27-at-16.42.53-80x60.jpeg 80w, https:\/\/socialwatch.bj\/wp-content\/uploads\/2023\/10\/WhatsApp-Image-2023-10-27-at-16.42.53-265x198.jpeg 265w, https:\/\/socialwatch.bj\/wp-content\/uploads\/2023\/10\/WhatsApp-Image-2023-10-27-at-16.42.53-696x522.jpeg 696w, https:\/\/socialwatch.bj\/wp-content\/uploads\/2023\/10\/WhatsApp-Image-2023-10-27-at-16.42.53-1068x801.jpeg 1068w, https:\/\/socialwatch.bj\/wp-content\/uploads\/2023\/10\/WhatsApp-Image-2023-10-27-at-16.42.53-560x420.jpeg 560w, https:\/\/socialwatch.bj\/wp-content\/uploads\/2023\/10\/WhatsApp-Image-2023-10-27-at-16.42.53.jpeg 1600w\" sizes=\"auto, (max-width: 696px) 100vw, 696px\" \/><br \/>\nA la fin des d\u00e9bats, Mademoiselle Roxane AKOTOME a remis, apr\u00e8s en avoir partag\u00e9 le contenu avec l\u2019assistance, le document de plaidoyer pr\u00e9sentant leurs points d\u2019attention sur le r\u00f4le du d\u00e9put\u00e9 en mati\u00e8re de finances publiques sensibles aux enfants.<\/p>\n<figure id=\"attachment_3721\" aria-describedby=\"caption-attachment-3721\" style=\"width: 696px\" class=\"wp-caption alignnone\"><img loading=\"lazy\" decoding=\"async\" class=\"wp-image-3721 size-large\" src=\"https:\/\/socialwatch.bj\/wp-content\/uploads\/2023\/10\/WhatsApp-Image-2023-10-27-at-16.44.15-1024x768.jpeg\" alt=\"\" width=\"696\" height=\"522\" srcset=\"https:\/\/socialwatch.bj\/wp-content\/uploads\/2023\/10\/WhatsApp-Image-2023-10-27-at-16.44.15-1024x768.jpeg 1024w, https:\/\/socialwatch.bj\/wp-content\/uploads\/2023\/10\/WhatsApp-Image-2023-10-27-at-16.44.15-300x225.jpeg 300w, https:\/\/socialwatch.bj\/wp-content\/uploads\/2023\/10\/WhatsApp-Image-2023-10-27-at-16.44.15-768x576.jpeg 768w, https:\/\/socialwatch.bj\/wp-content\/uploads\/2023\/10\/WhatsApp-Image-2023-10-27-at-16.44.15-1536x1152.jpeg 1536w, https:\/\/socialwatch.bj\/wp-content\/uploads\/2023\/10\/WhatsApp-Image-2023-10-27-at-16.44.15-80x60.jpeg 80w, https:\/\/socialwatch.bj\/wp-content\/uploads\/2023\/10\/WhatsApp-Image-2023-10-27-at-16.44.15-265x198.jpeg 265w, https:\/\/socialwatch.bj\/wp-content\/uploads\/2023\/10\/WhatsApp-Image-2023-10-27-at-16.44.15-696x522.jpeg 696w, https:\/\/socialwatch.bj\/wp-content\/uploads\/2023\/10\/WhatsApp-Image-2023-10-27-at-16.44.15-1068x801.jpeg 1068w, https:\/\/socialwatch.bj\/wp-content\/uploads\/2023\/10\/WhatsApp-Image-2023-10-27-at-16.44.15-560x420.jpeg 560w, https:\/\/socialwatch.bj\/wp-content\/uploads\/2023\/10\/WhatsApp-Image-2023-10-27-at-16.44.15.jpeg 1600w\" sizes=\"auto, (max-width: 696px) 100vw, 696px\" \/><figcaption id=\"caption-attachment-3721\" class=\"wp-caption-text\">Mademoiselle Roxane AKOTOME remettant son document de plaidoyer \u00e0 l&#8217;honorable Sofiatou SCHANOU<\/figcaption><\/figure>\n","protected":false},"excerpt":{"rendered":"<p>Dans le cadre de son partenariat avec l\u2019UNICEF, le r\u00e9seau Social Watch B\u00e9nin a organis\u00e9 ce vendredi 27 octobre 2023 avec les honorables d\u00e9put\u00e9s de la neuvi\u00e8me l\u00e9gislature, membres du r\u00e9seau parlementaire \u2018\u2019Population et D\u00e9veloppement \u2018\u2019 un atelier d\u2019\u00e9changes sur la probl\u00e9matique des finances publiques sensibles aux enfants au cours duquel la coalition des Organisations [&hellip;]<\/p>\n","protected":false},"author":10,"featured_media":3716,"comment_status":"open","ping_status":"open","sticky":false,"template":"","format":"standard","meta":{"amp_status":"","footnotes":""},"categories":[34,63],"tags":[],"class_list":{"0":"post-3715","1":"post","2":"type-post","3":"status-publish","4":"format-standard","5":"has-post-thumbnail","7":"category-activites","8":"category-unicef"},"jetpack_featured_media_url":"https:\/\/socialwatch.bj\/wp-content\/uploads\/2023\/10\/WhatsApp-Image-2023-10-27-at-18.35.47.jpeg","_links":{"self":[{"href":"https:\/\/socialwatch.bj\/index.php?rest_route=\/wp\/v2\/posts\/3715","targetHints":{"allow":["GET"]}}],"collection":[{"href":"https:\/\/socialwatch.bj\/index.php?rest_route=\/wp\/v2\/posts"}],"about":[{"href":"https:\/\/socialwatch.bj\/index.php?rest_route=\/wp\/v2\/types\/post"}],"author":[{"embeddable":true,"href":"https:\/\/socialwatch.bj\/index.php?rest_route=\/wp\/v2\/users\/10"}],"replies":[{"embeddable":true,"href":"https:\/\/socialwatch.bj\/index.php?rest_route=%2Fwp%2Fv2%2Fcomments&post=3715"}],"version-history":[{"count":4,"href":"https:\/\/socialwatch.bj\/index.php?rest_route=\/wp\/v2\/posts\/3715\/revisions"}],"predecessor-version":[{"id":3739,"href":"https:\/\/socialwatch.bj\/index.php?rest_route=\/wp\/v2\/posts\/3715\/revisions\/3739"}],"wp:featuredmedia":[{"embeddable":true,"href":"https:\/\/socialwatch.bj\/index.php?rest_route=\/wp\/v2\/media\/3716"}],"wp:attachment":[{"href":"https:\/\/socialwatch.bj\/index.php?rest_route=%2Fwp%2Fv2%2Fmedia&parent=3715"}],"wp:term":[{"taxonomy":"category","embeddable":true,"href":"https:\/\/socialwatch.bj\/index.php?rest_route=%2Fwp%2Fv2%2Fcategories&post=3715"},{"taxonomy":"post_tag","embeddable":true,"href":"https:\/\/socialwatch.bj\/index.php?rest_route=%2Fwp%2Fv2%2Ftags&post=3715"}],"curies":[{"name":"wp","href":"https:\/\/api.w.org\/{rel}","templated":true}]}}