{"id":3725,"date":"2023-10-31T17:52:30","date_gmt":"2023-10-31T16:52:30","guid":{"rendered":"https:\/\/socialwatch.bj\/?p=3725"},"modified":"2023-10-31T17:54:09","modified_gmt":"2023-10-31T16:54:09","slug":"cadre-juridique-et-legal-lie-aux-services-ecosystemiques-au-benin","status":"publish","type":"post","link":"https:\/\/socialwatch.bj\/?p=3725","title":{"rendered":"Cadre juridique et l\u00e9gal li\u00e9 aux Services \u00c9cosyst\u00e9miques au B\u00e9nin"},"content":{"rendered":"<p>C\u2019est aux termes des travaux de l\u2019atelier qu\u2019il a organis\u00e9 au Chant d\u2019Oiseau \u00e0 Cotonou ce mardi 31 octobre 2023 que le rapport diagnostic du cadre juridique\/l\u00e9gal, des droits et devoirs des citoyens en lien avec la protection des services \u00e9cosyst\u00e9miques et l\u2019analyse participative des acteurs surtout des femmes commandit\u00e9 par Social Watch B\u00e9nin avec l\u2019appui financier de Join For Water a \u00e9t\u00e9 valid\u00e9. Ont pris part \u00e0 cet atelier \u00e0 travers leurs repr\u00e9sentants la Direction de la Biomasse Energie et de la Valorisation des Ressources Foresti\u00e8res, la Direction G\u00e9n\u00e9rale des Eaux, For\u00eats et Chasse, la Direction de la planification et de la programmation du service de l&#8217;Eau, les \u00e9lus et cadres des services communaux ainsi que les membres de CPC et Associations des Consommateurs d\u2019Eau Potable des communes d\u2019Adjohoun, d\u2019Athi\u00e9m\u00e9 et de Dangbo.<\/p>\n<p>Sous la conduite du pr\u00e9sidium dirig\u00e9 par M. Armel Constant PANDA, collaborateur du Directeur de la planification et de la programmation du service de l&#8217;Eau et comprenant Mme Cr\u00e9pine DENAKPO, membre de la CPC Dangbo et M. Abel DJOSSA, Responsable du Groupe Th\u00e9matique Eau, les travaux de l\u2019atelier se sont d\u00e9roul\u00e9s en deux grandes phases.<\/p>\n<p>La premi\u00e8re est celle de la pr\u00e9sentation des r\u00e9sultats de l\u2019\u00e9tude par la consultante et la seconde a \u00e9t\u00e9 consacr\u00e9e aux travaux de groupes qui ont permis aux participants de faire des compl\u00e9ments en ce qui concerne les textes r\u00e9glementaires, les outils, les strat\u00e9gies et initiatives de r\u00e9duction de la vuln\u00e9rabilit\u00e9 des couches d\u00e9favoris\u00e9es et de plaidoyer ayant donn\u00e9 des r\u00e9sultats satisfaisants.<\/p>\n<p>Comme r\u00e9sultats de l\u2019\u00e9tude, la consultante, Mme Aurore BIOKOU EGOULETY, a pr\u00e9sent\u00e9 l\u2019inventaire du m\u00e9canisme de r\u00e9glementation des droits et devoirs des citoyens li\u00e9s aux services \u00e9cosyst\u00e9miques. Sur ce point, elle a abord\u00e9 les droits et devoirs des citoyens en rapport aux services \u00e9cosyst\u00e9miques li\u00e9s aux Ressources en Eau et aux \u00e9cosyst\u00e8mes aquatiques et au foncier dans les Zones humides. L\u2019arsenal juridique li\u00e9 aux droits et devoirs des citoyens dans la r\u00e9glementation des services \u00e9cosyst\u00e9miques et l\u2019analyse de l\u2019arsenal juridique et de l\u2019approche genre li\u00e9s aux droits et devoirs des acteurs dans la r\u00e9glementation et la r\u00e9gulation des services \u00e9cosyst\u00e9miques li\u00e9s aux ressources en eau et aux \u00e9cosyst\u00e8mes aquatiques et le foncier en zones humides ont \u00e9t\u00e9 pr\u00e9sent\u00e9s par la consultante. Pour finir sa pr\u00e9sentation, Mme Aurore BIOKOU EGOULETY a partag\u00e9 avec l\u2019assistance les actions de protection des services \u00e9cosyst\u00e9miques \u00e0 travers l\u2019\u00e9valuation de la veille citoyenne GIRE, les pratiques de plaidoyer men\u00e9es en faveur de la protection et la conservation des ressources en eau.<\/p>\n<p>A sa suite, les participants sont intervenus pour faire des contributions au document en termes de strat\u00e9gies et initiatives de r\u00e9duction de la vuln\u00e9rabilit\u00e9 des couches d\u00e9favoris\u00e9es et de plaidoyer ayant donn\u00e9 des r\u00e9sultats satisfaisants.<br \/>\nNotons qu\u2019\u00e0 l\u2019ouverture de l\u2019atelier, deux allocutions ont \u00e9t\u00e9 respectivement prononc\u00e9es par M. Franck ADAMANDO, Administrateur de Zone du L\u2019Atlantique de Social Watch B\u00e9nin repr\u00e9sentant la Pr\u00e9sidente de Social Watch B\u00e9nin d\u2019une part, et Mme Christelle PHILLIPE, la Capitaine des Eaux et For\u00eats repr\u00e9sentant la Direction G\u00e9n\u00e9rale des Eaux et For\u00eats\u00a0et\u00a0Chasse.<\/p>\n","protected":false},"excerpt":{"rendered":"<p>C\u2019est aux termes des travaux de l\u2019atelier qu\u2019il a organis\u00e9 au Chant d\u2019Oiseau \u00e0 Cotonou ce mardi 31 octobre 2023 que le rapport diagnostic du cadre juridique\/l\u00e9gal, des droits et devoirs des citoyens en lien avec la protection des services \u00e9cosyst\u00e9miques et l\u2019analyse participative des acteurs surtout des femmes commandit\u00e9 par Social Watch B\u00e9nin avec [&hellip;]<\/p>\n","protected":false},"author":1,"featured_media":3726,"comment_status":"open","ping_status":"open","sticky":false,"template":"","format":"standard","meta":{"amp_status":"","footnotes":""},"categories":[34,347],"tags":[349,348],"class_list":{"0":"post-3725","1":"post","2":"type-post","3":"status-publish","4":"format-standard","5":"has-post-thumbnail","7":"category-activites","8":"category-myp5","9":"tag-myp5","10":"tag-odd6"},"jetpack_featured_media_url":"https:\/\/socialwatch.bj\/wp-content\/uploads\/2023\/10\/WhatsApp-Image-2023-10-31-a-11.28.28_76430247.jpg","_links":{"self":[{"href":"https:\/\/socialwatch.bj\/index.php?rest_route=\/wp\/v2\/posts\/3725","targetHints":{"allow":["GET"]}}],"collection":[{"href":"https:\/\/socialwatch.bj\/index.php?rest_route=\/wp\/v2\/posts"}],"about":[{"href":"https:\/\/socialwatch.bj\/index.php?rest_route=\/wp\/v2\/types\/post"}],"author":[{"embeddable":true,"href":"https:\/\/socialwatch.bj\/index.php?rest_route=\/wp\/v2\/users\/1"}],"replies":[{"embeddable":true,"href":"https:\/\/socialwatch.bj\/index.php?rest_route=%2Fwp%2Fv2%2Fcomments&post=3725"}],"version-history":[{"count":1,"href":"https:\/\/socialwatch.bj\/index.php?rest_route=\/wp\/v2\/posts\/3725\/revisions"}],"predecessor-version":[{"id":3727,"href":"https:\/\/socialwatch.bj\/index.php?rest_route=\/wp\/v2\/posts\/3725\/revisions\/3727"}],"wp:featuredmedia":[{"embeddable":true,"href":"https:\/\/socialwatch.bj\/index.php?rest_route=\/wp\/v2\/media\/3726"}],"wp:attachment":[{"href":"https:\/\/socialwatch.bj\/index.php?rest_route=%2Fwp%2Fv2%2Fmedia&parent=3725"}],"wp:term":[{"taxonomy":"category","embeddable":true,"href":"https:\/\/socialwatch.bj\/index.php?rest_route=%2Fwp%2Fv2%2Fcategories&post=3725"},{"taxonomy":"post_tag","embeddable":true,"href":"https:\/\/socialwatch.bj\/index.php?rest_route=%2Fwp%2Fv2%2Ftags&post=3725"}],"curies":[{"name":"wp","href":"https:\/\/api.w.org\/{rel}","templated":true}]}}