{"id":3730,"date":"2023-11-09T09:36:51","date_gmt":"2023-11-09T08:36:51","guid":{"rendered":"https:\/\/socialwatch.bj\/?p=3730"},"modified":"2023-11-09T09:36:51","modified_gmt":"2023-11-09T08:36:51","slug":"07-novembre-2019-07-novembre-2023-an-4-de-la-creation-de-la-cour-des-comptes-du-benin","status":"publish","type":"post","link":"https:\/\/socialwatch.bj\/?p=3730","title":{"rendered":"07 novembre 2019 \u2013 07 novembre 2023 : An 4 de la cr\u00e9ation de la Cour des comptes du B\u00e9nin"},"content":{"rendered":"<div dir=\"auto\">La r\u00e9forme constitutionnelle consacr\u00e9e par la loi n\u00b02019-40 du 7 novembre 2019 portant modification de la loi n\u00b090-032 du 11 d\u00e9cembre 1990 portant constitution de la R\u00e9publique du B\u00e9nin a permis de doter le pays d\u2019une Cour des comptes, conform\u00e9ment \u00e0 la directive n\u00b002\/2000 du 29 juin 2000 de l\u2019UEMOA portant adoption du code de transparence dans la gestion des finances publiques par les Etats membres qui fait de la Cour des comptes, la cl\u00e9 de vo\u00fbte optimale et r\u00e9guli\u00e8re des finances publiques.<\/div>\n<div dir=\"auto\">Il a fallu 25 ans pour que cette grande arl\u00e9sienne des finances publiques qu\u2019est la Cour des comptes devienne r\u00e9alit\u00e9. Sa constitutionnalisation en tant qu\u2019Institution Sup\u00e9rieure de Contr\u00f4le (ISC) des finances publiques augure enfin des syst\u00e8mes financiers publics ax\u00e9s sur la d\u00e9mocratie financi\u00e8re au B\u00e9nin.<\/div>\n<div dir=\"auto\">A travers cette s\u00e9rie de 07 courtes vid\u00e9os, Social Watch B\u00e9nin, \u00e0 travers le Programme d\u2019Appui \u00e0 la Lutte contre l\u2019Impunit\u00e9 et au Renforcement de l\u2019Etat de Droit au B\u00e9nin (PALIRED) mis en \u0153uvre avec le co-financement de l\u2019Union europ\u00e9enne et de la Coop\u00e9ration suisse, vous emm\u00e8ne \u00e0 la d\u00e9couverte de la Haute Juridiction Financi\u00e8re.<\/p>\n<p>Suivez: <a href=\"https:\/\/www.youtube.com\/playlist?list=PLcMT2yMdJzi-Mp12lso1nNN1NKkQKxIMF&amp;si=LxFlMAfAAZKetdLr&amp;fbclid=IwAR2WMU2dlKJqX3zwlrglnHy6hv6j3OfbMxjZ8NZ3v2Z9Tu_pLJ0nUAPiHDk\">Les productions sur la cour des comptes<\/a><\/div>\n","protected":false},"excerpt":{"rendered":"<p>La r\u00e9forme constitutionnelle consacr\u00e9e par la loi n\u00b02019-40 du 7 novembre 2019 portant modification de la loi n\u00b090-032 du 11 d\u00e9cembre 1990 portant constitution de la R\u00e9publique du B\u00e9nin a permis de doter le pays d\u2019une Cour des comptes, conform\u00e9ment \u00e0 la directive n\u00b002\/2000 du 29 juin 2000 de l\u2019UEMOA portant adoption du code de [&hellip;]<\/p>\n","protected":false},"author":1,"featured_media":3732,"comment_status":"open","ping_status":"open","sticky":false,"template":"","format":"standard","meta":{"amp_status":"","footnotes":""},"categories":[1],"tags":[],"class_list":{"0":"post-3730","1":"post","2":"type-post","3":"status-publish","4":"format-standard","5":"has-post-thumbnail","7":"category-social-watch-benin"},"jetpack_featured_media_url":"https:\/\/socialwatch.bj\/wp-content\/uploads\/2023\/11\/lOGOCC-1.jpg","_links":{"self":[{"href":"https:\/\/socialwatch.bj\/index.php?rest_route=\/wp\/v2\/posts\/3730","targetHints":{"allow":["GET"]}}],"collection":[{"href":"https:\/\/socialwatch.bj\/index.php?rest_route=\/wp\/v2\/posts"}],"about":[{"href":"https:\/\/socialwatch.bj\/index.php?rest_route=\/wp\/v2\/types\/post"}],"author":[{"embeddable":true,"href":"https:\/\/socialwatch.bj\/index.php?rest_route=\/wp\/v2\/users\/1"}],"replies":[{"embeddable":true,"href":"https:\/\/socialwatch.bj\/index.php?rest_route=%2Fwp%2Fv2%2Fcomments&post=3730"}],"version-history":[{"count":1,"href":"https:\/\/socialwatch.bj\/index.php?rest_route=\/wp\/v2\/posts\/3730\/revisions"}],"predecessor-version":[{"id":3733,"href":"https:\/\/socialwatch.bj\/index.php?rest_route=\/wp\/v2\/posts\/3730\/revisions\/3733"}],"wp:featuredmedia":[{"embeddable":true,"href":"https:\/\/socialwatch.bj\/index.php?rest_route=\/wp\/v2\/media\/3732"}],"wp:attachment":[{"href":"https:\/\/socialwatch.bj\/index.php?rest_route=%2Fwp%2Fv2%2Fmedia&parent=3730"}],"wp:term":[{"taxonomy":"category","embeddable":true,"href":"https:\/\/socialwatch.bj\/index.php?rest_route=%2Fwp%2Fv2%2Fcategories&post=3730"},{"taxonomy":"post_tag","embeddable":true,"href":"https:\/\/socialwatch.bj\/index.php?rest_route=%2Fwp%2Fv2%2Ftags&post=3730"}],"curies":[{"name":"wp","href":"https:\/\/api.w.org\/{rel}","templated":true}]}}