{"id":3745,"date":"2023-11-14T22:15:11","date_gmt":"2023-11-14T21:15:11","guid":{"rendered":"https:\/\/socialwatch.bj\/?p=3745"},"modified":"2024-01-22T16:10:30","modified_gmt":"2024-01-22T15:10:30","slug":"projet-de-loi-de-finances-gestion-2024-le-document-de-plaidoyer-de-la-societe-civile-remis-aux-deputes","status":"publish","type":"post","link":"https:\/\/socialwatch.bj\/?p=3745","title":{"rendered":"Projet de Loi de finances, gestion 2024 : le document de plaidoyer de la soci\u00e9t\u00e9 civile remis aux d\u00e9put\u00e9s"},"content":{"rendered":"<p>Conduite par le Secr\u00e9taire Ex\u00e9cutif de Social Watch B\u00e9nin, la d\u00e9l\u00e9gation de la soci\u00e9t\u00e9 civile charg\u00e9e de pr\u00e9senter aux Honorables D\u00e9put\u00e9s le contenu du <a href=\"https:\/\/socialwatch.bj\/wp-admin\/admin-ajax.php?juwpfisadmin=false&amp;action=wpfd&amp;task=file.download&amp;wpfd_category_id=326&amp;wpfd_file_id=3748&amp;token=fd8ead33b01c6be9812a62f6012141e9&amp;preview=1\" target=\"_blank\" rel=\"noopener\">Document d&#8217;analyse et de plaidoyer de la soci\u00e9t\u00e9 civile sur le Projet de Loi de Finances gestion 2024<\/a> a \u00e9t\u00e9 re\u00e7ue ce jour au Parlement par la Commission des Finances et des Echanges \u00e0 l&#8217;occasion de la consultation des OSC sur le Projet de Loi de Finances (PLF) gestion 2024.<\/p>\n<p>A l&#8217;occasion, ledit document fut pr\u00e9sent\u00e9 \u00e0 tour de r\u00f4le par Jean-Pierre DEGUE, Secr\u00e9taire ex\u00e9cutif de Social Watch qui a salu\u00e9 les Honorables D\u00e9put\u00e9s de la Commission des Finances et des Echanges pour leur attention toujours renouvel\u00e9e \u00e0 l&#8217;endroit des OSC et Mr Franck SEDJRO du ReNOPAL qui a pr\u00e9sent\u00e9 les observations g\u00e9n\u00e9rales sur le PLF gestion 2024. Quant aux MM. F\u00e9lix ADEGNIKA, Pr\u00e9sident du CANEA ; Herv\u00e9 KINHA, Coordonnateur de la CBO-EPT et Mme C\u00e9lestine AMETEPE, Secr\u00e9taire de la PNUSS, ils ont respectivement expos\u00e9 les plaidoyers des secteurs de l&#8217;Eau, Hygi\u00e8ne et Assainissement; de l&#8217;Education et de la Sant\u00e9. Pour finir, le Secr\u00e9taire ex\u00e9cutif de Social Watch B\u00e9nin est revenu sur deux points d&#8217;attention pour la repr\u00e9sentation nationale.<\/p>\n<p>Il s&#8217;agit notamment du d\u00e9p\u00f4t du projet de Loi de R\u00e8glement portant sur la Gestion 2022 avec tous les documents exig\u00e9s par la LOLF et le contr\u00f4le de l\u2019action gouvernementale par les d\u00e9put\u00e9s. En r\u00e9ponse aux pr\u00e9occupations soulev\u00e9es par les repr\u00e9sentants de la soci\u00e9t\u00e9 civile dans leurs plaidoyers, les D\u00e9put\u00e9s reconnaissant tr\u00e8s pertinentes lesdites pr\u00e9occupations ont poser des questions pour en avoir une compr\u00e9hension plus approfondie.<\/p>\n<p>A toutes les questions des d\u00e9put\u00e9s, des r\u00e9ponses ont \u00e9t\u00e9 apport\u00e9es par la d\u00e9l\u00e9gation.<\/p>\n","protected":false},"excerpt":{"rendered":"<p>Conduite par le Secr\u00e9taire Ex\u00e9cutif de Social Watch B\u00e9nin, la d\u00e9l\u00e9gation de la soci\u00e9t\u00e9 civile charg\u00e9e de pr\u00e9senter aux Honorables D\u00e9put\u00e9s le contenu du Document d&#8217;analyse et de plaidoyer de la soci\u00e9t\u00e9 civile sur le Projet de Loi de Finances gestion 2024 a \u00e9t\u00e9 re\u00e7ue ce jour au Parlement par la Commission des Finances et [&hellip;]<\/p>\n","protected":false},"author":1,"featured_media":3746,"comment_status":"open","ping_status":"open","sticky":false,"template":"","format":"standard","meta":{"amp_status":"","footnotes":""},"categories":[34,46,72],"tags":[120,352],"class_list":{"0":"post-3745","1":"post","2":"type-post","3":"status-publish","4":"format-standard","5":"has-post-thumbnail","7":"category-activites","8":"category-democratie","9":"category-suivi-budgetaire","10":"tag-openbudgets","11":"tag-budget-etat-2024"},"jetpack_featured_media_url":"https:\/\/socialwatch.bj\/wp-content\/uploads\/2023\/11\/WhatsApp-Image-2023-11-14-a-17.50.11_fb2d2fa8.jpg","_links":{"self":[{"href":"https:\/\/socialwatch.bj\/index.php?rest_route=\/wp\/v2\/posts\/3745","targetHints":{"allow":["GET"]}}],"collection":[{"href":"https:\/\/socialwatch.bj\/index.php?rest_route=\/wp\/v2\/posts"}],"about":[{"href":"https:\/\/socialwatch.bj\/index.php?rest_route=\/wp\/v2\/types\/post"}],"author":[{"embeddable":true,"href":"https:\/\/socialwatch.bj\/index.php?rest_route=\/wp\/v2\/users\/1"}],"replies":[{"embeddable":true,"href":"https:\/\/socialwatch.bj\/index.php?rest_route=%2Fwp%2Fv2%2Fcomments&post=3745"}],"version-history":[{"count":7,"href":"https:\/\/socialwatch.bj\/index.php?rest_route=\/wp\/v2\/posts\/3745\/revisions"}],"predecessor-version":[{"id":3755,"href":"https:\/\/socialwatch.bj\/index.php?rest_route=\/wp\/v2\/posts\/3745\/revisions\/3755"}],"wp:featuredmedia":[{"embeddable":true,"href":"https:\/\/socialwatch.bj\/index.php?rest_route=\/wp\/v2\/media\/3746"}],"wp:attachment":[{"href":"https:\/\/socialwatch.bj\/index.php?rest_route=%2Fwp%2Fv2%2Fmedia&parent=3745"}],"wp:term":[{"taxonomy":"category","embeddable":true,"href":"https:\/\/socialwatch.bj\/index.php?rest_route=%2Fwp%2Fv2%2Fcategories&post=3745"},{"taxonomy":"post_tag","embeddable":true,"href":"https:\/\/socialwatch.bj\/index.php?rest_route=%2Fwp%2Fv2%2Ftags&post=3745"}],"curies":[{"name":"wp","href":"https:\/\/api.w.org\/{rel}","templated":true}]}}