{"id":3805,"date":"2024-01-22T15:22:09","date_gmt":"2024-01-22T14:22:09","guid":{"rendered":"https:\/\/socialwatch.bj\/?p=3805"},"modified":"2024-02-16T19:12:57","modified_gmt":"2024-02-16T18:12:57","slug":"avis-dappel-a-candidature-9","status":"publish","type":"post","link":"https:\/\/socialwatch.bj\/?p=3805","title":{"rendered":"Avis d&#8217;appel \u00e0 candidature"},"content":{"rendered":"<p><a href=\"https:\/\/socialwatch.bj\/wp-admin\/admin-ajax.php?juwpfisadmin=false&amp;action=wpfd&amp;task=file.download&amp;wpfd_category_id=355&amp;wpfd_file_id=3792\" target=\"_blank\" rel=\"noopener\">T\u00e9l\u00e9charger la fiche de candidature<\/a><\/p>\n<p><img loading=\"lazy\" decoding=\"async\" class=\"alignnone size-large wp-image-3798\" src=\"https:\/\/socialwatch.bj\/wp-content\/uploads\/2024\/01\/Appel-a-candidature-Renouvellement-du-CA_Page_1-724x1024.jpg\" alt=\"\" width=\"696\" height=\"984\" srcset=\"https:\/\/socialwatch.bj\/wp-content\/uploads\/2024\/01\/Appel-a-candidature-Renouvellement-du-CA_Page_1-724x1024.jpg 724w, https:\/\/socialwatch.bj\/wp-content\/uploads\/2024\/01\/Appel-a-candidature-Renouvellement-du-CA_Page_1-212x300.jpg 212w, https:\/\/socialwatch.bj\/wp-content\/uploads\/2024\/01\/Appel-a-candidature-Renouvellement-du-CA_Page_1-768x1086.jpg 768w, https:\/\/socialwatch.bj\/wp-content\/uploads\/2024\/01\/Appel-a-candidature-Renouvellement-du-CA_Page_1-1087x1536.jpg 1087w, https:\/\/socialwatch.bj\/wp-content\/uploads\/2024\/01\/Appel-a-candidature-Renouvellement-du-CA_Page_1-1449x2048.jpg 1449w, https:\/\/socialwatch.bj\/wp-content\/uploads\/2024\/01\/Appel-a-candidature-Renouvellement-du-CA_Page_1-696x984.jpg 696w, https:\/\/socialwatch.bj\/wp-content\/uploads\/2024\/01\/Appel-a-candidature-Renouvellement-du-CA_Page_1-1068x1510.jpg 1068w, https:\/\/socialwatch.bj\/wp-content\/uploads\/2024\/01\/Appel-a-candidature-Renouvellement-du-CA_Page_1-297x420.jpg 297w, https:\/\/socialwatch.bj\/wp-content\/uploads\/2024\/01\/Appel-a-candidature-Renouvellement-du-CA_Page_1.jpg 1654w\" sizes=\"auto, (max-width: 696px) 100vw, 696px\" \/><\/p>\n<p><img loading=\"lazy\" decoding=\"async\" class=\"alignnone size-large wp-image-3799\" src=\"https:\/\/socialwatch.bj\/wp-content\/uploads\/2024\/01\/Appel-a-candidature-Renouvellement-du-CA_Page_2-724x1024.jpg\" alt=\"\" width=\"696\" height=\"984\" srcset=\"https:\/\/socialwatch.bj\/wp-content\/uploads\/2024\/01\/Appel-a-candidature-Renouvellement-du-CA_Page_2-724x1024.jpg 724w, https:\/\/socialwatch.bj\/wp-content\/uploads\/2024\/01\/Appel-a-candidature-Renouvellement-du-CA_Page_2-212x300.jpg 212w, https:\/\/socialwatch.bj\/wp-content\/uploads\/2024\/01\/Appel-a-candidature-Renouvellement-du-CA_Page_2-768x1086.jpg 768w, https:\/\/socialwatch.bj\/wp-content\/uploads\/2024\/01\/Appel-a-candidature-Renouvellement-du-CA_Page_2-1087x1536.jpg 1087w, https:\/\/socialwatch.bj\/wp-content\/uploads\/2024\/01\/Appel-a-candidature-Renouvellement-du-CA_Page_2-1449x2048.jpg 1449w, https:\/\/socialwatch.bj\/wp-content\/uploads\/2024\/01\/Appel-a-candidature-Renouvellement-du-CA_Page_2-696x984.jpg 696w, https:\/\/socialwatch.bj\/wp-content\/uploads\/2024\/01\/Appel-a-candidature-Renouvellement-du-CA_Page_2-1068x1510.jpg 1068w, https:\/\/socialwatch.bj\/wp-content\/uploads\/2024\/01\/Appel-a-candidature-Renouvellement-du-CA_Page_2-297x420.jpg 297w, https:\/\/socialwatch.bj\/wp-content\/uploads\/2024\/01\/Appel-a-candidature-Renouvellement-du-CA_Page_2.jpg 1654w\" sizes=\"auto, (max-width: 696px) 100vw, 696px\" \/><\/p>\n<p><a href=\"https:\/\/socialwatch.bj\/wp-admin\/admin-ajax.php?juwpfisadmin=false&amp;action=wpfd&amp;task=file.download&amp;wpfd_category_id=355&amp;wpfd_file_id=3792\" target=\"_blank\" rel=\"noopener\">T\u00e9l\u00e9charger la fiche de candidature<\/a><\/p>\n<p>&nbsp;<\/p>\n","protected":false},"excerpt":{"rendered":"<p>T\u00e9l\u00e9charger la fiche de candidature T\u00e9l\u00e9charger la fiche de candidature &nbsp;<\/p>\n","protected":false},"author":1,"featured_media":3796,"comment_status":"open","ping_status":"open","sticky":false,"template":"","format":"standard","meta":{"amp_status":"","footnotes":""},"categories":[34,46,36],"tags":[162,215],"class_list":{"0":"post-3805","1":"post","2":"type-post","3":"status-publish","4":"format-standard","5":"has-post-thumbnail","7":"category-activites","8":"category-democratie","9":"category-opportunites","10":"tag-conseil-dadministration-swb","11":"tag-opportunite"},"jetpack_featured_media_url":"https:\/\/socialwatch.bj\/wp-content\/uploads\/2024\/01\/direc-700x380-1.png","_links":{"self":[{"href":"https:\/\/socialwatch.bj\/index.php?rest_route=\/wp\/v2\/posts\/3805","targetHints":{"allow":["GET"]}}],"collection":[{"href":"https:\/\/socialwatch.bj\/index.php?rest_route=\/wp\/v2\/posts"}],"about":[{"href":"https:\/\/socialwatch.bj\/index.php?rest_route=\/wp\/v2\/types\/post"}],"author":[{"embeddable":true,"href":"https:\/\/socialwatch.bj\/index.php?rest_route=\/wp\/v2\/users\/1"}],"replies":[{"embeddable":true,"href":"https:\/\/socialwatch.bj\/index.php?rest_route=%2Fwp%2Fv2%2Fcomments&post=3805"}],"version-history":[{"count":3,"href":"https:\/\/socialwatch.bj\/index.php?rest_route=\/wp\/v2\/posts\/3805\/revisions"}],"predecessor-version":[{"id":3888,"href":"https:\/\/socialwatch.bj\/index.php?rest_route=\/wp\/v2\/posts\/3805\/revisions\/3888"}],"wp:featuredmedia":[{"embeddable":true,"href":"https:\/\/socialwatch.bj\/index.php?rest_route=\/wp\/v2\/media\/3796"}],"wp:attachment":[{"href":"https:\/\/socialwatch.bj\/index.php?rest_route=%2Fwp%2Fv2%2Fmedia&parent=3805"}],"wp:term":[{"taxonomy":"category","embeddable":true,"href":"https:\/\/socialwatch.bj\/index.php?rest_route=%2Fwp%2Fv2%2Fcategories&post=3805"},{"taxonomy":"post_tag","embeddable":true,"href":"https:\/\/socialwatch.bj\/index.php?rest_route=%2Fwp%2Fv2%2Ftags&post=3805"}],"curies":[{"name":"wp","href":"https:\/\/api.w.org\/{rel}","templated":true}]}}