{"id":4003,"date":"2024-05-10T15:23:04","date_gmt":"2024-05-10T13:23:04","guid":{"rendered":"https:\/\/socialwatch.bj\/?p=4003"},"modified":"2024-05-10T15:23:04","modified_gmt":"2024-05-10T13:23:04","slug":"education-civique-dans-les-colleges","status":"publish","type":"post","link":"https:\/\/socialwatch.bj\/?p=4003","title":{"rendered":"Education civique dans les coll\u00e8ges"},"content":{"rendered":"<p>Dans le cadre de la mise en \u0153uvre du projet \u00ab Initiative Communes Ouvertes \u00bb (ICO) financ\u00e9 par le D\u00e9partement d\u2019Etat du gouvernement Am\u00e9ricain, Social Watch B\u00e9nin organise ce vendredi 10 mai 2024 dans 10 Coll\u00e8ges d\u2019Enseignement G\u00e9n\u00e9ral et 3 \u00e9coles sp\u00e9cialis\u00e9es pour personnes en situation de handicap auditif des mini-ateliers sur la d\u00e9mocratie.<\/p>\n<p>Contribuer \u00e0 l\u2019\u00e9ducation civique des jeunes filles et gar\u00e7ons ainsi que ceux en situation de handicap auditif \u00e2g\u00e9s de moins de 18 ans inscrits dans le syst\u00e8me \u00e9ducatif du B\u00e9nin afin de les sortir de la manipulation politique dont ils pourraient \u00eatre victimes au point de constituer des vecteurs de violences d\u2019une part, et de leur permettre de sensibiliser leurs pairs sur le civisme et les bons comportements d\u2019un citoyen d\u2019autre part. Tels sont les objectifs vis\u00e9s par l\u2019ensemble des mini-ateliers organis\u00e9s ce jour dans au total treize \u00e9tablissements du pays.<br \/>\nAu cours de ces mini-ateliers, les jeunes auront \u00e0 \u00e9changer avec leurs formateurs sur \u00ab Le pouvoir judiciaire et l\u2019interaction du citoyen avec les cours et tribunaux \u00bb, \u00ab La d\u00e9centralisation et les interactions entre le citoyen et le conseil municipal\/communal \u00bb, \u00ab La Police R\u00e9publicaine et les interactions du citoyen avec les unit\u00e9s de police \u00bb et enfin \u00ab La citoyennet\u00e9 active au service du d\u00e9veloppement \u00bb.<br \/>\nL\u2019activit\u00e9 se m\u00e8ne aux Coll\u00e8ge d\u2019Enseignement G\u00e9n\u00e9ral de Bassila, Nikki, P\u00e8r\u00e8r\u00e8, Malanville, S\u00e9gbana, d\u2019Adjarra, Za-Kpota, Cov\u00e8, Zagnanado, Avrankou ainsi que les \u00e9coles sp\u00e9cialis\u00e9es pour personnes en situation de handicap auditif d\u2019Adjarra, de Bohicon et de V\u00e8doko \u00e0 Cotonou.<br \/>\nIl convient signaler que ces ateliers interviennent apr\u00e8s la validation des modules de formation par l\u2019Institut National d&#8217;Ing\u00e9nierie de Formation et de Renforcement des Capacit\u00e9s des Formateurs (INIFRCF) et la formation des formateurs identifi\u00e9s aussi bien par l\u2019INIFRCF que par Social Watch B\u00e9nin au sein des formateurs ADEMO de l\u2019Ambassade des USA.<\/p>\n","protected":false},"excerpt":{"rendered":"<p>Dans le cadre de la mise en \u0153uvre du projet \u00ab Initiative Communes Ouvertes \u00bb (ICO) financ\u00e9 par le D\u00e9partement d\u2019Etat du gouvernement Am\u00e9ricain, Social Watch B\u00e9nin organise ce vendredi 10 mai 2024 dans 10 Coll\u00e8ges d\u2019Enseignement G\u00e9n\u00e9ral et 3 \u00e9coles sp\u00e9cialis\u00e9es pour personnes en situation de handicap auditif des mini-ateliers sur la d\u00e9mocratie. Contribuer [&hellip;]<\/p>\n","protected":false},"author":1,"featured_media":4004,"comment_status":"open","ping_status":"open","sticky":false,"template":"","format":"standard","meta":{"amp_status":"","footnotes":""},"categories":[34,143],"tags":[],"class_list":{"0":"post-4003","1":"post","2":"type-post","3":"status-publish","4":"format-standard","5":"has-post-thumbnail","7":"category-activites","8":"category-ico"},"jetpack_featured_media_url":"https:\/\/socialwatch.bj\/wp-content\/uploads\/2024\/05\/Zagnanado.jpeg","_links":{"self":[{"href":"https:\/\/socialwatch.bj\/index.php?rest_route=\/wp\/v2\/posts\/4003","targetHints":{"allow":["GET"]}}],"collection":[{"href":"https:\/\/socialwatch.bj\/index.php?rest_route=\/wp\/v2\/posts"}],"about":[{"href":"https:\/\/socialwatch.bj\/index.php?rest_route=\/wp\/v2\/types\/post"}],"author":[{"embeddable":true,"href":"https:\/\/socialwatch.bj\/index.php?rest_route=\/wp\/v2\/users\/1"}],"replies":[{"embeddable":true,"href":"https:\/\/socialwatch.bj\/index.php?rest_route=%2Fwp%2Fv2%2Fcomments&post=4003"}],"version-history":[{"count":1,"href":"https:\/\/socialwatch.bj\/index.php?rest_route=\/wp\/v2\/posts\/4003\/revisions"}],"predecessor-version":[{"id":4005,"href":"https:\/\/socialwatch.bj\/index.php?rest_route=\/wp\/v2\/posts\/4003\/revisions\/4005"}],"wp:featuredmedia":[{"embeddable":true,"href":"https:\/\/socialwatch.bj\/index.php?rest_route=\/wp\/v2\/media\/4004"}],"wp:attachment":[{"href":"https:\/\/socialwatch.bj\/index.php?rest_route=%2Fwp%2Fv2%2Fmedia&parent=4003"}],"wp:term":[{"taxonomy":"category","embeddable":true,"href":"https:\/\/socialwatch.bj\/index.php?rest_route=%2Fwp%2Fv2%2Fcategories&post=4003"},{"taxonomy":"post_tag","embeddable":true,"href":"https:\/\/socialwatch.bj\/index.php?rest_route=%2Fwp%2Fv2%2Ftags&post=4003"}],"curies":[{"name":"wp","href":"https:\/\/api.w.org\/{rel}","templated":true}]}}