{"id":4020,"date":"2024-05-30T12:30:06","date_gmt":"2024-05-30T10:30:06","guid":{"rendered":"https:\/\/socialwatch.bj\/?p=4020"},"modified":"2024-08-28T08:40:13","modified_gmt":"2024-08-28T06:40:13","slug":"audience-avec-le-directeur-general-du-budget","status":"publish","type":"post","link":"https:\/\/socialwatch.bj\/?p=4020","title":{"rendered":"Audience \u00e0 la Direction G\u00e9n\u00e9ral du Budget"},"content":{"rendered":"<p>A la veille de l\u2019atelier national de la Conf\u00e9rence africaine sur la dette et le d\u00e9veloppement, le Pr\u00e9sident du Conseil d&#8217;Administration de Social Watch B\u00e9nin et le Secr\u00e9taire Ex\u00e9cutif ont conduit le repr\u00e9sentant de AFRODAD au bureau du Directeur G\u00e9n\u00e9ral du Budget pour une visite de courtoisie qui a \u00e9t\u00e9 l\u2019occasion d\u2019\u00e9change sur les bonnes pratiques du B\u00e9nin en mati\u00e8re de gestion de la dette.<\/p>\n","protected":false},"excerpt":{"rendered":"<p>A la veille de l\u2019atelier national de la Conf\u00e9rence africaine sur la dette et le d\u00e9veloppement, le Pr\u00e9sident du Conseil d&#8217;Administration de Social Watch B\u00e9nin et le Secr\u00e9taire Ex\u00e9cutif ont conduit le repr\u00e9sentant de AFRODAD au bureau du Directeur G\u00e9n\u00e9ral du Budget pour une visite de courtoisie qui a \u00e9t\u00e9 l\u2019occasion d\u2019\u00e9change sur les bonnes [&hellip;]<\/p>\n","protected":false},"author":1,"featured_media":4021,"comment_status":"open","ping_status":"open","sticky":false,"template":"","format":"standard","meta":{"amp_status":"","footnotes":""},"categories":[34,72],"tags":[337,188],"class_list":{"0":"post-4020","1":"post","2":"type-post","3":"status-publish","4":"format-standard","5":"has-post-thumbnail","7":"category-activites","8":"category-suivi-budgetaire","9":"tag-afrodad","10":"tag-dette-publique-du-benin"},"jetpack_featured_media_url":"https:\/\/socialwatch.bj\/wp-content\/uploads\/2024\/05\/Photo-traitee-.jpeg","_links":{"self":[{"href":"https:\/\/socialwatch.bj\/index.php?rest_route=\/wp\/v2\/posts\/4020","targetHints":{"allow":["GET"]}}],"collection":[{"href":"https:\/\/socialwatch.bj\/index.php?rest_route=\/wp\/v2\/posts"}],"about":[{"href":"https:\/\/socialwatch.bj\/index.php?rest_route=\/wp\/v2\/types\/post"}],"author":[{"embeddable":true,"href":"https:\/\/socialwatch.bj\/index.php?rest_route=\/wp\/v2\/users\/1"}],"replies":[{"embeddable":true,"href":"https:\/\/socialwatch.bj\/index.php?rest_route=%2Fwp%2Fv2%2Fcomments&post=4020"}],"version-history":[{"count":5,"href":"https:\/\/socialwatch.bj\/index.php?rest_route=\/wp\/v2\/posts\/4020\/revisions"}],"predecessor-version":[{"id":4029,"href":"https:\/\/socialwatch.bj\/index.php?rest_route=\/wp\/v2\/posts\/4020\/revisions\/4029"}],"wp:featuredmedia":[{"embeddable":true,"href":"https:\/\/socialwatch.bj\/index.php?rest_route=\/wp\/v2\/media\/4021"}],"wp:attachment":[{"href":"https:\/\/socialwatch.bj\/index.php?rest_route=%2Fwp%2Fv2%2Fmedia&parent=4020"}],"wp:term":[{"taxonomy":"category","embeddable":true,"href":"https:\/\/socialwatch.bj\/index.php?rest_route=%2Fwp%2Fv2%2Fcategories&post=4020"},{"taxonomy":"post_tag","embeddable":true,"href":"https:\/\/socialwatch.bj\/index.php?rest_route=%2Fwp%2Fv2%2Ftags&post=4020"}],"curies":[{"name":"wp","href":"https:\/\/api.w.org\/{rel}","templated":true}]}}