{"id":4026,"date":"2024-05-30T12:40:59","date_gmt":"2024-05-30T10:40:59","guid":{"rendered":"https:\/\/socialwatch.bj\/?p=4026"},"modified":"2024-05-30T12:40:59","modified_gmt":"2024-05-30T10:40:59","slug":"premiere-rencontre-du-nouveau-conseil-dadministration-de-social-watch-benin","status":"publish","type":"post","link":"https:\/\/socialwatch.bj\/?p=4026","title":{"rendered":"Premi\u00e8re rencontre du nouveau Conseil d\u2019Administration de Social Watch B\u00e9nin"},"content":{"rendered":"<p>Apr\u00e8s leur \u00e9lection le 27 mars 2024 dernier, les membres du Conseil d\u2019Administration de Social Watch B\u00e9nin (7\u00e8me mandature) se retrouvent, sur invitation du Pr\u00e9sident Rigobert OROU GANNI, pour la premi\u00e8re fois en s\u00e9ance officielle ce 30 mai 2024 au si\u00e8ge du r\u00e9seau pour \u00e9changer et jeter les bases d\u2019une action coll\u00e9giale devant permettre \u00e0 l\u2019organisation de contribuer effectivement, en synergie d\u2019action avec d\u2019autres, au d\u00e9veloppement durable de la nation.<br \/>\nAu cours de la rencontre qui a d\u00e9marr\u00e9 depuis 9h00, les administrateurs auront \u00e0 s\u2019impr\u00e9gner des r\u00f4les qui sont les leurs, \u00e0 examiner et valider le plan de travail du Conseil d\u2019Administration. Outre ce qui pr\u00e9c\u00e8de, ils proc\u00e8deront \u00e0 la mise en place d&#8217;un comit\u00e9 ad&#8217;hoc pour l&#8217;\u00e9laboration du document de politique d&#8217;implication des membres aux diff\u00e9rentes activit\u00e9s du r\u00e9seau avant d\u2019engager la r\u00e9flexion sur les m\u00e9thodes \u00e0 adopter pour les prises de position du r\u00e9seau sur les sujets d&#8217;int\u00e9r\u00eat national. Aussi, \u00e0 titre de rappel, le plan strat\u00e9gique de l\u2019organisation leur sera pr\u00e9sent\u00e9 apr\u00e8s qu\u2019ils ont \u00e9tudi\u00e9 et adopt\u00e9 la proposition de r\u00e9forme du l&#8217;unit\u00e9 d&#8217;analyse du budget de Social Watch B\u00e9nin.<\/p>\n","protected":false},"excerpt":{"rendered":"<p>Apr\u00e8s leur \u00e9lection le 27 mars 2024 dernier, les membres du Conseil d\u2019Administration de Social Watch B\u00e9nin (7\u00e8me mandature) se retrouvent, sur invitation du Pr\u00e9sident Rigobert OROU GANNI, pour la premi\u00e8re fois en s\u00e9ance officielle ce 30 mai 2024 au si\u00e8ge du r\u00e9seau pour \u00e9changer et jeter les bases d\u2019une action coll\u00e9giale devant permettre \u00e0 [&hellip;]<\/p>\n","protected":false},"author":1,"featured_media":4027,"comment_status":"open","ping_status":"open","sticky":false,"template":"","format":"standard","meta":{"amp_status":"","footnotes":""},"categories":[34,46],"tags":[40,372],"class_list":{"0":"post-4026","1":"post","2":"type-post","3":"status-publish","4":"format-standard","5":"has-post-thumbnail","7":"category-activites","8":"category-democratie","9":"tag-social-watch-benin","10":"tag-vie-institutionnelle"},"jetpack_featured_media_url":"https:\/\/socialwatch.bj\/wp-content\/uploads\/2024\/05\/WhatsApp-Image-2024-05-30-at-11.19.01-AM.jpeg","_links":{"self":[{"href":"https:\/\/socialwatch.bj\/index.php?rest_route=\/wp\/v2\/posts\/4026","targetHints":{"allow":["GET"]}}],"collection":[{"href":"https:\/\/socialwatch.bj\/index.php?rest_route=\/wp\/v2\/posts"}],"about":[{"href":"https:\/\/socialwatch.bj\/index.php?rest_route=\/wp\/v2\/types\/post"}],"author":[{"embeddable":true,"href":"https:\/\/socialwatch.bj\/index.php?rest_route=\/wp\/v2\/users\/1"}],"replies":[{"embeddable":true,"href":"https:\/\/socialwatch.bj\/index.php?rest_route=%2Fwp%2Fv2%2Fcomments&post=4026"}],"version-history":[{"count":1,"href":"https:\/\/socialwatch.bj\/index.php?rest_route=\/wp\/v2\/posts\/4026\/revisions"}],"predecessor-version":[{"id":4028,"href":"https:\/\/socialwatch.bj\/index.php?rest_route=\/wp\/v2\/posts\/4026\/revisions\/4028"}],"wp:featuredmedia":[{"embeddable":true,"href":"https:\/\/socialwatch.bj\/index.php?rest_route=\/wp\/v2\/media\/4027"}],"wp:attachment":[{"href":"https:\/\/socialwatch.bj\/index.php?rest_route=%2Fwp%2Fv2%2Fmedia&parent=4026"}],"wp:term":[{"taxonomy":"category","embeddable":true,"href":"https:\/\/socialwatch.bj\/index.php?rest_route=%2Fwp%2Fv2%2Fcategories&post=4026"},{"taxonomy":"post_tag","embeddable":true,"href":"https:\/\/socialwatch.bj\/index.php?rest_route=%2Fwp%2Fv2%2Ftags&post=4026"}],"curies":[{"name":"wp","href":"https:\/\/api.w.org\/{rel}","templated":true}]}}