{"id":4034,"date":"2024-05-31T12:49:06","date_gmt":"2024-05-31T10:49:06","guid":{"rendered":"https:\/\/socialwatch.bj\/?p=4034"},"modified":"2024-06-16T16:08:56","modified_gmt":"2024-06-16T14:08:56","slug":"appel-a-candidature-6","status":"publish","type":"post","link":"https:\/\/socialwatch.bj\/?p=4034","title":{"rendered":"Appel \u00e0 candidature"},"content":{"rendered":"<p>AVIS DE RECRUTEMENT DE CONSULTANT POUR L\u2019ELABORATION DU DIAGNOSTIC SUR LA SITUATION DES ENFANTS ET DES ADOLESCENTES DANS LES SIX COMMUNES DU COUFFO<\/p>\n<hr \/>\n<p>&nbsp;<\/p>\n<p>1- Social Watch B\u00e9nin est en partenariat avec la section Politiques Sociales de l\u2019UNICEF en vue de la mise en \u0153uvre des activit\u00e9s de budg\u00e9tisation sensibles aux enfants dans les d\u00e9partements de l&#8217;Atacora, de l&#8217;Alibori, du Borgou, de la Donga, du Couffo et du Zou sur la p\u00e9riode 2024-2026.<br \/>\n2- Ce partenariat s\u2019inscrit dans le cadre du programme de coop\u00e9ration entre le B\u00e9nin et l\u2019UNICEF et contribue \u00e0 l\u2019atteinte du produit 3 dudit programme de coop\u00e9ration intitul\u00e9 : \u00ab D\u2019ici \u00e0 2026, les acteurs locaux et nationaux, y compris ceux issus de la soci\u00e9t\u00e9 civile, ont renforc\u00e9 leurs connaissances et leurs capacit\u00e9s en mati\u00e8re de finances publiques au service des enfants, des adolescents, des femmes et des filles, permettant ainsi \u00e0 ces derniers d\u2019exercer leurs droits de mani\u00e8re plus efficiente, plus efficace et plus transparente \u00bb.<br \/>\n3- Social Watch B\u00e9nin cherche \u00e0 recruter un(e) consultant(e) pour l\u2019\u00e9laboration du diagnostic sur la situation des enfants et des adolescentes dans chacune des six communes du Couffo.<br \/>\n4- La participation \u00e0 cet appel d\u2019offres ouvert telle que d\u00e9finie dans la loi n\u00b0 2020-26 du 29 septembre 2020 portant code des march\u00e9s publics en R\u00e9publique du B\u00e9nin concerne tous les candidats, remplissant les conditions d\u00e9finies dans les pr\u00e9sents Termes de R\u00e9f\u00e9rences et qui ne sont pas frapp\u00e9s par les dispositions des articles 61 et 121 de ladite loi ou celles de la loi n\u00b0 2015-18 du 2 avril 2015 portant Statut G\u00e9n\u00e9ral de la Fonction publique.<br \/>\n5- Les exigences en mati\u00e8re de qualification sont pr\u00e9cis\u00e9es dans les TDR.<br \/>\n6- Les candidats int\u00e9ress\u00e9s peuvent obtenir les TDRs sur en cliquant sur: <a href=\"https:\/\/socialwatch.bj\/wp-admin\/admin-ajax.php?juwpfisadmin=false&amp;action=wpfd&amp;task=file.download&amp;wpfd_category_id=328&amp;wpfd_file_id=4035\">T\u00e9l\u00e9charger<\/a><br \/>\n7- Les offres sont r\u00e9dig\u00e9es en langue fran\u00e7aise et devront \u00eatre en version \u00e9lectronique sous format PDF en fichier unique envoy\u00e9es \u00e0 l\u2019adresse <a href=\"mailto:appel@socialwatch.bj\">appel@socialwatch.bj<\/a> au plus tard le <strong><span style=\"background-color: #00ffff;\">14 juin 2024 avant 18 h (heures du B\u00e9nin)<\/span><\/strong> avec pour objet \u00ab RECRUTEMENT DE CONSULTANT POUR L\u2019ELABORATION DU DIAGNOSTIC SUR LA SITUATION DES ENFANTS DANS LES SIX COMMUNES DU COUFFO \u00bb. Les offres qui ne parviendront pas aux heure et date ci-dessus indiqu\u00e9es, seront purement et simplement rejet\u00e9es.<br \/>\n8- Social Watch B\u00e9nin se r\u00e9serve le droit de ne pas donner une suite \u00e0 cet appel.<\/p>\n<p style=\"text-align: right;\"><strong>Le Secr\u00e9taire Ex\u00e9cutif<\/strong><\/p>\n","protected":false},"excerpt":{"rendered":"<p>AVIS DE RECRUTEMENT DE CONSULTANT POUR L\u2019ELABORATION DU DIAGNOSTIC SUR LA SITUATION DES ENFANTS ET DES ADOLESCENTES DANS LES SIX COMMUNES DU COUFFO &nbsp; 1- Social Watch B\u00e9nin est en partenariat avec la section Politiques Sociales de l\u2019UNICEF en vue de la mise en \u0153uvre des activit\u00e9s de budg\u00e9tisation sensibles aux enfants dans les d\u00e9partements [&hellip;]<\/p>\n","protected":false},"author":1,"featured_media":2910,"comment_status":"open","ping_status":"open","sticky":false,"template":"","format":"standard","meta":{"amp_status":"","footnotes":""},"categories":[34,63],"tags":[],"class_list":{"0":"post-4034","1":"post","2":"type-post","3":"status-publish","4":"format-standard","5":"has-post-thumbnail","7":"category-activites","8":"category-unicef"},"jetpack_featured_media_url":"https:\/\/socialwatch.bj\/wp-content\/uploads\/2022\/10\/Enfant-Atacora-Benin.jpg","_links":{"self":[{"href":"https:\/\/socialwatch.bj\/index.php?rest_route=\/wp\/v2\/posts\/4034","targetHints":{"allow":["GET"]}}],"collection":[{"href":"https:\/\/socialwatch.bj\/index.php?rest_route=\/wp\/v2\/posts"}],"about":[{"href":"https:\/\/socialwatch.bj\/index.php?rest_route=\/wp\/v2\/types\/post"}],"author":[{"embeddable":true,"href":"https:\/\/socialwatch.bj\/index.php?rest_route=\/wp\/v2\/users\/1"}],"replies":[{"embeddable":true,"href":"https:\/\/socialwatch.bj\/index.php?rest_route=%2Fwp%2Fv2%2Fcomments&post=4034"}],"version-history":[{"count":6,"href":"https:\/\/socialwatch.bj\/index.php?rest_route=\/wp\/v2\/posts\/4034\/revisions"}],"predecessor-version":[{"id":4045,"href":"https:\/\/socialwatch.bj\/index.php?rest_route=\/wp\/v2\/posts\/4034\/revisions\/4045"}],"wp:featuredmedia":[{"embeddable":true,"href":"https:\/\/socialwatch.bj\/index.php?rest_route=\/wp\/v2\/media\/2910"}],"wp:attachment":[{"href":"https:\/\/socialwatch.bj\/index.php?rest_route=%2Fwp%2Fv2%2Fmedia&parent=4034"}],"wp:term":[{"taxonomy":"category","embeddable":true,"href":"https:\/\/socialwatch.bj\/index.php?rest_route=%2Fwp%2Fv2%2Fcategories&post=4034"},{"taxonomy":"post_tag","embeddable":true,"href":"https:\/\/socialwatch.bj\/index.php?rest_route=%2Fwp%2Fv2%2Ftags&post=4034"}],"curies":[{"name":"wp","href":"https:\/\/api.w.org\/{rel}","templated":true}]}}