{"id":4047,"date":"2024-06-13T13:53:23","date_gmt":"2024-06-13T11:53:23","guid":{"rendered":"https:\/\/socialwatch.bj\/?p=4047"},"modified":"2024-06-13T15:44:26","modified_gmt":"2024-06-13T13:44:26","slug":"suivi-des-politiques-gouvernementales-en-afrique","status":"publish","type":"post","link":"https:\/\/socialwatch.bj\/?p=4047","title":{"rendered":"Suivi des politiques gouvernementales en Afrique"},"content":{"rendered":"<p>Dans l\u2019optique d\u2019apprendre de l\u2019exp\u00e9rience de Social Watch B\u00e9nin en mati\u00e8re de m\u00e9canismes de contr\u00f4le citoyen, de l\u2019analyse et le suivi des politiques publiques, une d\u00e9l\u00e9gation du Projet de renforcement du dialogue entre les pouvoirs publics et les organisations de la Soci\u00e9t\u00e9 Civile Congolaises pour la gouvernance participative en RDC s\u00e9journe \u00e0 Cotonou du 13 au 20 juin 2024.<\/p>\n<p>Dans le cadre de cette visite d\u2019\u00e9changes, la d\u00e9l\u00e9gation congolaise est re\u00e7ue depuis ce matin par une \u00e9quipe ayant \u00e0 sa t\u00eate M. Jean-Pierre DEGUE, Secr\u00e9taire Ex\u00e9cutif de Social Watch B\u00e9nin.<\/p>\n<p>A l\u2019ouverture des \u00e9changes ce matin, le Secr\u00e9taire Ex\u00e9cutif de Social Watch B\u00e9nin a, au nom du Pr\u00e9sident Rigobert OROU GANNI, souhait\u00e9 aux membres de la d\u00e9l\u00e9gation la bienvenue au B\u00e9nin et de fructueux travaux durant leur s\u00e9jour.<\/p>\n<p>A sa suite, M. Pascal BOSHIRI a pr\u00e9sent\u00e9 le Projet de renforcement du dialogue entre les pouvoirs publics et les organisations de la Soci\u00e9t\u00e9 Civile Congolaises pour la gouvernance participative en RDC. Quant \u00e0 la pr\u00e9sentation de Social Watch B\u00e9nin et de ses domaines d\u2019intervention, elle a \u00e9t\u00e9 assur\u00e9e par le Secr\u00e9taire Ex\u00e9cutif.<\/p>\n<p><img loading=\"lazy\" decoding=\"async\" class=\"size-large wp-image-4054 alignleft\" src=\"https:\/\/socialwatch.bj\/wp-content\/uploads\/2024\/06\/WhatsApp-Image-2024-06-13-at-2.42.45-PM-1024x768.jpeg\" alt=\"\" width=\"696\" height=\"522\" srcset=\"https:\/\/socialwatch.bj\/wp-content\/uploads\/2024\/06\/WhatsApp-Image-2024-06-13-at-2.42.45-PM-1024x768.jpeg 1024w, https:\/\/socialwatch.bj\/wp-content\/uploads\/2024\/06\/WhatsApp-Image-2024-06-13-at-2.42.45-PM-300x225.jpeg 300w, https:\/\/socialwatch.bj\/wp-content\/uploads\/2024\/06\/WhatsApp-Image-2024-06-13-at-2.42.45-PM-768x576.jpeg 768w, https:\/\/socialwatch.bj\/wp-content\/uploads\/2024\/06\/WhatsApp-Image-2024-06-13-at-2.42.45-PM-80x60.jpeg 80w, https:\/\/socialwatch.bj\/wp-content\/uploads\/2024\/06\/WhatsApp-Image-2024-06-13-at-2.42.45-PM-265x198.jpeg 265w, https:\/\/socialwatch.bj\/wp-content\/uploads\/2024\/06\/WhatsApp-Image-2024-06-13-at-2.42.45-PM-696x522.jpeg 696w, https:\/\/socialwatch.bj\/wp-content\/uploads\/2024\/06\/WhatsApp-Image-2024-06-13-at-2.42.45-PM-1068x801.jpeg 1068w, https:\/\/socialwatch.bj\/wp-content\/uploads\/2024\/06\/WhatsApp-Image-2024-06-13-at-2.42.45-PM-560x420.jpeg 560w, https:\/\/socialwatch.bj\/wp-content\/uploads\/2024\/06\/WhatsApp-Image-2024-06-13-at-2.42.45-PM.jpeg 1152w\" sizes=\"auto, (max-width: 696px) 100vw, 696px\" \/><\/p>\n<p>Pour le reste de la journ\u00e9e, l\u2019\u00e9laboration des rapports alternatifs d\u2019une part, et le suivi budg\u00e9taire d\u2019autre part ont constitu\u00e9 les points discut\u00e9s dans le cadre du suivi des politiques publiques et du Budget.<br \/>\nSoulignons que la d\u00e9l\u00e9gation congolaise constitu\u00e9e de Caleb DIOMI, Christine DZAGBOKANGA, Mireille M&#8217;POYO, Jeef PAMBI et Pascal BOSHIRI sera \u00e0 Cov\u00e8 demain pour suivre \u00e0 une activit\u00e9 de participation citoyenne avant le partage d\u2019outils de suivi des politiques gouvernementales \u00e0 partir de lundi prochain.<\/p>\n","protected":false},"excerpt":{"rendered":"<p>Dans l\u2019optique d\u2019apprendre de l\u2019exp\u00e9rience de Social Watch B\u00e9nin en mati\u00e8re de m\u00e9canismes de contr\u00f4le citoyen, de l\u2019analyse et le suivi des politiques publiques, une d\u00e9l\u00e9gation du Projet de renforcement du dialogue entre les pouvoirs publics et les organisations de la Soci\u00e9t\u00e9 Civile Congolaises pour la gouvernance participative en RDC s\u00e9journe \u00e0 Cotonou du 13 [&hellip;]<\/p>\n","protected":false},"author":1,"featured_media":4048,"comment_status":"open","ping_status":"open","sticky":false,"template":"","format":"standard","meta":{"amp_status":"","footnotes":""},"categories":[34],"tags":[375,222],"class_list":{"0":"post-4047","1":"post","2":"type-post","3":"status-publish","4":"format-standard","5":"has-post-thumbnail","7":"category-activites","8":"tag-controle-citoyen","9":"tag-veille-citoyenne"},"jetpack_featured_media_url":"https:\/\/socialwatch.bj\/wp-content\/uploads\/2024\/06\/WhatsApp-Image-2024-06-13-at-12.52.48-PM.jpeg","_links":{"self":[{"href":"https:\/\/socialwatch.bj\/index.php?rest_route=\/wp\/v2\/posts\/4047","targetHints":{"allow":["GET"]}}],"collection":[{"href":"https:\/\/socialwatch.bj\/index.php?rest_route=\/wp\/v2\/posts"}],"about":[{"href":"https:\/\/socialwatch.bj\/index.php?rest_route=\/wp\/v2\/types\/post"}],"author":[{"embeddable":true,"href":"https:\/\/socialwatch.bj\/index.php?rest_route=\/wp\/v2\/users\/1"}],"replies":[{"embeddable":true,"href":"https:\/\/socialwatch.bj\/index.php?rest_route=%2Fwp%2Fv2%2Fcomments&post=4047"}],"version-history":[{"count":6,"href":"https:\/\/socialwatch.bj\/index.php?rest_route=\/wp\/v2\/posts\/4047\/revisions"}],"predecessor-version":[{"id":4055,"href":"https:\/\/socialwatch.bj\/index.php?rest_route=\/wp\/v2\/posts\/4047\/revisions\/4055"}],"wp:featuredmedia":[{"embeddable":true,"href":"https:\/\/socialwatch.bj\/index.php?rest_route=\/wp\/v2\/media\/4048"}],"wp:attachment":[{"href":"https:\/\/socialwatch.bj\/index.php?rest_route=%2Fwp%2Fv2%2Fmedia&parent=4047"}],"wp:term":[{"taxonomy":"category","embeddable":true,"href":"https:\/\/socialwatch.bj\/index.php?rest_route=%2Fwp%2Fv2%2Fcategories&post=4047"},{"taxonomy":"post_tag","embeddable":true,"href":"https:\/\/socialwatch.bj\/index.php?rest_route=%2Fwp%2Fv2%2Ftags&post=4047"}],"curies":[{"name":"wp","href":"https:\/\/api.w.org\/{rel}","templated":true}]}}