{"id":4056,"date":"2024-06-18T17:59:37","date_gmt":"2024-06-18T15:59:37","guid":{"rendered":"https:\/\/socialwatch.bj\/?p=4056"},"modified":"2024-06-18T18:31:05","modified_gmt":"2024-06-18T16:31:05","slug":"affinement-des-donnees-du-fadec-fic-memp-2023","status":"publish","type":"post","link":"https:\/\/socialwatch.bj\/?p=4056","title":{"rendered":"Affinement des donn\u00e9es du FADeC\/FIC MEMP 2023"},"content":{"rendered":"<p>Invit\u00e9 par le Minist\u00e8re des Enseignements Maternel et Primaire (MEMP), Social Watch B\u00e9nin participe depuis ce mardi 18 juin 2023 \u00e0 la deuxi\u00e8me \u00e9dition de l\u2019atelier d\u2019affinement des donn\u00e9es du Fonds d\u2019Appui au D\u00e9veloppement des Communes (FADeC)\/Fonds d\u2019Investissement Communal (FIC) au titre de l\u2019ann\u00e9e 2023.<\/p>\n<p>Objectifs de l\u2019atelier : faire le point des r\u00e9alisations du FADeC\/FIC afin de disposer d\u2019un document de cartographie du FADeC\/FIC transf\u00e9r\u00e9 en 2023.<\/p>\n<p>A l\u2019ouverture de l\u2019atelier, Monsieur Raliou ARINLOYE, Directeur adjoint du Cabinet du Minist\u00e8re des Enseignements Maternel et Primaire a soulign\u00e9 le contexte dans lequel s\u2019organise la rencontre de Bohicon qui s\u2019inscrit dans la dynamique de rem\u00e9dier au reproche fait par l\u2019IGM et la Cour des comptes au d\u00e9partement minist\u00e9riel par rapport aux transferts de ressources op\u00e9r\u00e9s chaque ann\u00e9e en direction des communes et dont le point de r\u00e9alisation et de r\u00e9ception des infrastructures est absent dans les Rapports Annuels de Performance.<\/p>\n<p>Au regard donc de ce qui pr\u00e9c\u00e8de, il a invit\u00e9 la soci\u00e9t\u00e9 civile \u00e0 contribuer \u00e0 la perfection de la collecte des donn\u00e9es avec son regard critique et exhort\u00e9 les participants \u00e0 jouer pleinement leur partition afin que le Rapport Annuel de Performance 2023 du MEMP soit pr\u00eat pour \u00eatre transmis au Minist\u00e8re de l\u2019Economie et des Finances avant le 30 juin 2024.<\/p>\n<p>Quant-\u00e0 Monsieur Alfred DEGUENONVO, Conseiller Technique au dialogue Etat-OSC du Champ d\u2019action \u00ab Transparence et Redevabilit\u00e9 \u00bb de projet ReFORME de la GIZ, il s\u2019est r\u00e9joui de la volont\u00e9 du MEMP d\u2019\u00eatre aussi transparent que possible et de faire de la Redevabilit\u00e9 une constante pr\u00e9occupation.<\/p>\n<p>Soulignons que, pour conduire les travaux de l\u2019atelier jusqu\u2019au vendredi prochain, Social Watch B\u00e9nin a \u00e9t\u00e9 retenu par les participants pour assurer la vice-pr\u00e9sidence du pr\u00e9sidium de l\u2019atelier.<\/p>\n","protected":false},"excerpt":{"rendered":"<p>Invit\u00e9 par le Minist\u00e8re des Enseignements Maternel et Primaire (MEMP), Social Watch B\u00e9nin participe depuis ce mardi 18 juin 2023 \u00e0 la deuxi\u00e8me \u00e9dition de l\u2019atelier d\u2019affinement des donn\u00e9es du Fonds d\u2019Appui au D\u00e9veloppement des Communes (FADeC)\/Fonds d\u2019Investissement Communal (FIC) au titre de l\u2019ann\u00e9e 2023. Objectifs de l\u2019atelier : faire le point des r\u00e9alisations du [&hellip;]<\/p>\n","protected":false},"author":1,"featured_media":4057,"comment_status":"open","ping_status":"open","sticky":false,"template":"","format":"standard","meta":{"amp_status":"","footnotes":""},"categories":[34,72],"tags":[275,377,376,73],"class_list":{"0":"post-4056","1":"post","2":"type-post","3":"status-publish","4":"format-standard","5":"has-post-thumbnail","7":"category-activites","8":"category-suivi-budgetaire","9":"tag-fadec","10":"tag-fonds-dinvestissement-communal","11":"tag-ministere-des-enseignements-maternel-et-primaire-memp","12":"tag-suivi-budgetaire"},"jetpack_featured_media_url":"https:\/\/socialwatch.bj\/wp-content\/uploads\/2024\/06\/WhatsApp-Image-2024-06-18-at-3.47.32-PM.jpeg","_links":{"self":[{"href":"https:\/\/socialwatch.bj\/index.php?rest_route=\/wp\/v2\/posts\/4056","targetHints":{"allow":["GET"]}}],"collection":[{"href":"https:\/\/socialwatch.bj\/index.php?rest_route=\/wp\/v2\/posts"}],"about":[{"href":"https:\/\/socialwatch.bj\/index.php?rest_route=\/wp\/v2\/types\/post"}],"author":[{"embeddable":true,"href":"https:\/\/socialwatch.bj\/index.php?rest_route=\/wp\/v2\/users\/1"}],"replies":[{"embeddable":true,"href":"https:\/\/socialwatch.bj\/index.php?rest_route=%2Fwp%2Fv2%2Fcomments&post=4056"}],"version-history":[{"count":6,"href":"https:\/\/socialwatch.bj\/index.php?rest_route=\/wp\/v2\/posts\/4056\/revisions"}],"predecessor-version":[{"id":4063,"href":"https:\/\/socialwatch.bj\/index.php?rest_route=\/wp\/v2\/posts\/4056\/revisions\/4063"}],"wp:featuredmedia":[{"embeddable":true,"href":"https:\/\/socialwatch.bj\/index.php?rest_route=\/wp\/v2\/media\/4057"}],"wp:attachment":[{"href":"https:\/\/socialwatch.bj\/index.php?rest_route=%2Fwp%2Fv2%2Fmedia&parent=4056"}],"wp:term":[{"taxonomy":"category","embeddable":true,"href":"https:\/\/socialwatch.bj\/index.php?rest_route=%2Fwp%2Fv2%2Fcategories&post=4056"},{"taxonomy":"post_tag","embeddable":true,"href":"https:\/\/socialwatch.bj\/index.php?rest_route=%2Fwp%2Fv2%2Ftags&post=4056"}],"curies":[{"name":"wp","href":"https:\/\/api.w.org\/{rel}","templated":true}]}}