{"id":4182,"date":"2024-10-14T13:35:30","date_gmt":"2024-10-14T11:35:30","guid":{"rendered":"https:\/\/socialwatch.bj\/?p=4182"},"modified":"2024-10-15T13:36:42","modified_gmt":"2024-10-15T11:36:42","slug":"promotion-du-leadership-feminin-dans-la-vaccination-au-benin","status":"publish","type":"post","link":"https:\/\/socialwatch.bj\/?p=4182","title":{"rendered":"Promotion du leadership f\u00e9minin dans la vaccination au B\u00e9nin"},"content":{"rendered":"<p>Ils sont au total 28 agents enqu\u00eateurs dont 15 de sexe f\u00e9minin que Social Watch B\u00e9nin forme gr\u00e2ce \u00e0 l\u2019appui financier de l\u2019Alliance GAVI en vue de les d\u00e9ployer sur le terrain pour la collecte de donn\u00e9es probantes devant l\u2019aider \u00e0 mieux affiner deux approches d\u2019intervention en mati\u00e8re de promotion du leadership f\u00e9minin dans la vaccination au B\u00e9nin.<\/p>\n<p>Parmi eux, neuf ont, pour leur exp\u00e9rience av\u00e9r\u00e9e, la mission de proc\u00e9der journali\u00e8rement au contr\u00f4le des donn\u00e9es recueillies par les autres. D\u00e9marr\u00e9e depuis le jeudi 10 octobre 2024 en ligne, la formation dirig\u00e9e par l\u2019\u00e9quipe projet compos\u00e9e de Ludovic GUEDEGBE, Chef Projet ; Hubert GNACADJA, charg\u00e9 du suivi-\u00e9valuation et Sylvie ACCROMBESSI, Comptable, se poursuit en pr\u00e9sentiel ce jour 14 octobre 2024 dans les locaux de Social Watch B\u00e9nin sous la houlette de l\u2019Expert-Recherche, Pac\u00f4me ACOTCHEOU et l\u2019Experte Leadership f\u00e9minin, Huguette HOUNTONDJI DEHOUE. Elle prend fin demain mardi 15 octobre 2024.<\/p>\n<p>Au terme de cette formation, ils seront d\u00e9ploy\u00e9s dans toutes les communes des d\u00e9partements du Borgou, des Collines et du Plateau, territoires d\u2019intervention du projet.<\/p>\n","protected":false},"excerpt":{"rendered":"<p>Ils sont au total 28 agents enqu\u00eateurs dont 15 de sexe f\u00e9minin que Social Watch B\u00e9nin forme gr\u00e2ce \u00e0 l\u2019appui financier de l\u2019Alliance GAVI en vue de les d\u00e9ployer sur le terrain pour la collecte de donn\u00e9es probantes devant l\u2019aider \u00e0 mieux affiner deux approches d\u2019intervention en mati\u00e8re de promotion du leadership f\u00e9minin dans la [&hellip;]<\/p>\n","protected":false},"author":1,"featured_media":4184,"comment_status":"open","ping_status":"open","sticky":false,"template":"","format":"standard","meta":{"amp_status":"","footnotes":""},"categories":[34,344],"tags":[393,392,345,346],"class_list":{"0":"post-4182","1":"post","2":"type-post","3":"status-publish","4":"format-standard","5":"has-post-thumbnail","7":"category-activites","8":"category-leadership-feminin-dans-la-vaccination-au-benin","9":"tag-alliance-gavi","10":"tag-gavi","11":"tag-leadership-feminin","12":"tag-vaccination"},"jetpack_featured_media_url":"https:\/\/socialwatch.bj\/wp-content\/uploads\/2024\/10\/WhatsApp-Image-2024-10-14-at-4.20.54-PM.jpeg","_links":{"self":[{"href":"https:\/\/socialwatch.bj\/index.php?rest_route=\/wp\/v2\/posts\/4182","targetHints":{"allow":["GET"]}}],"collection":[{"href":"https:\/\/socialwatch.bj\/index.php?rest_route=\/wp\/v2\/posts"}],"about":[{"href":"https:\/\/socialwatch.bj\/index.php?rest_route=\/wp\/v2\/types\/post"}],"author":[{"embeddable":true,"href":"https:\/\/socialwatch.bj\/index.php?rest_route=\/wp\/v2\/users\/1"}],"replies":[{"embeddable":true,"href":"https:\/\/socialwatch.bj\/index.php?rest_route=%2Fwp%2Fv2%2Fcomments&post=4182"}],"version-history":[{"count":2,"href":"https:\/\/socialwatch.bj\/index.php?rest_route=\/wp\/v2\/posts\/4182\/revisions"}],"predecessor-version":[{"id":4186,"href":"https:\/\/socialwatch.bj\/index.php?rest_route=\/wp\/v2\/posts\/4182\/revisions\/4186"}],"wp:featuredmedia":[{"embeddable":true,"href":"https:\/\/socialwatch.bj\/index.php?rest_route=\/wp\/v2\/media\/4184"}],"wp:attachment":[{"href":"https:\/\/socialwatch.bj\/index.php?rest_route=%2Fwp%2Fv2%2Fmedia&parent=4182"}],"wp:term":[{"taxonomy":"category","embeddable":true,"href":"https:\/\/socialwatch.bj\/index.php?rest_route=%2Fwp%2Fv2%2Fcategories&post=4182"},{"taxonomy":"post_tag","embeddable":true,"href":"https:\/\/socialwatch.bj\/index.php?rest_route=%2Fwp%2Fv2%2Ftags&post=4182"}],"curies":[{"name":"wp","href":"https:\/\/api.w.org\/{rel}","templated":true}]}}