{"id":4221,"date":"2025-01-10T15:57:06","date_gmt":"2025-01-10T14:57:06","guid":{"rendered":"https:\/\/socialwatch.bj\/?p=4221"},"modified":"2025-01-10T21:30:46","modified_gmt":"2025-01-10T20:30:46","slug":"message-du-reseau-social-watch-benin-suite-a-lattaque-terroriste-meurtriere-de-la-position-du-point-triple-dans-la-commune-banikoara","status":"publish","type":"post","link":"https:\/\/socialwatch.bj\/?p=4221","title":{"rendered":"Message du R\u00e9seau Social Watch B\u00e9nin, suite \u00e0 l\u2019attaque terroriste meurtri\u00e8re  de la position du Point Triple dans la commune Banikoara"},"content":{"rendered":"<p>Le R\u00e9seau Social Watch B\u00e9nin exprime sa profonde tristesse et sa solidarit\u00e9 \u00e0 la suite de l&#8217;attaque tragique survenue le 8 janvier 2025, pr\u00e8s de la fronti\u00e8re avec le Niger et le Burkina Faso, ayant co\u00fbt\u00e9 la vie \u00e0 plusieurs de nos vaillants soldats.<\/p>\n<p><strong>\u00a0<\/strong><strong>Condol\u00e9ances et soutien :<\/strong><\/p>\n<p>Nous adressons nos sinc\u00e8res condol\u00e9ances aux familles endeuill\u00e9es et exprimons notre soutien ind\u00e9fectible aux forces de d\u00e9fense et de s\u00e9curit\u00e9 en cette p\u00e9riode douloureuse. Votre sacrifice pour la protection de notre nation ne sera jamais oubli\u00e9.<\/p>\n<p><strong>\u00a0<\/strong><strong>Appel aux autorit\u00e9s gouvernementales :<\/strong><\/p>\n<p>Nous exhortons les autorit\u00e9s b\u00e9ninoises \u00e0 renforcer les moyens mat\u00e9riels mis \u00e0 la disposition de nos forces arm\u00e9es et \u00e0 augmenter significativement leurs effectifs. Par ailleurs, nous encourageons une coop\u00e9ration renforc\u00e9e avec les pays voisins, pour une strat\u00e9gie concert\u00e9e et efficace face aux menaces transfrontali\u00e8res.<\/p>\n<p><strong>\u00a0<\/strong><strong>Invitation \u00e0 la vigilance citoyenne :<\/strong><\/p>\n<p>Nous appelons les populations \u00e0 redoubler de vigilance et \u00e0 collaborer activement avec les forces de s\u00e9curit\u00e9 en signalant tout acte ou comportement suspect. La protection de notre nation est une responsabilit\u00e9 collective, et chaque citoyen a un r\u00f4le \u00e0 jouer.<\/p>\n<p>Ensemble, faisons face \u00e0 ces d\u00e9fis avec d\u00e9termination pour pr\u00e9server la paix et la s\u00e9curit\u00e9 au B\u00e9nin.<\/p>\n","protected":false},"excerpt":{"rendered":"<p>Le R\u00e9seau Social Watch B\u00e9nin exprime sa profonde tristesse et sa solidarit\u00e9 \u00e0 la suite de l&#8217;attaque tragique survenue le 8 janvier 2025, pr\u00e8s de la fronti\u00e8re avec le Niger et le Burkina Faso, ayant co\u00fbt\u00e9 la vie \u00e0 plusieurs de nos vaillants soldats. \u00a0Condol\u00e9ances et soutien : Nous adressons nos sinc\u00e8res condol\u00e9ances aux familles [&hellip;]<\/p>\n","protected":false},"author":1,"featured_media":4225,"comment_status":"open","ping_status":"open","sticky":false,"template":"","format":"standard","meta":{"amp_status":"","footnotes":""},"categories":[34],"tags":[299,312,398],"class_list":{"0":"post-4221","1":"post","2":"type-post","3":"status-publish","4":"format-standard","5":"has-post-thumbnail","7":"category-activites","8":"tag-benin","9":"tag-paix","10":"tag-terrorisme"},"jetpack_featured_media_url":"https:\/\/socialwatch.bj\/wp-content\/uploads\/2025\/01\/WhatsApp-Image-2025-01-10-at-5.29.28-PM.jpeg","_links":{"self":[{"href":"https:\/\/socialwatch.bj\/index.php?rest_route=\/wp\/v2\/posts\/4221","targetHints":{"allow":["GET"]}}],"collection":[{"href":"https:\/\/socialwatch.bj\/index.php?rest_route=\/wp\/v2\/posts"}],"about":[{"href":"https:\/\/socialwatch.bj\/index.php?rest_route=\/wp\/v2\/types\/post"}],"author":[{"embeddable":true,"href":"https:\/\/socialwatch.bj\/index.php?rest_route=\/wp\/v2\/users\/1"}],"replies":[{"embeddable":true,"href":"https:\/\/socialwatch.bj\/index.php?rest_route=%2Fwp%2Fv2%2Fcomments&post=4221"}],"version-history":[{"count":4,"href":"https:\/\/socialwatch.bj\/index.php?rest_route=\/wp\/v2\/posts\/4221\/revisions"}],"predecessor-version":[{"id":4227,"href":"https:\/\/socialwatch.bj\/index.php?rest_route=\/wp\/v2\/posts\/4221\/revisions\/4227"}],"wp:featuredmedia":[{"embeddable":true,"href":"https:\/\/socialwatch.bj\/index.php?rest_route=\/wp\/v2\/media\/4225"}],"wp:attachment":[{"href":"https:\/\/socialwatch.bj\/index.php?rest_route=%2Fwp%2Fv2%2Fmedia&parent=4221"}],"wp:term":[{"taxonomy":"category","embeddable":true,"href":"https:\/\/socialwatch.bj\/index.php?rest_route=%2Fwp%2Fv2%2Fcategories&post=4221"},{"taxonomy":"post_tag","embeddable":true,"href":"https:\/\/socialwatch.bj\/index.php?rest_route=%2Fwp%2Fv2%2Ftags&post=4221"}],"curies":[{"name":"wp","href":"https:\/\/api.w.org\/{rel}","templated":true}]}}