{"id":4254,"date":"2025-03-18T12:27:02","date_gmt":"2025-03-18T11:27:02","guid":{"rendered":"https:\/\/socialwatch.bj\/?p=4254"},"modified":"2025-03-18T12:27:02","modified_gmt":"2025-03-18T11:27:02","slug":"message-du-president-du-conseil-dadministration-pour-la-celebration-des-20-ans-de-social-watch-benin","status":"publish","type":"post","link":"https:\/\/socialwatch.bj\/?p=4254","title":{"rendered":"MESSAGE DU PR\u00c9SIDENT DU CONSEIL D\u2019ADMINISTRATION POUR LA CELEBRATION DES 20 ANS DE SOCIAL WATCH BENIN"},"content":{"rendered":"<p>Chers membres, partenaires et amis de Social Watch B\u00e9nin,<\/p>\n<p>C\u2019est avec une immense fiert\u00e9 et une profonde gratitude que nous c\u00e9l\u00e9brons ce <strong>18 mars 2025<\/strong>, les 20 ans de Social Watch B\u00e9nin. Deux d\u00e9cennies d\u2019engagement in\u00e9branlable en faveur de la transparence, de la redevabilit\u00e9 et de la participation citoyenne dans la gouvernance de notre pays.<\/p>\n<p>Depuis sa cr\u00e9ation en mars 2005, Social Watch B\u00e9nin s\u2019est impos\u00e9 comme un acteur cl\u00e9 du contr\u00f4le citoyen de l\u2019action publique. Gr\u00e2ce \u00e0 la d\u00e9termination de nos membres, au soutien ind\u00e9fectible de nos partenaires et \u00e0 la confiance des citoyens, nous avons pu influencer les politiques publiques, renforcer les capacit\u00e9s des acteurs de la soci\u00e9t\u00e9 civile et contribuer \u00e0 l\u2019am\u00e9lioration de la gouvernance d\u00e9mocratique, \u00e9conomique, sociale et, de l\u2019\u00e9quit\u00e9 du genre au B\u00e9nin.<\/p>\n<p>Ces 20 ann\u00e9es ont \u00e9t\u00e9 marqu\u00e9es par des d\u00e9fis, mais aussi par des avanc\u00e9es significatives. Nous avons initi\u00e9 des r\u00e9formes, men\u00e9 des plaidoyers audacieux et cr\u00e9\u00e9 des passerelles entre les citoyens et les d\u00e9cideurs. Nos actions ont permis d\u2019instaurer une gouvernance plus inclusive et plus \u00e9quitable, au b\u00e9n\u00e9fice de tous.<\/p>\n<p>\u00c0 l\u2019aube de cette nouvelle \u00e9tape, nous r\u00e9affirmons notre engagement \u00e0 poursuivre notre mission avec encore plus de d\u00e9termination. Les d\u00e9fis restent nombreux, mais avec votre soutien et notre engagement collectif, nous continuerons \u00e0 \u0153uvrer pour un B\u00e9nin o\u00f9 la transparence et la redevabilit\u00e9 demeurent des piliers du d\u00e9veloppement.<\/p>\n<p>Je tiens \u00e9galement \u00e0 saluer la m\u00e9moire de celles et ceux qui, ayant chemin\u00e9 avec nous, nous ont malheureusement quitt\u00e9s. Leur engagement et leurs contributions restent grav\u00e9s dans l\u2019histoire de Social Watch B\u00e9nin, et nous continuerons \u00e0 honorer leur m\u00e9moire \u00e0 travers nos actions.<\/p>\n<p>Aussi, je tiens \u00e0 exprimer ma profonde reconnaissance \u00e0 toutes celles et ceux qui ont contribu\u00e9 \u00e0 cette belle aventure : les membres fondateurs et les anciens pr\u00e9sident.e.s qui ont marqu\u00e9 l\u2019histoire de Social Watch B\u00e9nin, notamment <strong>Madame Huguette AKPLOGAN DOSSA<\/strong>, <strong>Monsieur Gustave ASSAH<\/strong>, <strong>Madame Blanche SONON<\/strong>, ainsi que nos partenaires techniques et financiers, les autorit\u00e9s \u00e0 divers niveaux, la soci\u00e9t\u00e9 civile et, surtout, les citoyens b\u00e9ninois, qui nous inspirent et nous motivent chaque jour.<\/p>\n<p>Ensemble, construisons l\u2019avenir avec audace et espoir.<\/p>\n<p>Vive Social Watch B\u00e9nin ! Vive la gouvernance participative et citoyenne !<\/p>\n<p>&nbsp;<\/p>\n<p style=\"text-align: center;\"><strong><em>Rigobert OROU GANNI<br \/>\n<\/em><\/strong><strong><em>Pr\u00e9sident du Conseil d\u2019Administration<br \/>\n<\/em><\/strong><strong><em>Social Watch B\u00e9nin<\/em><\/strong><\/p>\n","protected":false},"excerpt":{"rendered":"<p>Chers membres, partenaires et amis de Social Watch B\u00e9nin, C\u2019est avec une immense fiert\u00e9 et une profonde gratitude que nous c\u00e9l\u00e9brons ce 18 mars 2025, les 20 ans de Social Watch B\u00e9nin. Deux d\u00e9cennies d\u2019engagement in\u00e9branlable en faveur de la transparence, de la redevabilit\u00e9 et de la participation citoyenne dans la gouvernance de notre pays. [&hellip;]<\/p>\n","protected":false},"author":1,"featured_media":4255,"comment_status":"open","ping_status":"open","sticky":false,"template":"","format":"standard","meta":{"amp_status":"","footnotes":""},"categories":[34],"tags":[353,40],"class_list":{"0":"post-4254","1":"post","2":"type-post","3":"status-publish","4":"format-standard","5":"has-post-thumbnail","7":"category-activites","8":"tag-swb","9":"tag-social-watch-benin"},"jetpack_featured_media_url":"https:\/\/socialwatch.bj\/wp-content\/uploads\/2025\/03\/WhatsApp-Image-2025-03-18-at-11.36.04-AM.jpeg","_links":{"self":[{"href":"https:\/\/socialwatch.bj\/index.php?rest_route=\/wp\/v2\/posts\/4254","targetHints":{"allow":["GET"]}}],"collection":[{"href":"https:\/\/socialwatch.bj\/index.php?rest_route=\/wp\/v2\/posts"}],"about":[{"href":"https:\/\/socialwatch.bj\/index.php?rest_route=\/wp\/v2\/types\/post"}],"author":[{"embeddable":true,"href":"https:\/\/socialwatch.bj\/index.php?rest_route=\/wp\/v2\/users\/1"}],"replies":[{"embeddable":true,"href":"https:\/\/socialwatch.bj\/index.php?rest_route=%2Fwp%2Fv2%2Fcomments&post=4254"}],"version-history":[{"count":1,"href":"https:\/\/socialwatch.bj\/index.php?rest_route=\/wp\/v2\/posts\/4254\/revisions"}],"predecessor-version":[{"id":4256,"href":"https:\/\/socialwatch.bj\/index.php?rest_route=\/wp\/v2\/posts\/4254\/revisions\/4256"}],"wp:featuredmedia":[{"embeddable":true,"href":"https:\/\/socialwatch.bj\/index.php?rest_route=\/wp\/v2\/media\/4255"}],"wp:attachment":[{"href":"https:\/\/socialwatch.bj\/index.php?rest_route=%2Fwp%2Fv2%2Fmedia&parent=4254"}],"wp:term":[{"taxonomy":"category","embeddable":true,"href":"https:\/\/socialwatch.bj\/index.php?rest_route=%2Fwp%2Fv2%2Fcategories&post=4254"},{"taxonomy":"post_tag","embeddable":true,"href":"https:\/\/socialwatch.bj\/index.php?rest_route=%2Fwp%2Fv2%2Ftags&post=4254"}],"curies":[{"name":"wp","href":"https:\/\/api.w.org\/{rel}","templated":true}]}}