{"id":4262,"date":"2025-03-19T10:27:14","date_gmt":"2025-03-19T09:27:14","guid":{"rendered":"https:\/\/socialwatch.bj\/?p=4262"},"modified":"2025-03-19T10:27:14","modified_gmt":"2025-03-19T09:27:14","slug":"20ans-du-reseau-social-watch-benin-la-premiere-coordonnatrice-huguette-akplogan-dossa-en-parle","status":"publish","type":"post","link":"https:\/\/socialwatch.bj\/?p=4262","title":{"rendered":"#20ans du r\u00e9seau Social Watch B\u00e9nin, la premi\u00e8re coordonnatrice Huguette AKPLOGAN DOSSA en parle"},"content":{"rendered":"<p>Nous c\u00e9l\u00e9brons aujourd&#8217;hui les 20 ans de Social Watch au B\u00e9nin, une aventure extraordinaire que nous avons b\u00e2tie ensemble. Ce chemin de deux d\u00e9cennies a \u00e9t\u00e9 jalonn\u00e9 de d\u00e9fis, d&#8217;innovations et surtout de victoires pour la justice sociale, la transparence et la bonne gouvernance dans notre pays.<\/p>\n<p>Pour moi, c&#8217;est un nouveau d\u00e9part, une invitation \u00e0 r\u00eaver encore plus grand, \u00e0 agir encore plus fort. Continuons \u00e0 \u0153uvrer pour des soci\u00e9t\u00e9s plus \u00e9quitables, o\u00f9 la justice et l&#8217;\u00e9galit\u00e9 ne sont pas seulement des id\u00e9aux, mais des r\u00e9alit\u00e9s v\u00e9cues.<\/p>\n<p>Merci \u00e0 vous tous et toutes, et longue vie \u00e0 Social Watch B\u00e9nin !<\/p>\n","protected":false},"excerpt":{"rendered":"<p>Nous c\u00e9l\u00e9brons aujourd&#8217;hui les 20 ans de Social Watch au B\u00e9nin, une aventure extraordinaire que nous avons b\u00e2tie ensemble. Ce chemin de deux d\u00e9cennies a \u00e9t\u00e9 jalonn\u00e9 de d\u00e9fis, d&#8217;innovations et surtout de victoires pour la justice sociale, la transparence et la bonne gouvernance dans notre pays. Pour moi, c&#8217;est un nouveau d\u00e9part, une invitation [&hellip;]<\/p>\n","protected":false},"author":1,"featured_media":4261,"comment_status":"open","ping_status":"open","sticky":false,"template":"","format":"standard","meta":{"amp_status":"","footnotes":""},"categories":[34],"tags":[402,403],"class_list":{"0":"post-4262","1":"post","2":"type-post","3":"status-publish","4":"format-standard","5":"has-post-thumbnail","7":"category-activites","8":"tag-20ans","9":"tag-huguette-akplogan-dossa"},"jetpack_featured_media_url":"https:\/\/socialwatch.bj\/wp-content\/uploads\/2025\/03\/WhatsApp-Image-2025-03-19-at-10.07.05-AM.jpeg","_links":{"self":[{"href":"https:\/\/socialwatch.bj\/index.php?rest_route=\/wp\/v2\/posts\/4262","targetHints":{"allow":["GET"]}}],"collection":[{"href":"https:\/\/socialwatch.bj\/index.php?rest_route=\/wp\/v2\/posts"}],"about":[{"href":"https:\/\/socialwatch.bj\/index.php?rest_route=\/wp\/v2\/types\/post"}],"author":[{"embeddable":true,"href":"https:\/\/socialwatch.bj\/index.php?rest_route=\/wp\/v2\/users\/1"}],"replies":[{"embeddable":true,"href":"https:\/\/socialwatch.bj\/index.php?rest_route=%2Fwp%2Fv2%2Fcomments&post=4262"}],"version-history":[{"count":1,"href":"https:\/\/socialwatch.bj\/index.php?rest_route=\/wp\/v2\/posts\/4262\/revisions"}],"predecessor-version":[{"id":4263,"href":"https:\/\/socialwatch.bj\/index.php?rest_route=\/wp\/v2\/posts\/4262\/revisions\/4263"}],"wp:featuredmedia":[{"embeddable":true,"href":"https:\/\/socialwatch.bj\/index.php?rest_route=\/wp\/v2\/media\/4261"}],"wp:attachment":[{"href":"https:\/\/socialwatch.bj\/index.php?rest_route=%2Fwp%2Fv2%2Fmedia&parent=4262"}],"wp:term":[{"taxonomy":"category","embeddable":true,"href":"https:\/\/socialwatch.bj\/index.php?rest_route=%2Fwp%2Fv2%2Fcategories&post=4262"},{"taxonomy":"post_tag","embeddable":true,"href":"https:\/\/socialwatch.bj\/index.php?rest_route=%2Fwp%2Fv2%2Ftags&post=4262"}],"curies":[{"name":"wp","href":"https:\/\/api.w.org\/{rel}","templated":true}]}}