{"id":4267,"date":"2025-03-20T09:10:13","date_gmt":"2025-03-20T08:10:13","guid":{"rendered":"https:\/\/socialwatch.bj\/?p=4267"},"modified":"2025-03-20T09:13:25","modified_gmt":"2025-03-20T08:13:25","slug":"20ans-du-reseau-social-watch-benin-le-president-2011-2017-gustave-assah-en-parle","status":"publish","type":"post","link":"https:\/\/socialwatch.bj\/?p=4267","title":{"rendered":"#20ans du r\u00e9seau Social Watch B\u00e9nin, le Pr\u00e9sident (2011-2017), Gustave ASSAH en parle."},"content":{"rendered":"<p>Deux d\u00e9cennies d\u2019engagement, de plaidoyers et d\u2019actions concr\u00e8tes pour renforcer la transparence et la redevabilit\u00e9 au B\u00e9nin.<br \/>\nMerci \u00e0 tous ceux et toutes celles qui ont contribu\u00e9 \u00e0 cette belle aventure, notamment l\u2019\u00c9tat b\u00e9ninois, les Partenaires Techniques et Financiers ainsi que les populations.<br \/>\nContinuons \u00e0 b\u00e2tir un avenir o\u00f9 chaque citoyen a son mot \u00e0 dire.<\/p>\n<p style=\"text-align: center;\"><strong>Gustave ASSAH<\/strong>,<br \/>\n<em>Pr\u00e9sident du r\u00e9seau Social Watch B\u00e9nin (2011-2017)<\/em><\/p>\n","protected":false},"excerpt":{"rendered":"<p>Deux d\u00e9cennies d\u2019engagement, de plaidoyers et d\u2019actions concr\u00e8tes pour renforcer la transparence et la redevabilit\u00e9 au B\u00e9nin. Merci \u00e0 tous ceux et toutes celles qui ont contribu\u00e9 \u00e0 cette belle aventure, notamment l\u2019\u00c9tat b\u00e9ninois, les Partenaires Techniques et Financiers ainsi que les populations. Continuons \u00e0 b\u00e2tir un avenir o\u00f9 chaque citoyen a son mot \u00e0 [&hellip;]<\/p>\n","protected":false},"author":1,"featured_media":4268,"comment_status":"open","ping_status":"open","sticky":false,"template":"","format":"standard","meta":{"amp_status":"","footnotes":""},"categories":[34],"tags":[405,300,404,406],"class_list":{"0":"post-4267","1":"post","2":"type-post","3":"status-publish","4":"format-standard","5":"has-post-thumbnail","7":"category-activites","8":"tag-civicengagement","9":"tag-waxeho","10":"tag-gustave-assah","11":"tag-societe-civile-au-benin"},"jetpack_featured_media_url":"https:\/\/socialwatch.bj\/wp-content\/uploads\/2025\/03\/WhatsApp-Image-2025-03-20-at-9.09.14-AM.jpeg","_links":{"self":[{"href":"https:\/\/socialwatch.bj\/index.php?rest_route=\/wp\/v2\/posts\/4267","targetHints":{"allow":["GET"]}}],"collection":[{"href":"https:\/\/socialwatch.bj\/index.php?rest_route=\/wp\/v2\/posts"}],"about":[{"href":"https:\/\/socialwatch.bj\/index.php?rest_route=\/wp\/v2\/types\/post"}],"author":[{"embeddable":true,"href":"https:\/\/socialwatch.bj\/index.php?rest_route=\/wp\/v2\/users\/1"}],"replies":[{"embeddable":true,"href":"https:\/\/socialwatch.bj\/index.php?rest_route=%2Fwp%2Fv2%2Fcomments&post=4267"}],"version-history":[{"count":3,"href":"https:\/\/socialwatch.bj\/index.php?rest_route=\/wp\/v2\/posts\/4267\/revisions"}],"predecessor-version":[{"id":4271,"href":"https:\/\/socialwatch.bj\/index.php?rest_route=\/wp\/v2\/posts\/4267\/revisions\/4271"}],"wp:featuredmedia":[{"embeddable":true,"href":"https:\/\/socialwatch.bj\/index.php?rest_route=\/wp\/v2\/media\/4268"}],"wp:attachment":[{"href":"https:\/\/socialwatch.bj\/index.php?rest_route=%2Fwp%2Fv2%2Fmedia&parent=4267"}],"wp:term":[{"taxonomy":"category","embeddable":true,"href":"https:\/\/socialwatch.bj\/index.php?rest_route=%2Fwp%2Fv2%2Fcategories&post=4267"},{"taxonomy":"post_tag","embeddable":true,"href":"https:\/\/socialwatch.bj\/index.php?rest_route=%2Fwp%2Fv2%2Ftags&post=4267"}],"curies":[{"name":"wp","href":"https:\/\/api.w.org\/{rel}","templated":true}]}}