{"id":4316,"date":"2025-05-28T18:38:51","date_gmt":"2025-05-28T16:38:51","guid":{"rendered":"https:\/\/socialwatch.bj\/?p=4316"},"modified":"2025-06-23T14:30:15","modified_gmt":"2025-06-23T12:30:15","slug":"social-watch-benin-engage-pour-une-fiscalite-plus-juste-et-equitable-au-prisme-du-genre","status":"publish","type":"post","link":"https:\/\/socialwatch.bj\/?p=4316","title":{"rendered":"Social Watch B\u00e9nin engag\u00e9 pour une fiscalit\u00e9 plus juste et \u00e9quitable au prisme du genre"},"content":{"rendered":"<p><strong>Dakar, 28 mai 2025<\/strong> \u2013 Durant trois jours, du 26 au 28 mai, une \u00e9quipe technique de Social Watch B\u00e9nin a pris part \u00e0 un important s\u00e9minaire de formation sous-r\u00e9gional tenu au Novotel de Dakar, centr\u00e9 sur la justice fiscale et l\u2019\u00e9galit\u00e9 de genre. L\u2019\u00e9v\u00e9nement, coorganis\u00e9 par Oxfam novib, Expertise France et la Tax Justice Network Africa (TJNA), a r\u00e9uni des organisations de la soci\u00e9t\u00e9 civile (OSC) d\u2019Afrique de l\u2019Ouest et du Centre pour un renforcement de capacit\u00e9s autour de la m\u00e9thodologie <em>Fair Tax Monitor (FTM)<\/em>, avec un accent particulier sur l\u2019approche genre.<\/p>\n<p>Le s\u00e9minaire s\u2019est ouvert le lundi 26 mai par une c\u00e9r\u00e9monie inaugurale marqu\u00e9e par les interventions de haut niveau des repr\u00e9sentants de l\u2019ITIE S\u00e9n\u00e9gal, d\u2019Oxfam et du projet GET (Gender Equality in Taxation) d\u2019Expertise France.<\/p>\n<p>La premi\u00e8re partie a \u00e9t\u00e9 consacr\u00e9e \u00e0 l\u2019analyse des intersections entre fiscalit\u00e9 et in\u00e9galit\u00e9s de genre, abordant notamment les biais implicites et explicites dans les syst\u00e8mes fiscaux, ainsi que les effets diff\u00e9renci\u00e9s de la fiscalit\u00e9 sur les femmes et les hommes.<\/p>\n<p>Le second volet de la formation a port\u00e9 sur l\u2019apprentissage de la m\u00e9thodologie <em>Gender Fair Tax Monitor<\/em> (Gender FTM), d\u00e9velopp\u00e9e pour \u00e9valuer les syst\u00e8mes fiscaux nationaux selon des crit\u00e8res de justice sociale et d\u2019\u00e9quit\u00e9 de genre. Oxfam et TJNA ont partag\u00e9 leurs exp\u00e9riences et les enseignements tir\u00e9s des cas de l\u2019Ouganda et de la Zambie, o\u00f9 cette approche a d\u00e9j\u00e0 \u00e9t\u00e9 test\u00e9e. Cette seconde partie a permis de passer en revue les outils m\u00e9thodologiques, de discuter des d\u00e9fis li\u00e9s \u00e0 l\u2019acc\u00e8s aux donn\u00e9es fiscales et de d\u00e9finir les plans d\u2019action nationaux, d\u2019esquisser des strat\u00e9gies de plaidoyer et de diffusion afin de mieux porter les messages en faveur d\u2019une fiscalit\u00e9 \u00e9quitable.<\/p>\n<p>Ce s\u00e9minaire marque un tournant pour les OSC engag\u00e9es dans la justice fiscale, en leur permettant d\u2019articuler leurs actions autour d\u2019un cadre rigoureux et sensible aux in\u00e9galit\u00e9s structurelles. Pour Social Watch B\u00e9nin, cette initiative renforce son engagement \u00e0 contribuer \u00e0 un syst\u00e8me fiscal b\u00e9ninois plus transparent, plus \u00e9quitable et v\u00e9ritablement inclusif.<\/p>\n<p><em>\u00ab Cette formation nous a dot\u00e9s d\u2019outils m\u00e9thodologiques solides. Nous sommes d\u00e9sormais mieux arm\u00e9s pour analyser les in\u00e9galit\u00e9s et plaider en faveur d\u2019une fiscalit\u00e9 \u00e9quitable au B\u00e9nin \u00bb<\/em>, a soulign\u00e9 le Secr\u00e9taire Ex\u00e9cutif de Social Watch B\u00e9nin, M. Jean-Pierre DEGUE.<\/p>\n<p><strong>Social Watch B\u00e9nin en premi\u00e8re ligne<\/strong><\/p>\n<p>Dans le cadre des projets FTM et GET, Social Watch B\u00e9nin conduira une recherche nationale sur genre dans la fiscalit\u00e9 b\u00e9ninoise. Cette \u00e9tude, bas\u00e9e sur la m\u00e9thodologie de FTM, vise \u00e0 identifier les disparit\u00e9s et \u00e0 proposer des solutions concr\u00e8tes pour une r\u00e9forme fiscale inclusive. Les travaux de recherche se baseront sur une grille d\u2019analyse standardis\u00e9e, des \u00e9tudes de cas, ainsi que des r\u00e9cits humains illustrant concr\u00e8tement les in\u00e9galit\u00e9s.<\/p>\n<p><em>\u00ab\u202fCe travail consistera \u00e0 \u00e9valuer dans quelle mesure le syst\u00e8me fiscal b\u00e9ninois est juste, \u00e9quitable, transparent, et s\u2019il prend r\u00e9ellement en compte les impacts diff\u00e9renci\u00e9s sur les femmes et les hommes\u202f\u00bb<\/em>, a expliqu\u00e9 la Cheffe Service des Programmes, de l\u2019Analyse des Politiques publiques et du Plaidoyer de Social Watch B\u00e9nin, Mme Pamela AGBOZO.<\/p>\n<p>Les travaux se poursuivront avec l\u2019\u00e9laboration de rapports pays, des strat\u00e9gies de plaidoyer et une collaboration renforc\u00e9e entre les OSC et les administrations fiscales.<\/p>\n<p>Ce s\u00e9minaire a connu la participation du Directeur de la Cellule du Suivi des R\u00e9formes de la Direction G\u00e9n\u00e9rale des Imp\u00f4ts (DGI) du B\u00e9nin, Dr Damas HOUNSOUNON.<\/p>\n","protected":false},"excerpt":{"rendered":"<p>Dakar, 28 mai 2025 \u2013 Durant trois jours, du 26 au 28 mai, une \u00e9quipe technique de Social Watch B\u00e9nin a pris part \u00e0 un important s\u00e9minaire de formation sous-r\u00e9gional tenu au Novotel de Dakar, centr\u00e9 sur la justice fiscale et l\u2019\u00e9galit\u00e9 de genre. L\u2019\u00e9v\u00e9nement, coorganis\u00e9 par Oxfam novib, Expertise France et la Tax Justice [&hellip;]<\/p>\n","protected":false},"author":1,"featured_media":4317,"comment_status":"open","ping_status":"open","sticky":false,"template":"","format":"standard","meta":{"amp_status":"","footnotes":""},"categories":[1],"tags":[414,413,412,415],"class_list":{"0":"post-4316","1":"post","2":"type-post","3":"status-publish","4":"format-standard","5":"has-post-thumbnail","7":"category-social-watch-benin","8":"tag-ftm","9":"tag-genreetfiscalite","10":"tag-justicefiscale","11":"tag-swbenin"},"jetpack_featured_media_url":"https:\/\/socialwatch.bj\/wp-content\/uploads\/2025\/05\/WhatsApp-Image-2025-05-28-at-5.37.37-PM.jpeg","_links":{"self":[{"href":"https:\/\/socialwatch.bj\/index.php?rest_route=\/wp\/v2\/posts\/4316","targetHints":{"allow":["GET"]}}],"collection":[{"href":"https:\/\/socialwatch.bj\/index.php?rest_route=\/wp\/v2\/posts"}],"about":[{"href":"https:\/\/socialwatch.bj\/index.php?rest_route=\/wp\/v2\/types\/post"}],"author":[{"embeddable":true,"href":"https:\/\/socialwatch.bj\/index.php?rest_route=\/wp\/v2\/users\/1"}],"replies":[{"embeddable":true,"href":"https:\/\/socialwatch.bj\/index.php?rest_route=%2Fwp%2Fv2%2Fcomments&post=4316"}],"version-history":[{"count":1,"href":"https:\/\/socialwatch.bj\/index.php?rest_route=\/wp\/v2\/posts\/4316\/revisions"}],"predecessor-version":[{"id":4318,"href":"https:\/\/socialwatch.bj\/index.php?rest_route=\/wp\/v2\/posts\/4316\/revisions\/4318"}],"wp:featuredmedia":[{"embeddable":true,"href":"https:\/\/socialwatch.bj\/index.php?rest_route=\/wp\/v2\/media\/4317"}],"wp:attachment":[{"href":"https:\/\/socialwatch.bj\/index.php?rest_route=%2Fwp%2Fv2%2Fmedia&parent=4316"}],"wp:term":[{"taxonomy":"category","embeddable":true,"href":"https:\/\/socialwatch.bj\/index.php?rest_route=%2Fwp%2Fv2%2Fcategories&post=4316"},{"taxonomy":"post_tag","embeddable":true,"href":"https:\/\/socialwatch.bj\/index.php?rest_route=%2Fwp%2Fv2%2Ftags&post=4316"}],"curies":[{"name":"wp","href":"https:\/\/api.w.org\/{rel}","templated":true}]}}